{"id":48420,"date":"2025-12-10T13:45:13","date_gmt":"2025-12-10T16:45:13","guid":{"rendered":"https:\/\/newsinfoco.com.br\/inicio\/?p=48420"},"modified":"2025-12-10T13:45:13","modified_gmt":"2025-12-10T16:45:13","slug":"seminario-marca-o-lancamento-do-programa-mais-gestao-na-bahia","status":"publish","type":"post","link":"https:\/\/newsinfoco.com.br\/inicio\/seminario-marca-o-lancamento-do-programa-mais-gestao-na-bahia\/","title":{"rendered":"Semin\u00e1rio marca o lan\u00e7amento do programa Mais Gest\u00e3o na Bahia"},"content":{"rendered":"<p>O semin\u00e1rio de lan\u00e7amento do programa Mais Gest\u00e3o Bahia reuniu, nesta quarta-feira (10), representantes de institui\u00e7\u00f5es de ensino, organiza\u00e7\u00f5es da agricultura familiar e autoridades do Minist\u00e9rio do Desenvolvimento Agr\u00e1rio e Agricultura Familiar (MDA). A iniciativa tem como objetivo fortalecer empreendimentos produtivos da agricultura familiar por meio da qualifica\u00e7\u00e3o da gest\u00e3o e da amplia\u00e7\u00e3o do acesso a mercados.<\/p>\n<p>O projeto estadual se articula com pol\u00edticas p\u00fablicas j\u00e1 existentes e amplia a atua\u00e7\u00e3o junto a organiza\u00e7\u00f5es da agricultura familiar compostas exclusivamente por Povos e Comunidades Tradicionais (PCTs).<\/p><div class=\"newsi-conteudo_19\" id=\"newsi-741786670\"><a href=\"https:\/\/www.instagram.com\/prefeituraalagoinhas?igsh=YzgzdDJ1bWR3aWI4\" aria-label=\"SAVE_20251006_221555\"><img loading=\"lazy\" decoding=\"async\" src=\"https:\/\/newsinfoco.com.br\/inicio\/wp-content\/uploads\/2025\/10\/SAVE_20251006_221555-rotated.jpg\" alt=\"\"  srcset=\"https:\/\/newsinfoco.com.br\/inicio\/wp-content\/uploads\/2025\/10\/SAVE_20251006_221555-rotated.jpg 1140w, https:\/\/newsinfoco.com.br\/inicio\/wp-content\/uploads\/2025\/10\/SAVE_20251006_221555-300x52.jpg 300w, https:\/\/newsinfoco.com.br\/inicio\/wp-content\/uploads\/2025\/10\/SAVE_20251006_221555-1024x177.jpg 1024w, https:\/\/newsinfoco.com.br\/inicio\/wp-content\/uploads\/2025\/10\/SAVE_20251006_221555-768x133.jpg 768w, https:\/\/newsinfoco.com.br\/inicio\/wp-content\/uploads\/2025\/10\/SAVE_20251006_221555-600x104.jpg 600w, https:\/\/newsinfoco.com.br\/inicio\/wp-content\/uploads\/2025\/10\/SAVE_20251006_221555-696x120.jpg 696w, https:\/\/newsinfoco.com.br\/inicio\/wp-content\/uploads\/2025\/10\/SAVE_20251006_221555-1068x185.jpg 1068w\" sizes=\"(max-width: 1140px) 100vw, 1140px\" width=\"1140\" height=\"197\"   \/><\/a><\/div>\n<p>O evento aconteceu dentro da programa\u00e7\u00e3o da 16\u00aa Feira Baiana da Agricultura Familiar e Economia Solid\u00e1ria (Febafes), no Col\u00e9gio Estadual Professor R\u00f4mulo Almeida, em Salvador. Na Bahia, o programa \u00e9 executado pela Universidade Federal do Rec\u00f4ncavo da Bahia (UFRB), sob coordena\u00e7\u00e3o da primeira-dama do Estado e presidente das Volunt\u00e1rias Sociais da Bahia (VSBA), professora Tatiana Velloso, e conta com uma rede acad\u00eamica formada por Universidade Federal da Bahia (Ufba), Universidade Federal do Oeste da Bahia (Ufob), Universidade Federal do Sul da Bahia (UFSB), Instituto Federal da Bahia (Ifba), Universidade do Estado da Bahia (UNEB), Universidade Federal de Sergipe (UFS) e Universidade Estadual de Feira de Santana (Uefs) .<\/p>\n<p>O investimento previsto para a execu\u00e7\u00e3o do Mais Gest\u00e3o Bahia \u00e9 de R$ 2 milh\u00f5es, a serem aplicados ao longo de 15 meses. \u201cEstamos trazendo a quest\u00e3o do rural para uma posi\u00e7\u00e3o central, reconhecendo sua import\u00e2ncia, n\u00e3o apenas econ\u00f4mica, mas tamb\u00e9m social e cultural, a partir da representa\u00e7\u00e3o dos segmentos dos povos e comunidades tradicionais. Quero ainda destacar a felicidade de estarmos lan\u00e7ando o Mais Gest\u00e3o Bahia dentro da 16\u00aa edi\u00e7\u00e3o Febafes. \u00c9 uma feira que n\u00e3o \u00e9 apenas um espa\u00e7o de comercializa\u00e7\u00e3o, mas tamb\u00e9m de muitos conhecimentos, saberes e, principalmente, articula\u00e7\u00f5es\u201d, disse a professora Tatiana.<\/p>\n<p>Ao todo, 40 organiza\u00e7\u00f5es foram selecionadas por meio de Manifesta\u00e7\u00e3o de Interesse. Elas est\u00e3o distribu\u00eddas em dez Territ\u00f3rios de Identidade \u2014 Chapada Diamantina; Litoral Norte\/Agreste Baiano; Litoral Sul; Metropolitana de Salvador; Piemonte da Diamantina; Piemonte Norte do Itapicuru; Portal do Sert\u00e3o; Rec\u00f4ncavo; Sert\u00e3o do S\u00e3o Francisco; e Velho Chico \u2014 e incluem comunidades quilombolas, povos origin\u00e1rios, povos de terreiros, fundos e fechos de pasto e extrativistas.<\/p>\n<p>Programa\u00e7\u00e3o<\/p>\n<div>\n<div>\n<div class=\"trv-player-container\">\n<div class=\"trv-wrapper\">\n<div id=\"br_video_player_188d568ae85bc9ede342ea147751da9dc3c659f9\" class=\"trvd_video_player trvdinstream\">\n<div class=\"media-player\">\n<div class=\"trv-video\">\n<div id=\"truvid_ima_container49278\" class=\"truvid_ima_container\">\n<div>\n<div>\n<div class=\"conteudo_post\">\n<p>A programa\u00e7\u00e3o do evento incluiu, nesta manh\u00e3, uma apresenta\u00e7\u00e3o do programa nacional Mais Gest\u00e3o\/Coopera Mais Brasil. J\u00e1 no per\u00edodo da tarde, haver\u00e1 exposi\u00e7\u00e3o detalhada do Projeto Mais Gest\u00e3o Bahia. Um dos destaques ser\u00e1 a assinatura de um Protocolo de Coopera\u00e7\u00e3o entre as Institui\u00e7\u00f5es de Ensino Superior participantes.<\/p>\n<p>De acordo com o secret\u00e1rio de Desenvolvimento Rural, Osni Cardoso, \u201cJ\u00e1 faz algum tempo que incentivamos o aumento da produ\u00e7\u00e3o, ampliamos o per\u00edodo produtivo e melhoramos a produtividade das \u00e1reas. Mas, o processo de agroindustrializa\u00e7\u00e3o \u2014 que \u00e9 uma grande novidade para a Bahia \u2014 exige mais. Estamos chegando a quase 600 agroind\u00fastrias, e precisamos de pessoas treinadas e qualificadas para tocar essas unidades, desde o processo produtivo at\u00e9 a comercializa\u00e7\u00e3o\u201d.<\/p>\n<\/div>\n<div id=\"div-share\">Bahia.Ba<\/div>\n<\/div>\n<\/div>\n<\/div>\n<\/div>\n<\/div>\n<\/div>\n<\/div>\n<\/div>\n<\/div>\n<\/div>\n<div class='share-to-whatsapp-wrapper'><div class='share-on-whsp'>Share on: <\/div><a data-text='Semin\u00e1rio marca o lan\u00e7amento do programa Mais Gest\u00e3o na Bahia' data-link='https:\/\/newsinfoco.com.br\/inicio\/seminario-marca-o-lancamento-do-programa-mais-gestao-na-bahia\/' class='whatsapp-button whatsapp-share'>WhatsApp<\/a><div class='clear '><\/div><\/div>","protected":false},"excerpt":{"rendered":"<p>O semin\u00e1rio de lan\u00e7amento do programa Mais Gest\u00e3o Bahia reuniu, nesta quarta-feira (10), representantes de institui\u00e7\u00f5es de ensino, organiza\u00e7\u00f5es da agricultura familiar e autoridades do Minist\u00e9rio do Desenvolvimento Agr\u00e1rio e Agricultura Familiar (MDA). A iniciativa tem como objetivo fortalecer empreendimentos produtivos da agricultura familiar por meio da qualifica\u00e7\u00e3o da gest\u00e3o e da amplia\u00e7\u00e3o do acesso [&hellip;]<\/p>\n","protected":false},"author":1,"featured_media":48421,"comment_status":"closed","ping_status":"closed","sticky":false,"template":"","format":"standard","meta":{"om_disable_all_campaigns":false,"_exactmetrics_skip_tracking":false,"_exactmetrics_sitenote_active":false,"_exactmetrics_sitenote_note":"","_exactmetrics_sitenote_category":0,"footnotes":""},"categories":[19],"tags":[],"class_list":["post-48420","post","type-post","status-publish","format-standard","has-post-thumbnail","hentry","category-bahia"],"aioseo_notices":[],"_links":{"self":[{"href":"https:\/\/newsinfoco.com.br\/inicio\/wp-json\/wp\/v2\/posts\/48420","targetHints":{"allow":["GET"]}}],"collection":[{"href":"https:\/\/newsinfoco.com.br\/inicio\/wp-json\/wp\/v2\/posts"}],"about":[{"href":"https:\/\/newsinfoco.com.br\/inicio\/wp-json\/wp\/v2\/types\/post"}],"author":[{"embeddable":true,"href":"https:\/\/newsinfoco.com.br\/inicio\/wp-json\/wp\/v2\/users\/1"}],"replies":[{"embeddable":true,"href":"https:\/\/newsinfoco.com.br\/inicio\/wp-json\/wp\/v2\/comments?post=48420"}],"version-history":[{"count":1,"href":"https:\/\/newsinfoco.com.br\/inicio\/wp-json\/wp\/v2\/posts\/48420\/revisions"}],"predecessor-version":[{"id":48422,"href":"https:\/\/newsinfoco.com.br\/inicio\/wp-json\/wp\/v2\/posts\/48420\/revisions\/48422"}],"wp:featuredmedia":[{"embeddable":true,"href":"https:\/\/newsinfoco.com.br\/inicio\/wp-json\/wp\/v2\/media\/48421"}],"wp:attachment":[{"href":"https:\/\/newsinfoco.com.br\/inicio\/wp-json\/wp\/v2\/media?parent=48420"}],"wp:term":[{"taxonomy":"category","embeddable":true,"href":"https:\/\/newsinfoco.com.br\/inicio\/wp-json\/wp\/v2\/categories?post=48420"},{"taxonomy":"post_tag","embeddable":true,"href":"https:\/\/newsinfoco.com.br\/inicio\/wp-json\/wp\/v2\/tags?post=48420"}],"curies":[{"name":"wp","href":"https:\/\/api.w.org\/{rel}","templated":true}]}}