{"id":48430,"date":"2025-12-10T14:17:30","date_gmt":"2025-12-10T17:17:30","guid":{"rendered":"https:\/\/newsinfoco.com.br\/inicio\/?p=48430"},"modified":"2025-12-10T14:17:30","modified_gmt":"2025-12-10T17:17:30","slug":"governo-confirma-novo-valor-do-salario-minimo-para-2026-confira","status":"publish","type":"post","link":"https:\/\/newsinfoco.com.br\/inicio\/governo-confirma-novo-valor-do-salario-minimo-para-2026-confira\/","title":{"rendered":"Governo confirma novo valor do sal\u00e1rio m\u00ednimo para 2026; confira"},"content":{"rendered":"<p>O Minist\u00e9rio do Planejamento e Or\u00e7amento confirmou nesta quarta-feira (10) que o sal\u00e1rio m\u00ednimo ser\u00e1 reajustado dos atuais R$ 1.518 para R$ 1.621, um aumento de R$ 103, um reajuste de 6,79%. As informa\u00e7\u00f5es s\u00e3o do portal Ag\u00eancia Brasil.<\/p>\n<p>O valor foi confirmado ap\u00f3s a divulga\u00e7\u00e3o do \u00cdndice Nacional de Pre\u00e7os ao Consumidor (INPC), utilizado no c\u00e1lculo do reajuste anual do sal\u00e1rio m\u00ednimo. O indicador registrou 0,03% em outubro e acumula 4,18% em 12 meses.<\/p><div class=\"newsi-conteudo_19\" id=\"newsi-3401153001\"><a href=\"https:\/\/www.instagram.com\/prefeituraalagoinhas?igsh=YzgzdDJ1bWR3aWI4\" aria-label=\"SAVE_20251006_221555\"><img loading=\"lazy\" decoding=\"async\" src=\"https:\/\/newsinfoco.com.br\/inicio\/wp-content\/uploads\/2025\/10\/SAVE_20251006_221555-rotated.jpg\" alt=\"\"  srcset=\"https:\/\/newsinfoco.com.br\/inicio\/wp-content\/uploads\/2025\/10\/SAVE_20251006_221555-rotated.jpg 1140w, https:\/\/newsinfoco.com.br\/inicio\/wp-content\/uploads\/2025\/10\/SAVE_20251006_221555-300x52.jpg 300w, https:\/\/newsinfoco.com.br\/inicio\/wp-content\/uploads\/2025\/10\/SAVE_20251006_221555-1024x177.jpg 1024w, https:\/\/newsinfoco.com.br\/inicio\/wp-content\/uploads\/2025\/10\/SAVE_20251006_221555-768x133.jpg 768w, https:\/\/newsinfoco.com.br\/inicio\/wp-content\/uploads\/2025\/10\/SAVE_20251006_221555-600x104.jpg 600w, https:\/\/newsinfoco.com.br\/inicio\/wp-content\/uploads\/2025\/10\/SAVE_20251006_221555-696x120.jpg 696w, https:\/\/newsinfoco.com.br\/inicio\/wp-content\/uploads\/2025\/10\/SAVE_20251006_221555-1068x185.jpg 1068w\" sizes=\"(max-width: 1140px) 100vw, 1140px\" width=\"1140\" height=\"197\"   \/><\/a><\/div>\n<p>O reajuste do sal\u00e1rio m\u00ednimo ser\u00e1 aplicado a partir de janeiro de 2026, com efeito no sal\u00e1rio que o trabalhador recebe em fevereiro.<\/p>\n<p><strong>Entenda<\/strong><\/p>\n<p>A regra do reajuste do sal\u00e1rio m\u00ednimo determina que o valor tenha duas corre\u00e7\u00f5es: uma pelo INPC de 12 meses acumulado at\u00e9 novembro do ano anterior, ou seja, 4,18%, e outra pelo crescimento da economia de 2 anos.<\/p>\n<p>No dia 4, o Instituto Brasileiro de Geografia e Estat\u00edstica (IBGE) revisou os dados do Produto Interno Bruto (PIB, soma dos bens e servi\u00e7os produzidos no pa\u00eds) de 2024, confirmando expans\u00e3o em 3,4%.<\/p>\n<p>No entanto, o arcabou\u00e7o fiscal, mecanismo que controla a evolu\u00e7\u00e3o dos gastos p\u00fablicos, determina que o ganho acima da infla\u00e7\u00e3o seja limitado a um intervalo de 0,6% a 2,5%. Pela regra, o sal\u00e1rio m\u00ednimo de 2026 seria R$ 1.620,99 e, com o arredondamento previsto em lei, passa para R$ 1.621, reajuste de 6,79%.<\/p>\n<div>\n<div>\n<div class=\"trv-player-container\">\n<div class=\"trv-wrapper\">\n<div id=\"br_video_player_f56fca9d25bdb909b12aea147751da9dc3c659f9\" class=\"trvd_video_player trvdinstream\">\n<div class=\"media-player\">\n<div class=\"trv-video\">\n<div id=\"truvid_ima_container14667\" class=\"truvid_ima_container trv-ima-container-hidden\">\n<div class=\"conteudo_post\">\n<p><strong>Revis\u00e3o<\/strong><\/p>\n<p>Os resultados dos \u00edndices far\u00e3o o governo revisar c\u00e1lculos para as contas p\u00fablicas no ano que vem, j\u00e1 que o Projeto de Lei de Diretrizes Or\u00e7ament\u00e1rias de 2026, aprovado pelo Congresso Nacional, estimava o sal\u00e1rio m\u00ednimo em R$ 1.627, um reajuste de 7,18%.<\/p>\n<\/div>\n<div id=\"div-share\">Bahia.Ba<\/div>\n<\/div>\n<\/div>\n<\/div>\n<\/div>\n<\/div>\n<\/div>\n<\/div>\n<\/div>\n<div class='share-to-whatsapp-wrapper'><div class='share-on-whsp'>Share on: <\/div><a data-text='Governo confirma novo valor do sal\u00e1rio m\u00ednimo para 2026; confira' data-link='https:\/\/newsinfoco.com.br\/inicio\/governo-confirma-novo-valor-do-salario-minimo-para-2026-confira\/' class='whatsapp-button whatsapp-share'>WhatsApp<\/a><div class='clear '><\/div><\/div>","protected":false},"excerpt":{"rendered":"<p>O Minist\u00e9rio do Planejamento e Or\u00e7amento confirmou nesta quarta-feira (10) que o sal\u00e1rio m\u00ednimo ser\u00e1 reajustado dos atuais R$ 1.518 para R$ 1.621, um aumento de R$ 103, um reajuste de 6,79%. As informa\u00e7\u00f5es s\u00e3o do portal Ag\u00eancia Brasil. O valor foi confirmado ap\u00f3s a divulga\u00e7\u00e3o do \u00cdndice Nacional de Pre\u00e7os ao Consumidor (INPC), utilizado [&hellip;]<\/p>\n","protected":false},"author":1,"featured_media":48431,"comment_status":"closed","ping_status":"closed","sticky":false,"template":"","format":"standard","meta":{"om_disable_all_campaigns":false,"_exactmetrics_skip_tracking":false,"_exactmetrics_sitenote_active":false,"_exactmetrics_sitenote_note":"","_exactmetrics_sitenote_category":0,"footnotes":""},"categories":[21],"tags":[],"class_list":["post-48430","post","type-post","status-publish","format-standard","has-post-thumbnail","hentry","category-brasil"],"aioseo_notices":[],"_links":{"self":[{"href":"https:\/\/newsinfoco.com.br\/inicio\/wp-json\/wp\/v2\/posts\/48430","targetHints":{"allow":["GET"]}}],"collection":[{"href":"https:\/\/newsinfoco.com.br\/inicio\/wp-json\/wp\/v2\/posts"}],"about":[{"href":"https:\/\/newsinfoco.com.br\/inicio\/wp-json\/wp\/v2\/types\/post"}],"author":[{"embeddable":true,"href":"https:\/\/newsinfoco.com.br\/inicio\/wp-json\/wp\/v2\/users\/1"}],"replies":[{"embeddable":true,"href":"https:\/\/newsinfoco.com.br\/inicio\/wp-json\/wp\/v2\/comments?post=48430"}],"version-history":[{"count":1,"href":"https:\/\/newsinfoco.com.br\/inicio\/wp-json\/wp\/v2\/posts\/48430\/revisions"}],"predecessor-version":[{"id":48432,"href":"https:\/\/newsinfoco.com.br\/inicio\/wp-json\/wp\/v2\/posts\/48430\/revisions\/48432"}],"wp:featuredmedia":[{"embeddable":true,"href":"https:\/\/newsinfoco.com.br\/inicio\/wp-json\/wp\/v2\/media\/48431"}],"wp:attachment":[{"href":"https:\/\/newsinfoco.com.br\/inicio\/wp-json\/wp\/v2\/media?parent=48430"}],"wp:term":[{"taxonomy":"category","embeddable":true,"href":"https:\/\/newsinfoco.com.br\/inicio\/wp-json\/wp\/v2\/categories?post=48430"},{"taxonomy":"post_tag","embeddable":true,"href":"https:\/\/newsinfoco.com.br\/inicio\/wp-json\/wp\/v2\/tags?post=48430"}],"curies":[{"name":"wp","href":"https:\/\/api.w.org\/{rel}","templated":true}]}}