{"id":48433,"date":"2025-12-10T14:26:12","date_gmt":"2025-12-10T17:26:12","guid":{"rendered":"https:\/\/newsinfoco.com.br\/inicio\/?p=48433"},"modified":"2025-12-10T14:26:12","modified_gmt":"2025-12-10T17:26:12","slug":"capacitacao-orienta-profissionais-sobre-condicionalidades-do-bolsa-familia-em-alagoinhas","status":"publish","type":"post","link":"https:\/\/newsinfoco.com.br\/inicio\/capacitacao-orienta-profissionais-sobre-condicionalidades-do-bolsa-familia-em-alagoinhas\/","title":{"rendered":"Capacita\u00e7\u00e3o orienta profissionais sobre condicionalidades do Bolsa Fam\u00edlia em Alagoinhas"},"content":{"rendered":"<p>A Prefeitura de Alagoinhas, por meio da Comiss\u00e3o Intersetorial de Condicionalidades do Programa Bolsa Fam\u00edlia, realizou, nesta ter\u00e7a-feira, 10 de dezembro, no Audit\u00f3rio da Pastoral do Menor, uma capacita\u00e7\u00e3o voltada aos operadores do Sistema Presen\u00e7a, diretores escolares e conselheiros tutelares. O encontro contou com a palestra do analista social Josu\u00e9 Nunes, al\u00e9m de gestores de escolas, professores e t\u00e9cnicos ligados ao processo de acompanhamento dos benef\u00edcios sociais no munic\u00edpio.<\/p>\n<p>A Comiss\u00e3o Intersetorial, composta por representantes das secretarias de Educa\u00e7\u00e3o, Sa\u00fade e Desenvolvimento Social, organizou mais uma etapa de aperfei\u00e7oamento, com foco nas quest\u00f5es ligadas ao acompanhamento dentro das escolas. A forma\u00e7\u00e3o abordou as principais funcionalidades e a operacionaliza\u00e7\u00e3o do sistema, incluindo os detalhes da frequ\u00eancia escolar dos estudantes beneficiados pelo programa.<\/p><div class=\"newsi-conteudo_19\" id=\"newsi-1030262541\"><a href=\"https:\/\/www.instagram.com\/prefeituraalagoinhas?igsh=YzgzdDJ1bWR3aWI4\" aria-label=\"SAVE_20251006_221555\"><img loading=\"lazy\" decoding=\"async\" src=\"https:\/\/newsinfoco.com.br\/inicio\/wp-content\/uploads\/2025\/10\/SAVE_20251006_221555-rotated.jpg\" alt=\"\"  srcset=\"https:\/\/newsinfoco.com.br\/inicio\/wp-content\/uploads\/2025\/10\/SAVE_20251006_221555-rotated.jpg 1140w, https:\/\/newsinfoco.com.br\/inicio\/wp-content\/uploads\/2025\/10\/SAVE_20251006_221555-300x52.jpg 300w, https:\/\/newsinfoco.com.br\/inicio\/wp-content\/uploads\/2025\/10\/SAVE_20251006_221555-1024x177.jpg 1024w, https:\/\/newsinfoco.com.br\/inicio\/wp-content\/uploads\/2025\/10\/SAVE_20251006_221555-768x133.jpg 768w, https:\/\/newsinfoco.com.br\/inicio\/wp-content\/uploads\/2025\/10\/SAVE_20251006_221555-600x104.jpg 600w, https:\/\/newsinfoco.com.br\/inicio\/wp-content\/uploads\/2025\/10\/SAVE_20251006_221555-696x120.jpg 696w, https:\/\/newsinfoco.com.br\/inicio\/wp-content\/uploads\/2025\/10\/SAVE_20251006_221555-1068x185.jpg 1068w\" sizes=\"(max-width: 1140px) 100vw, 1140px\" width=\"1140\" height=\"197\"   \/><\/a><\/div>\n<p>\u201cO tema da palestra foi \u2018Bolsa Fam\u00edlia: a quest\u00e3o do descumprimento da condicionalidade da educa\u00e7\u00e3o\u2019, onde tratamos sobre as frequ\u00eancias escolares, orientando gestores e professores. O que tivemos aqui foi um treinamento voltado aos profissionais da educa\u00e7\u00e3o. Sozinho, o programa n\u00e3o vai a lugar algum. Aqui temos esse trip\u00e9 da Educa\u00e7\u00e3o, Sa\u00fade e Desenvolvimento Social atuando juntos, pois, para se acessar o benef\u00edcio, o usu\u00e1rio precisa cumprir as diretrizes do Governo Federal. Se a pessoa descumpre, isso acaba efetivando na perda ou no bloqueio do benef\u00edcio\u201d, explicou a gerente do Cadastro \u00danico de Alagoinhas, Indiara Bittencourt, que atua dentro da Secretaria Municipal de Desenvolvimento Social (Sedes).<\/p>\n<p>Segundo a gerente de Apoio e Ensino Pedag\u00f3gico da Secretaria Municipal de Educa\u00e7\u00e3o (Seduc), Rynna Cr\u00edcia Menezes, o treinamento abrangeu tanto os profissionais do munic\u00edpio quanto do estado que atuam nas escolas, por meio do preenchimento do Sistema Presen\u00e7a. \u201cEssa a\u00e7\u00e3o \u00e9 de extrema import\u00e2ncia para construirmos uma base s\u00f3lida para que, no pr\u00f3ximo ano, n\u00e3o tenhamos mais condicionalidades sendo descumpridas. Aqui temos um treinamento refor\u00e7ando aquela quest\u00e3o do preenchimento fidedigno do sistema\u201d, disse Rynna, que exemplificou como a atua\u00e7\u00e3o da Comiss\u00e3o Intersetorial de Condicionalidades do Programa Bolsa Fam\u00edlia j\u00e1 est\u00e1 alcan\u00e7ando resultados satisfat\u00f3rios em 2025.<\/p>\n<p>\u201cPor meio do Sistema Presen\u00e7a, n\u00f3s pegamos uma base de dados de 5.048 alunos n\u00e3o localizados e conseguimos baixar esse n\u00famero para 424. Isso nunca foi visto na cidade de Alagoinhas, pois conseguimos alocar esses estudantes em suas respectivas escolas. Essa mobiliza\u00e7\u00e3o continuar\u00e1 sendo feita na Seduc, onde trabalhamos em parceria com os diretores, mostrando como proceder no dia a dia, localizando alunos faltosos e aplicando o protocolo de busca ativa, agindo com rigor\u201d, completou Rynna.<\/p>\n<p>Para a gestora da Escola Quilombola M\u00e3e Ernestina, localizada no Catuzinho, M\u00e1rcia do Socorro Eug\u00eania da Silva, a a\u00e7\u00e3o de hoje funcionou como mais uma etapa no processo de forma\u00e7\u00e3o t\u00e9cnica dos profissionais da Educa\u00e7\u00e3o.<\/p>\n<p>\u201cPrecisamos ter esse maior aperfei\u00e7oamento e esclarecimento do sistema, para que possamos repassar esses dados para a sociedade. Os profissionais da Educa\u00e7\u00e3o est\u00e3o nesse contato direto com as fam\u00edlias, esclarecendo d\u00favidas sobre os benef\u00edcios, entre outros assuntos. O que estamos aprendendo aqui ser\u00e1 repassado para as fam\u00edlias, e esse contato \u00e9 a nossa prioridade, visto que somos o v\u00ednculo direto com a sociedade. Trabalhamos levando informa\u00e7\u00f5es para as pessoas, pois a Educa\u00e7\u00e3o \u00e9 um pilar na constru\u00e7\u00e3o social do Brasil\u201d, concluiu a gestora.<\/p>\n<p>&nbsp;<\/p>\n<div class='share-to-whatsapp-wrapper'><div class='share-on-whsp'>Share on: <\/div><a data-text='Capacita\u00e7\u00e3o orienta profissionais sobre condicionalidades do Bolsa Fam\u00edlia em Alagoinhas' data-link='https:\/\/newsinfoco.com.br\/inicio\/capacitacao-orienta-profissionais-sobre-condicionalidades-do-bolsa-familia-em-alagoinhas\/' class='whatsapp-button whatsapp-share'>WhatsApp<\/a><div class='clear '><\/div><\/div>","protected":false},"excerpt":{"rendered":"<p>A Prefeitura de Alagoinhas, por meio da Comiss\u00e3o Intersetorial de Condicionalidades do Programa Bolsa Fam\u00edlia, realizou, nesta ter\u00e7a-feira, 10 de dezembro, no Audit\u00f3rio da Pastoral do Menor, uma capacita\u00e7\u00e3o voltada aos operadores do Sistema Presen\u00e7a, diretores escolares e conselheiros tutelares. O encontro contou com a palestra do analista social Josu\u00e9 Nunes, al\u00e9m de gestores de [&hellip;]<\/p>\n","protected":false},"author":1,"featured_media":48434,"comment_status":"closed","ping_status":"closed","sticky":false,"template":"","format":"standard","meta":{"om_disable_all_campaigns":false,"_exactmetrics_skip_tracking":false,"_exactmetrics_sitenote_active":false,"_exactmetrics_sitenote_note":"","_exactmetrics_sitenote_category":0,"footnotes":""},"categories":[38,167],"tags":[],"class_list":["post-48433","post","type-post","status-publish","format-standard","has-post-thumbnail","hentry","category-alagoinhas-e-regiao","category-exclusivas"],"aioseo_notices":[],"_links":{"self":[{"href":"https:\/\/newsinfoco.com.br\/inicio\/wp-json\/wp\/v2\/posts\/48433","targetHints":{"allow":["GET"]}}],"collection":[{"href":"https:\/\/newsinfoco.com.br\/inicio\/wp-json\/wp\/v2\/posts"}],"about":[{"href":"https:\/\/newsinfoco.com.br\/inicio\/wp-json\/wp\/v2\/types\/post"}],"author":[{"embeddable":true,"href":"https:\/\/newsinfoco.com.br\/inicio\/wp-json\/wp\/v2\/users\/1"}],"replies":[{"embeddable":true,"href":"https:\/\/newsinfoco.com.br\/inicio\/wp-json\/wp\/v2\/comments?post=48433"}],"version-history":[{"count":1,"href":"https:\/\/newsinfoco.com.br\/inicio\/wp-json\/wp\/v2\/posts\/48433\/revisions"}],"predecessor-version":[{"id":48435,"href":"https:\/\/newsinfoco.com.br\/inicio\/wp-json\/wp\/v2\/posts\/48433\/revisions\/48435"}],"wp:featuredmedia":[{"embeddable":true,"href":"https:\/\/newsinfoco.com.br\/inicio\/wp-json\/wp\/v2\/media\/48434"}],"wp:attachment":[{"href":"https:\/\/newsinfoco.com.br\/inicio\/wp-json\/wp\/v2\/media?parent=48433"}],"wp:term":[{"taxonomy":"category","embeddable":true,"href":"https:\/\/newsinfoco.com.br\/inicio\/wp-json\/wp\/v2\/categories?post=48433"},{"taxonomy":"post_tag","embeddable":true,"href":"https:\/\/newsinfoco.com.br\/inicio\/wp-json\/wp\/v2\/tags?post=48433"}],"curies":[{"name":"wp","href":"https:\/\/api.w.org\/{rel}","templated":true}]}}