{"id":48438,"date":"2025-12-10T14:42:58","date_gmt":"2025-12-10T17:42:58","guid":{"rendered":"https:\/\/newsinfoco.com.br\/inicio\/?p=48438"},"modified":"2025-12-10T14:42:58","modified_gmt":"2025-12-10T17:42:58","slug":"alagoinhas-realiza-audiencia-publica-para-apresentar-o-plano-plurianual","status":"publish","type":"post","link":"https:\/\/newsinfoco.com.br\/inicio\/alagoinhas-realiza-audiencia-publica-para-apresentar-o-plano-plurianual\/","title":{"rendered":"Alagoinhas realiza Audi\u00eancia P\u00fablica para apresentar o Plano Plurianual"},"content":{"rendered":"<p>A Prefeitura de Alagoinhas realizou, nesta quarta-feira (10), uma audi\u00eancia p\u00fablica na plen\u00e1ria da C\u00e2mara Municipal para apresentar o projeto de lei do Plano Plurianual (PPA) 2026\u20132029. O evento \u00e9 a etapa final da elabora\u00e7\u00e3o do instrumento de planejamento, onde a gest\u00e3o municipal apresentou o documento e respondeu a questionamentos da popula\u00e7\u00e3o e dos vereadores.<\/p>\n<p>A constru\u00e7\u00e3o do PPA, que define as prioridades e metas do munic\u00edpio para os pr\u00f3ximos quatro anos, teve in\u00edcio em mar\u00e7o e se destacou pela ampla participa\u00e7\u00e3o popular. O processo incluiu diversas etapas de escuta, como a Confer\u00eancia das Cidades, a recep\u00e7\u00e3o de propostas por canais oficiais, 14 oficinas de or\u00e7amento participativo em bairros e distritos, e quatro oficinas por eixos tem\u00e1ticos.<\/p><div class=\"newsi-conteudo_19\" id=\"newsi-1446967946\"><a href=\"https:\/\/www.instagram.com\/prefeituraalagoinhas?igsh=YzgzdDJ1bWR3aWI4\" aria-label=\"SAVE_20251006_221555\"><img loading=\"lazy\" decoding=\"async\" src=\"https:\/\/newsinfoco.com.br\/inicio\/wp-content\/uploads\/2025\/10\/SAVE_20251006_221555-rotated.jpg\" alt=\"\"  srcset=\"https:\/\/newsinfoco.com.br\/inicio\/wp-content\/uploads\/2025\/10\/SAVE_20251006_221555-rotated.jpg 1140w, https:\/\/newsinfoco.com.br\/inicio\/wp-content\/uploads\/2025\/10\/SAVE_20251006_221555-300x52.jpg 300w, https:\/\/newsinfoco.com.br\/inicio\/wp-content\/uploads\/2025\/10\/SAVE_20251006_221555-1024x177.jpg 1024w, https:\/\/newsinfoco.com.br\/inicio\/wp-content\/uploads\/2025\/10\/SAVE_20251006_221555-768x133.jpg 768w, https:\/\/newsinfoco.com.br\/inicio\/wp-content\/uploads\/2025\/10\/SAVE_20251006_221555-600x104.jpg 600w, https:\/\/newsinfoco.com.br\/inicio\/wp-content\/uploads\/2025\/10\/SAVE_20251006_221555-696x120.jpg 696w, https:\/\/newsinfoco.com.br\/inicio\/wp-content\/uploads\/2025\/10\/SAVE_20251006_221555-1068x185.jpg 1068w\" sizes=\"(max-width: 1140px) 100vw, 1140px\" width=\"1140\" height=\"197\"   \/><\/a><\/div>\n<p>O secret\u00e1rio de Planejamento e Capta\u00e7\u00e3o de Recursos, Bruno Carneiro, enfatizou a import\u00e2ncia da audi\u00eancia para o processo. \u201cA audi\u00eancia representa a conclus\u00e3o de um trabalho de elabora\u00e7\u00e3o da pe\u00e7a or\u00e7ament\u00e1ria que \u00e9 o PPA. Especificamente com a participa\u00e7\u00e3o popular, j\u00e1 que durante o processo houveram v\u00e1rias formas de escuta da popula\u00e7\u00e3o que contribu\u00edram de forma direta com essa pe\u00e7a,\u201d afirmou o secret\u00e1rio. Ele ainda destacou que o PPA \u00e9 um instrumento de planejamento de m\u00e9dio prazo (04 anos), que possibilita o direcionamento das a\u00e7\u00f5es do governo com base nos recursos dispon\u00edveis e nas demandas da popula\u00e7\u00e3o.<\/p>\n<p>O secret\u00e1rio refor\u00e7ou a relev\u00e2ncia do PPA para o planejamento or\u00e7ament\u00e1rio anual. \u201cO PPA serve como base para elabora\u00e7\u00e3o das outras pe\u00e7as: a LDO e a LOA. A Lei Or\u00e7ament\u00e1ria Anual (LOA) se traduz or\u00e7amentariamente em execu\u00e7\u00e3o de pol\u00edticas p\u00fablicas, ent\u00e3o o PPA indiretamente vai ser executado anualmente nos pr\u00f3ximos quatro anos por meio das pe\u00e7as or\u00e7ament\u00e1rias anuais\u201d explicou.<\/p>\n<p>O documento, que j\u00e1 est\u00e1 em avalia\u00e7\u00e3o na C\u00e2mara de Vereadores, ser\u00e1 entregue ao presidente da Casa, Jos\u00e9 Cleto, e aguardar\u00e1 aprova\u00e7\u00e3o para, posteriormente, ser encaminhado para a san\u00e7\u00e3o do prefeito Gustavo Carmo.<\/p>\n<p>Foto: Roberto Fonseca \/ Secom \/ Alagoinhas<\/p>\n<div align=\"right\">\n<p>&nbsp;<\/p>\n<\/div>\n<div class='share-to-whatsapp-wrapper'><div class='share-on-whsp'>Share on: <\/div><a data-text='Alagoinhas realiza Audi\u00eancia P\u00fablica para apresentar o Plano Plurianual' data-link='https:\/\/newsinfoco.com.br\/inicio\/alagoinhas-realiza-audiencia-publica-para-apresentar-o-plano-plurianual\/' class='whatsapp-button whatsapp-share'>WhatsApp<\/a><div class='clear '><\/div><\/div>","protected":false},"excerpt":{"rendered":"<p>A Prefeitura de Alagoinhas realizou, nesta quarta-feira (10), uma audi\u00eancia p\u00fablica na plen\u00e1ria da C\u00e2mara Municipal para apresentar o projeto de lei do Plano Plurianual (PPA) 2026\u20132029. O evento \u00e9 a etapa final da elabora\u00e7\u00e3o do instrumento de planejamento, onde a gest\u00e3o municipal apresentou o documento e respondeu a questionamentos da popula\u00e7\u00e3o e dos vereadores. [&hellip;]<\/p>\n","protected":false},"author":1,"featured_media":48439,"comment_status":"closed","ping_status":"closed","sticky":false,"template":"","format":"standard","meta":{"om_disable_all_campaigns":false,"_exactmetrics_skip_tracking":false,"_exactmetrics_sitenote_active":false,"_exactmetrics_sitenote_note":"","_exactmetrics_sitenote_category":0,"footnotes":""},"categories":[38,167],"tags":[],"class_list":["post-48438","post","type-post","status-publish","format-standard","has-post-thumbnail","hentry","category-alagoinhas-e-regiao","category-exclusivas"],"aioseo_notices":[],"_links":{"self":[{"href":"https:\/\/newsinfoco.com.br\/inicio\/wp-json\/wp\/v2\/posts\/48438","targetHints":{"allow":["GET"]}}],"collection":[{"href":"https:\/\/newsinfoco.com.br\/inicio\/wp-json\/wp\/v2\/posts"}],"about":[{"href":"https:\/\/newsinfoco.com.br\/inicio\/wp-json\/wp\/v2\/types\/post"}],"author":[{"embeddable":true,"href":"https:\/\/newsinfoco.com.br\/inicio\/wp-json\/wp\/v2\/users\/1"}],"replies":[{"embeddable":true,"href":"https:\/\/newsinfoco.com.br\/inicio\/wp-json\/wp\/v2\/comments?post=48438"}],"version-history":[{"count":1,"href":"https:\/\/newsinfoco.com.br\/inicio\/wp-json\/wp\/v2\/posts\/48438\/revisions"}],"predecessor-version":[{"id":48440,"href":"https:\/\/newsinfoco.com.br\/inicio\/wp-json\/wp\/v2\/posts\/48438\/revisions\/48440"}],"wp:featuredmedia":[{"embeddable":true,"href":"https:\/\/newsinfoco.com.br\/inicio\/wp-json\/wp\/v2\/media\/48439"}],"wp:attachment":[{"href":"https:\/\/newsinfoco.com.br\/inicio\/wp-json\/wp\/v2\/media?parent=48438"}],"wp:term":[{"taxonomy":"category","embeddable":true,"href":"https:\/\/newsinfoco.com.br\/inicio\/wp-json\/wp\/v2\/categories?post=48438"},{"taxonomy":"post_tag","embeddable":true,"href":"https:\/\/newsinfoco.com.br\/inicio\/wp-json\/wp\/v2\/tags?post=48438"}],"curies":[{"name":"wp","href":"https:\/\/api.w.org\/{rel}","templated":true}]}}