{"id":48444,"date":"2025-12-10T16:25:03","date_gmt":"2025-12-10T19:25:03","guid":{"rendered":"https:\/\/newsinfoco.com.br\/inicio\/?p=48444"},"modified":"2025-12-10T16:25:03","modified_gmt":"2025-12-10T19:25:03","slug":"presidente-da-liga-desportiva-de-alagoinhas-agradece-apoio-da-camara-e-solicita-nova-emenda-coletiva-para-fortalecer-competicoes-de-2026","status":"publish","type":"post","link":"https:\/\/newsinfoco.com.br\/inicio\/presidente-da-liga-desportiva-de-alagoinhas-agradece-apoio-da-camara-e-solicita-nova-emenda-coletiva-para-fortalecer-competicoes-de-2026\/","title":{"rendered":"Presidente da Liga Desportiva de Alagoinhas agradece apoio da C\u00e2mara e solicita nova emenda coletiva para fortalecer competi\u00e7\u00f5es de 2026"},"content":{"rendered":"<div class=\"container\">\n<div class=\"row row-noticias\">\n<div class=\"\">\n<p>Na Tribuna Popular da sess\u00e3o realizada nesta ter\u00e7a-feira (09), o presidente da Liga Desportiva de Alagoinhas (LDA), Washington Barreto (Xaxa Barret\u00e3o) agradeceu o apoio da Casa Legislativa e refor\u00e7ou a import\u00e2ncia das emendas parlamentares destinadas \u00e0 manuten\u00e7\u00e3o e ao fortalecimento do esporte no munic\u00edpio.<\/p>\n<p>Em seu pronunciamento, Xaxa destacou, especialmente, a emenda coletiva de R$ 200 mil aprovada pelos vereadores na legislatura de2020-2024, que possibilitou a realiza\u00e7\u00e3o do Campeonato Municipal LDA e a participa\u00e7\u00e3o da Sele\u00e7\u00e3o de Alagoinhas no Campeonato Baiano Intermunicipal. Ele ressaltou que a competi\u00e7\u00e3o estava h\u00e1 quase dez anos sem ser realizada, mas que desde sua gest\u00e3o, iniciada em 2022, duas edi\u00e7\u00f5es j\u00e1 foram realizadas com grande participa\u00e7\u00e3o do p\u00fablico.<\/p><div class=\"newsi-conteudo_19\" id=\"newsi-470023214\"><a href=\"https:\/\/www.instagram.com\/prefeituraalagoinhas?igsh=YzgzdDJ1bWR3aWI4\" aria-label=\"SAVE_20251006_221555\"><img loading=\"lazy\" decoding=\"async\" src=\"https:\/\/newsinfoco.com.br\/inicio\/wp-content\/uploads\/2025\/10\/SAVE_20251006_221555-rotated.jpg\" alt=\"\"  srcset=\"https:\/\/newsinfoco.com.br\/inicio\/wp-content\/uploads\/2025\/10\/SAVE_20251006_221555-rotated.jpg 1140w, https:\/\/newsinfoco.com.br\/inicio\/wp-content\/uploads\/2025\/10\/SAVE_20251006_221555-300x52.jpg 300w, https:\/\/newsinfoco.com.br\/inicio\/wp-content\/uploads\/2025\/10\/SAVE_20251006_221555-1024x177.jpg 1024w, https:\/\/newsinfoco.com.br\/inicio\/wp-content\/uploads\/2025\/10\/SAVE_20251006_221555-768x133.jpg 768w, https:\/\/newsinfoco.com.br\/inicio\/wp-content\/uploads\/2025\/10\/SAVE_20251006_221555-600x104.jpg 600w, https:\/\/newsinfoco.com.br\/inicio\/wp-content\/uploads\/2025\/10\/SAVE_20251006_221555-696x120.jpg 696w, https:\/\/newsinfoco.com.br\/inicio\/wp-content\/uploads\/2025\/10\/SAVE_20251006_221555-1068x185.jpg 1068w\" sizes=\"(max-width: 1140px) 100vw, 1140px\" width=\"1140\" height=\"197\"   \/><\/a><\/div>\n<p>\u201cN\u00f3s retomamos uma competi\u00e7\u00e3o que estava parada h\u00e1 quase uma d\u00e9cada, e no pr\u00f3ximo dia 20 teremos a grande final com port\u00f5es abertos no Est\u00e1dio Carneir\u00e3o. \u00c9 uma conquista para a cidade, e esse resultado s\u00f3 foi poss\u00edvel gra\u00e7as ao apoio desta Casa\u201d, afirmou.<\/p>\n<p>O presidente da LDA relembrou o desempenho hist\u00f3rico da sele\u00e7\u00e3o alagoinhense no Intermunicipal deste ano, ressaltando vit\u00f3rias expressivas contra equipes tradicionais do estado.<\/p>\n<p>\u201cA nossa sele\u00e7\u00e3o, fora de casa, venceu a de Santo Amaro, vice-campe\u00e3 baiana, algo que n\u00e3o acontecia desde 1994. Com um investimento de apenas R$ 100 mil, chegamos mais longe do que sele\u00e7\u00f5es que investiram acima de um milh\u00e3o\u201d, destacou.<\/p>\n<p>Ap\u00f3s apresentar o balan\u00e7o das conquistas, Xaxa solicitou o apoio dos vereadores para garantir nova emenda coletiva destinada ao esporte em 2026.<\/p>\n<p>\u201cEu retorno a esta Casa para pedir mais uma vez o apoio de voc\u00eas. Se puderem nos ajudar com uma emenda coletiva, poderemos manter a sele\u00e7\u00e3o ativa no Intermunicipal e fortalecer ainda mais o esporte do nosso munic\u00edpio\u201d, disse.<\/p>\n<p><strong>Ades\u00e3o<\/strong><\/p>\n<p>O vereador Caio Ramos parabenizou a atua\u00e7\u00e3o de Xaxa \u00e0 frente da Liga, destacando seu comprometimento e a import\u00e2ncia da entidade para o munic\u00edpio.<\/p>\n<p>\u201cQuando se fala de esporte em Alagoinhas, \u00e9 imposs\u00edvel n\u00e3o reconhecer sua \u2018digital\u2019. Tenho certeza de que a Casa apoiar\u00e1 a sele\u00e7\u00e3o, porque desejamos v\u00ea-la campe\u00e3 novamente\u201d, afirmou. mesma linha, o vereador Noberto Alves (Beb\u00e9) elogiou o empenho da LDA e reafirmou o compromisso com o esporte amador.<\/p>\n<p>\u201cVoc\u00ea pediu por ajuda diversas vezes, e mesmo com recursos limitados conseguiu resultados extraordin\u00e1rios. Esta Casa apoia o esporte porque apoia a cidade. Tenha certeza de que continuaremos juntos\u201d, declarou.<\/p>\n<div class=\"wp-block-image\">\n<figure class=\"aligncenter size-large\"><\/figure>\n<\/div>\n<p>O vereador Luciano Almeida refor\u00e7ou a import\u00e2ncia da Liga para o fortalecimento do futebol local e reconheceu o protagonismo retomado pela entidade.<\/p>\n<p>\u201cA LDA tem um papel fundamental na valoriza\u00e7\u00e3o do esporte amador. Assim como apoiamos outras iniciativas relevantes, reafirmamos nosso compromisso com a Liga e nos colocamos \u00e0 disposi\u00e7\u00e3o para contribuir no que for necess\u00e1rio\u201d, disse.<\/p>\n<div class=\"wp-block-image\">\n<figure class=\"aligncenter size-large\"><\/figure>\n<\/div>\n<p>O presidente da C\u00e2mara, Cleto da Banana, tamb\u00e9m destacou o reconhecimento da Casa pelo trabalho desenvolvido pela LDA.<\/p>\n<p>\u201cSabemos da seriedade com que o senhor conduz a Liga. Como nos anos anteriores, esta Casa far\u00e1 o que estiver ao seu alcance para que o esporte continue trazendo alegrias para Alagoinhas\u201d, afirmou.<\/p>\n<div class=\"wp-block-image\">\n<figure class=\"aligncenter size-large\"><\/figure>\n<\/div>\n<p>Encerrando sua participa\u00e7\u00e3o, Xaxa renovou o convite para as finais das competi\u00e7\u00f5es organizadas pela Liga, que acontecer\u00e3o nos dias 20 e 21 de dezembro.<\/p>\n<p>\u201cQuero ver todos voc\u00eas presentes no Carneir\u00e3o para a final da LDA e tamb\u00e9m na final da Copa Rural, que sempre re\u00fane milhares de pessoas. \u00c9 uma festa do esporte e da nossa comunidade\u201d, concluiu.<\/p>\n<p><strong>Para assistir a sess\u00e3o na \u00edntegra, clique no link:\u00a0<\/strong><a href=\"https:\/\/www.youtube.com\/watch?v=hHYpK0pl4oI&amp;pp=0gcJCSgKAYcqIYzv\" target=\"_blank\" rel=\"noreferrer noopener\"><strong>TV C\u00e2mara Alagoinhas<\/strong><\/a><\/p>\n<p><strong>Ascom \u2013 C\u00e2mara Municipal de Alagoinhas<\/strong><\/p>\n<p><strong>Fotos \u2013 Jh\u00f4 Paz<\/strong><\/p>\n<\/div>\n<\/div>\n<\/div>\n<footer id=\"footer\" role=\"contentinfo\">\n<div class=\"container\">\n<div class=\"row\">\n<div class=\"col-md-3\"><\/div>\n<\/div>\n<\/div>\n<\/footer>\n<div class='share-to-whatsapp-wrapper'><div class='share-on-whsp'>Share on: <\/div><a data-text='Presidente da Liga Desportiva de Alagoinhas agradece apoio da C\u00e2mara e solicita nova emenda coletiva para fortalecer competi\u00e7\u00f5es de 2026' data-link='https:\/\/newsinfoco.com.br\/inicio\/presidente-da-liga-desportiva-de-alagoinhas-agradece-apoio-da-camara-e-solicita-nova-emenda-coletiva-para-fortalecer-competicoes-de-2026\/' class='whatsapp-button whatsapp-share'>WhatsApp<\/a><div class='clear '><\/div><\/div>","protected":false},"excerpt":{"rendered":"<p>Na Tribuna Popular da sess\u00e3o realizada nesta ter\u00e7a-feira (09), o presidente da Liga Desportiva de Alagoinhas (LDA), Washington Barreto (Xaxa Barret\u00e3o) agradeceu o apoio da Casa Legislativa e refor\u00e7ou a import\u00e2ncia das emendas parlamentares destinadas \u00e0 manuten\u00e7\u00e3o e ao fortalecimento do esporte no munic\u00edpio. Em seu pronunciamento, Xaxa destacou, especialmente, a emenda coletiva de R$ [&hellip;]<\/p>\n","protected":false},"author":1,"featured_media":48445,"comment_status":"closed","ping_status":"closed","sticky":false,"template":"","format":"standard","meta":{"om_disable_all_campaigns":false,"_exactmetrics_skip_tracking":false,"_exactmetrics_sitenote_active":false,"_exactmetrics_sitenote_note":"","_exactmetrics_sitenote_category":0,"footnotes":""},"categories":[38,167],"tags":[],"class_list":["post-48444","post","type-post","status-publish","format-standard","has-post-thumbnail","hentry","category-alagoinhas-e-regiao","category-exclusivas"],"aioseo_notices":[],"_links":{"self":[{"href":"https:\/\/newsinfoco.com.br\/inicio\/wp-json\/wp\/v2\/posts\/48444","targetHints":{"allow":["GET"]}}],"collection":[{"href":"https:\/\/newsinfoco.com.br\/inicio\/wp-json\/wp\/v2\/posts"}],"about":[{"href":"https:\/\/newsinfoco.com.br\/inicio\/wp-json\/wp\/v2\/types\/post"}],"author":[{"embeddable":true,"href":"https:\/\/newsinfoco.com.br\/inicio\/wp-json\/wp\/v2\/users\/1"}],"replies":[{"embeddable":true,"href":"https:\/\/newsinfoco.com.br\/inicio\/wp-json\/wp\/v2\/comments?post=48444"}],"version-history":[{"count":1,"href":"https:\/\/newsinfoco.com.br\/inicio\/wp-json\/wp\/v2\/posts\/48444\/revisions"}],"predecessor-version":[{"id":48446,"href":"https:\/\/newsinfoco.com.br\/inicio\/wp-json\/wp\/v2\/posts\/48444\/revisions\/48446"}],"wp:featuredmedia":[{"embeddable":true,"href":"https:\/\/newsinfoco.com.br\/inicio\/wp-json\/wp\/v2\/media\/48445"}],"wp:attachment":[{"href":"https:\/\/newsinfoco.com.br\/inicio\/wp-json\/wp\/v2\/media?parent=48444"}],"wp:term":[{"taxonomy":"category","embeddable":true,"href":"https:\/\/newsinfoco.com.br\/inicio\/wp-json\/wp\/v2\/categories?post=48444"},{"taxonomy":"post_tag","embeddable":true,"href":"https:\/\/newsinfoco.com.br\/inicio\/wp-json\/wp\/v2\/tags?post=48444"}],"curies":[{"name":"wp","href":"https:\/\/api.w.org\/{rel}","templated":true}]}}