{"id":48451,"date":"2025-12-10T20:04:22","date_gmt":"2025-12-10T23:04:22","guid":{"rendered":"https:\/\/newsinfoco.com.br\/inicio\/?p=48451"},"modified":"2025-12-10T20:04:22","modified_gmt":"2025-12-10T23:04:22","slug":"prefeitura-discute-plano-de-participacao-cidada-de-adolescentes-para-selo-unicef","status":"publish","type":"post","link":"https:\/\/newsinfoco.com.br\/inicio\/prefeitura-discute-plano-de-participacao-cidada-de-adolescentes-para-selo-unicef\/","title":{"rendered":"Prefeitura discute Plano de Participa\u00e7\u00e3o Cidad\u00e3 de Adolescentes para Selo Unicef"},"content":{"rendered":"<p>Representantes da Prefeitura de Alagoinhas se reuniram nesta quarta-feira, 10, com membros da Comiss\u00e3o Intersetorial do Selo Unicef. O encontro aconteceu no audit\u00f3rio da Secretaria de Desenvolvimento Rural e Meio Ambiente (SDRA), para apresentar o Plano de Participa\u00e7\u00e3o Cidad\u00e3 de Adolescentes elaborado por integrantes do N\u00facleo de Cidadania de Adolescentes (Nuca), formado por alunos da rede p\u00fablica e quilombolas, para fortalecer a participa\u00e7\u00e3o cidad\u00e3, propor a\u00e7\u00f5es estrat\u00e9gicas e orientar pr\u00e1ticas que ampliem direitos e oportunidades.<\/p>\n<p>O selo \u00e9 importante para Alagoinhas porque mobiliza toda a cidade para garantir direitos, reduzir desigualdades e ampliar oportunidades para meninas, meninos e adolescentes.<br \/>\nAo efetivar a ades\u00e3o ao Selo Unicef, Alagoinhas assumir\u00e1 a responsabilidade de desenvolver a\u00e7\u00f5es concretas, at\u00e9 2028, que impactem diretamente a vida da popula\u00e7\u00e3o mais jovem. Por meio de uma s\u00e9rie de metas e resultados que devem ser alcan\u00e7ados, o munic\u00edpio precisa cumprir as atividades previstas para este ano, em que cada etapa \u00e9 dada na garantia do fortalecimento da rede de prote\u00e7\u00e3o, consolidando pol\u00edticas intersetoriais que permitir\u00e3o avan\u00e7ar para fases futuras.<\/p><div class=\"newsi-conteudo_19\" id=\"newsi-1987420251\"><a href=\"https:\/\/www.instagram.com\/prefeituraalagoinhas?igsh=YzgzdDJ1bWR3aWI4\" aria-label=\"SAVE_20251006_221555\"><img loading=\"lazy\" decoding=\"async\" src=\"https:\/\/newsinfoco.com.br\/inicio\/wp-content\/uploads\/2025\/10\/SAVE_20251006_221555-rotated.jpg\" alt=\"\"  srcset=\"https:\/\/newsinfoco.com.br\/inicio\/wp-content\/uploads\/2025\/10\/SAVE_20251006_221555-rotated.jpg 1140w, https:\/\/newsinfoco.com.br\/inicio\/wp-content\/uploads\/2025\/10\/SAVE_20251006_221555-300x52.jpg 300w, https:\/\/newsinfoco.com.br\/inicio\/wp-content\/uploads\/2025\/10\/SAVE_20251006_221555-1024x177.jpg 1024w, https:\/\/newsinfoco.com.br\/inicio\/wp-content\/uploads\/2025\/10\/SAVE_20251006_221555-768x133.jpg 768w, https:\/\/newsinfoco.com.br\/inicio\/wp-content\/uploads\/2025\/10\/SAVE_20251006_221555-600x104.jpg 600w, https:\/\/newsinfoco.com.br\/inicio\/wp-content\/uploads\/2025\/10\/SAVE_20251006_221555-696x120.jpg 696w, https:\/\/newsinfoco.com.br\/inicio\/wp-content\/uploads\/2025\/10\/SAVE_20251006_221555-1068x185.jpg 1068w\" sizes=\"(max-width: 1140px) 100vw, 1140px\" width=\"1140\" height=\"197\"   \/><\/a><\/div>\n<p>Segundo a gerente da Prote\u00e7\u00e3o Social B\u00e1sica, Ana Paula Neves Xavier, da Secretaria Municipal de Desenvolvimento Social (Sedes), a certifica\u00e7\u00e3o representa o compromisso da administra\u00e7\u00e3o p\u00fablica em colocar crian\u00e7as e adolescentes no centro das pol\u00edticas p\u00fablicas, assegurando seus direitos e construindo um futuro mais justo e inclusivo. \u201cEste \u00e9 um momento de di\u00e1logo, constru\u00e7\u00e3o coletiva e fortalecimento da participa\u00e7\u00e3o social em Alagoinhas, no que se refere \u00e0 inclus\u00e3o de crian\u00e7as e adolescentes\u201d, explicou.<\/p>\n<p>Durante o encontro, foram apresentados os avan\u00e7os, desafios e compromissos do munic\u00edpio na prote\u00e7\u00e3o, garantia e promo\u00e7\u00e3o dos direitos de crian\u00e7as e adolescentes. \u201cEngajar adolescentes nas decis\u00f5es p\u00fablicas, estabelecer metas e a\u00e7\u00f5es de participa\u00e7\u00e3o, apoiar escolas, projetos e iniciativas comunit\u00e1rias, contribuir para o cumprimento das metas do Selo Unicef, fortalecer redes de cuidado, prote\u00e7\u00e3o e protagonismo juvenil s\u00e3o elementos fundamentais para buscar aderir ao selo\u201d, disse a diretora de Prote\u00e7\u00e3o Social da Sedes, Leidiane Rocha.<\/p>\n<p>O estudante Artur Ramos, 18 anos, do Cetep, que integra a comiss\u00e3o do Nuca, apresentou o plano diretor de 2026 ao p\u00fablico. \u201cO planejamento tem v\u00e1rios pontos, como \u00e9tica racial, mudan\u00e7as clim\u00e1ticas e mudan\u00e7as no mundo do trabalho para o adolescente. Nunca pensei em estar aqui num lugar desses, e no meio de tanta gente importante, apresentando um trabalho t\u00e3o engajador. Quanto mais ideias surgirem aqui para debater e melhorar, melhor vai ser para todo mundo\u201d, ressalta Artur.<br \/>\n<strong>Selo Unicef<\/strong><\/p>\n<p>Trata-se de uma iniciativa internacional que reconhece munic\u00edpios comprometidos em melhorar a qualidade de vida de crian\u00e7as e adolescentes. A certifica\u00e7\u00e3o incentiva pr\u00e1ticas que fortalecem a sa\u00fade, educa\u00e7\u00e3o, assist\u00eancia social, seguran\u00e7a e prote\u00e7\u00e3o, al\u00e9m da participa\u00e7\u00e3o cidad\u00e3.<\/p>\n<div class='share-to-whatsapp-wrapper'><div class='share-on-whsp'>Share on: <\/div><a data-text='Prefeitura discute Plano de Participa\u00e7\u00e3o Cidad\u00e3 de Adolescentes para Selo Unicef' data-link='https:\/\/newsinfoco.com.br\/inicio\/prefeitura-discute-plano-de-participacao-cidada-de-adolescentes-para-selo-unicef\/' class='whatsapp-button whatsapp-share'>WhatsApp<\/a><div class='clear '><\/div><\/div>","protected":false},"excerpt":{"rendered":"<p>Representantes da Prefeitura de Alagoinhas se reuniram nesta quarta-feira, 10, com membros da Comiss\u00e3o Intersetorial do Selo Unicef. O encontro aconteceu no audit\u00f3rio da Secretaria de Desenvolvimento Rural e Meio Ambiente (SDRA), para apresentar o Plano de Participa\u00e7\u00e3o Cidad\u00e3 de Adolescentes elaborado por integrantes do N\u00facleo de Cidadania de Adolescentes (Nuca), formado por alunos da [&hellip;]<\/p>\n","protected":false},"author":1,"featured_media":48452,"comment_status":"closed","ping_status":"closed","sticky":false,"template":"","format":"standard","meta":{"om_disable_all_campaigns":false,"_exactmetrics_skip_tracking":false,"_exactmetrics_sitenote_active":false,"_exactmetrics_sitenote_note":"","_exactmetrics_sitenote_category":0,"footnotes":""},"categories":[38,167],"tags":[],"class_list":["post-48451","post","type-post","status-publish","format-standard","has-post-thumbnail","hentry","category-alagoinhas-e-regiao","category-exclusivas"],"aioseo_notices":[],"_links":{"self":[{"href":"https:\/\/newsinfoco.com.br\/inicio\/wp-json\/wp\/v2\/posts\/48451","targetHints":{"allow":["GET"]}}],"collection":[{"href":"https:\/\/newsinfoco.com.br\/inicio\/wp-json\/wp\/v2\/posts"}],"about":[{"href":"https:\/\/newsinfoco.com.br\/inicio\/wp-json\/wp\/v2\/types\/post"}],"author":[{"embeddable":true,"href":"https:\/\/newsinfoco.com.br\/inicio\/wp-json\/wp\/v2\/users\/1"}],"replies":[{"embeddable":true,"href":"https:\/\/newsinfoco.com.br\/inicio\/wp-json\/wp\/v2\/comments?post=48451"}],"version-history":[{"count":1,"href":"https:\/\/newsinfoco.com.br\/inicio\/wp-json\/wp\/v2\/posts\/48451\/revisions"}],"predecessor-version":[{"id":48453,"href":"https:\/\/newsinfoco.com.br\/inicio\/wp-json\/wp\/v2\/posts\/48451\/revisions\/48453"}],"wp:featuredmedia":[{"embeddable":true,"href":"https:\/\/newsinfoco.com.br\/inicio\/wp-json\/wp\/v2\/media\/48452"}],"wp:attachment":[{"href":"https:\/\/newsinfoco.com.br\/inicio\/wp-json\/wp\/v2\/media?parent=48451"}],"wp:term":[{"taxonomy":"category","embeddable":true,"href":"https:\/\/newsinfoco.com.br\/inicio\/wp-json\/wp\/v2\/categories?post=48451"},{"taxonomy":"post_tag","embeddable":true,"href":"https:\/\/newsinfoco.com.br\/inicio\/wp-json\/wp\/v2\/tags?post=48451"}],"curies":[{"name":"wp","href":"https:\/\/api.w.org\/{rel}","templated":true}]}}