{"id":48454,"date":"2025-12-11T12:16:58","date_gmt":"2025-12-11T15:16:58","guid":{"rendered":"https:\/\/newsinfoco.com.br\/inicio\/?p=48454"},"modified":"2025-12-11T12:16:58","modified_gmt":"2025-12-11T15:16:58","slug":"alba-aprova-r-950-milhoes-em-novos-emprestimos-para-o-governo-da-bahia","status":"publish","type":"post","link":"https:\/\/newsinfoco.com.br\/inicio\/alba-aprova-r-950-milhoes-em-novos-emprestimos-para-o-governo-da-bahia\/","title":{"rendered":"ALBA aprova R$ 950 milh\u00f5es em novos empr\u00e9stimos para o Governo da Bahia"},"content":{"rendered":"<p>A Assembleia Legislativa da Bahia (ALBA) aprovou, na noite de quarta-feira (10), mais dois empr\u00e9stimos solicitados pelo governador da Bahia, Jer\u00f4nimo Rodrigues (PT). Somados, ambos os empr\u00e9stimos giram em torno de R$950 milh\u00f5es que, segundo os pedidos, ser\u00e3o destinados para investimentos em \u00e1reas como infraestrutura, sa\u00fade, mobilidade urbana e h\u00eddrica.<\/p>\n<p>O governador da Bahia solicitou ambos os empr\u00e9stimos separadamente, sendo um no valor de R$300 milh\u00f5es, que dever\u00e1 ser feito junto a Caixa Econ\u00f4mica Federal (CEF). J\u00e1 o segundo foi estipulado em mais de R$650 milh\u00f5es, para ser tomado como cr\u00e9dito atrav\u00e9s do Banco do Brasil.<\/p><div class=\"newsi-conteudo_19\" id=\"newsi-135712617\"><a href=\"https:\/\/www.instagram.com\/prefeituraalagoinhas?igsh=YzgzdDJ1bWR3aWI4\" aria-label=\"SAVE_20251006_221555\"><img loading=\"lazy\" decoding=\"async\" src=\"https:\/\/newsinfoco.com.br\/inicio\/wp-content\/uploads\/2025\/10\/SAVE_20251006_221555-rotated.jpg\" alt=\"\"  srcset=\"https:\/\/newsinfoco.com.br\/inicio\/wp-content\/uploads\/2025\/10\/SAVE_20251006_221555-rotated.jpg 1140w, https:\/\/newsinfoco.com.br\/inicio\/wp-content\/uploads\/2025\/10\/SAVE_20251006_221555-300x52.jpg 300w, https:\/\/newsinfoco.com.br\/inicio\/wp-content\/uploads\/2025\/10\/SAVE_20251006_221555-1024x177.jpg 1024w, https:\/\/newsinfoco.com.br\/inicio\/wp-content\/uploads\/2025\/10\/SAVE_20251006_221555-768x133.jpg 768w, https:\/\/newsinfoco.com.br\/inicio\/wp-content\/uploads\/2025\/10\/SAVE_20251006_221555-600x104.jpg 600w, https:\/\/newsinfoco.com.br\/inicio\/wp-content\/uploads\/2025\/10\/SAVE_20251006_221555-696x120.jpg 696w, https:\/\/newsinfoco.com.br\/inicio\/wp-content\/uploads\/2025\/10\/SAVE_20251006_221555-1068x185.jpg 1068w\" sizes=\"(max-width: 1140px) 100vw, 1140px\" width=\"1140\" height=\"197\"   \/><\/a><\/div>\n<div>\n<div>\n<div class=\"trv-player-container\">\n<div class=\"trv-wrapper\">\n<div id=\"br_video_player_623b048d96e700afec0eea147751da9dc3c659f9\" class=\"trvd_video_player trvdinstream\">\n<div class=\"media-player\">\n<div class=\"trv-video\">\n<div id=\"truvid_ima_container24368\" class=\"truvid_ima_container\">\n<div>\n<div>\n<p>Com esses pedidos, o governo da Bahia chegou a marca de 22 pedidos de cr\u00e9dito, durante a gest\u00e3o Jer\u00f4nimo Rodrigues, chegando a um total de R$26 bilh\u00f5es em empr\u00e9stimos.<\/p>\n<p>A tramita\u00e7\u00e3o dos pedidos de cr\u00e9dito, no entanto, sofreu resist\u00eancia dos parlamentares, especialmente dos deputados da bancada de oposi\u00e7\u00e3o, que promoveram obstru\u00e7\u00f5es que duraram cinco horas. A sess\u00e3o, que foi iniciada por volta das 14h45, s\u00f3 teve o primeiro pedido aprovado por volta das 21h05. Dez minutos depois, o segundo pedido de cr\u00e9dito tamb\u00e9m foi aprovado.<\/p>\n<p>Bahia.Ba<\/p>\n<\/div>\n<\/div>\n<\/div>\n<\/div>\n<\/div>\n<\/div>\n<\/div>\n<\/div>\n<\/div>\n<\/div>\n<div class='share-to-whatsapp-wrapper'><div class='share-on-whsp'>Share on: <\/div><a data-text='ALBA aprova R$ 950 milh\u00f5es em novos empr\u00e9stimos para o Governo da Bahia' data-link='https:\/\/newsinfoco.com.br\/inicio\/alba-aprova-r-950-milhoes-em-novos-emprestimos-para-o-governo-da-bahia\/' class='whatsapp-button whatsapp-share'>WhatsApp<\/a><div class='clear '><\/div><\/div>","protected":false},"excerpt":{"rendered":"<p>A Assembleia Legislativa da Bahia (ALBA) aprovou, na noite de quarta-feira (10), mais dois empr\u00e9stimos solicitados pelo governador da Bahia, Jer\u00f4nimo Rodrigues (PT). Somados, ambos os empr\u00e9stimos giram em torno de R$950 milh\u00f5es que, segundo os pedidos, ser\u00e3o destinados para investimentos em \u00e1reas como infraestrutura, sa\u00fade, mobilidade urbana e h\u00eddrica. O governador da Bahia solicitou [&hellip;]<\/p>\n","protected":false},"author":1,"featured_media":48455,"comment_status":"closed","ping_status":"closed","sticky":false,"template":"","format":"standard","meta":{"om_disable_all_campaigns":false,"_exactmetrics_skip_tracking":false,"_exactmetrics_sitenote_active":false,"_exactmetrics_sitenote_note":"","_exactmetrics_sitenote_category":0,"footnotes":""},"categories":[19],"tags":[],"class_list":["post-48454","post","type-post","status-publish","format-standard","has-post-thumbnail","hentry","category-bahia"],"aioseo_notices":[],"_links":{"self":[{"href":"https:\/\/newsinfoco.com.br\/inicio\/wp-json\/wp\/v2\/posts\/48454","targetHints":{"allow":["GET"]}}],"collection":[{"href":"https:\/\/newsinfoco.com.br\/inicio\/wp-json\/wp\/v2\/posts"}],"about":[{"href":"https:\/\/newsinfoco.com.br\/inicio\/wp-json\/wp\/v2\/types\/post"}],"author":[{"embeddable":true,"href":"https:\/\/newsinfoco.com.br\/inicio\/wp-json\/wp\/v2\/users\/1"}],"replies":[{"embeddable":true,"href":"https:\/\/newsinfoco.com.br\/inicio\/wp-json\/wp\/v2\/comments?post=48454"}],"version-history":[{"count":1,"href":"https:\/\/newsinfoco.com.br\/inicio\/wp-json\/wp\/v2\/posts\/48454\/revisions"}],"predecessor-version":[{"id":48456,"href":"https:\/\/newsinfoco.com.br\/inicio\/wp-json\/wp\/v2\/posts\/48454\/revisions\/48456"}],"wp:featuredmedia":[{"embeddable":true,"href":"https:\/\/newsinfoco.com.br\/inicio\/wp-json\/wp\/v2\/media\/48455"}],"wp:attachment":[{"href":"https:\/\/newsinfoco.com.br\/inicio\/wp-json\/wp\/v2\/media?parent=48454"}],"wp:term":[{"taxonomy":"category","embeddable":true,"href":"https:\/\/newsinfoco.com.br\/inicio\/wp-json\/wp\/v2\/categories?post=48454"},{"taxonomy":"post_tag","embeddable":true,"href":"https:\/\/newsinfoco.com.br\/inicio\/wp-json\/wp\/v2\/tags?post=48454"}],"curies":[{"name":"wp","href":"https:\/\/api.w.org\/{rel}","templated":true}]}}