{"id":48457,"date":"2025-12-11T12:26:40","date_gmt":"2025-12-11T15:26:40","guid":{"rendered":"https:\/\/newsinfoco.com.br\/inicio\/?p=48457"},"modified":"2025-12-11T12:26:40","modified_gmt":"2025-12-11T15:26:40","slug":"camara-de-deputados-toma-decisao-sobre-cassacao-de-glauber-braga","status":"publish","type":"post","link":"https:\/\/newsinfoco.com.br\/inicio\/camara-de-deputados-toma-decisao-sobre-cassacao-de-glauber-braga\/","title":{"rendered":"C\u00e2mara de Deputados toma decis\u00e3o sobre cassa\u00e7\u00e3o de Glauber Braga"},"content":{"rendered":"<p>A C\u00e2mara de Deputados decidiu, na quarta-feira (10), suspender o deputado federal Glauber Braga (PSOL-RJ) por seis meses. A decis\u00e3o veio como forma de puni\u00e7\u00e3o ao parlamentar, substituindo assim a cassa\u00e7\u00e3o do mandato. Durante vota\u00e7\u00e3o no plen\u00e1rio, foram 318 votos a favor, 141 contra e tr\u00eas absten\u00e7\u00f5es.<\/p>\n<p>O deputado carioca foi alvo de um inqu\u00e9rito de cassa\u00e7\u00e3o, aberto em 2024, por quebra de decoro parlamentar ap\u00f3s agredir um militante ligado ao Movimento Brasil Livre (MBL).<\/p><div class=\"newsi-conteudo_19\" id=\"newsi-732307656\"><a href=\"https:\/\/www.instagram.com\/prefeituraalagoinhas?igsh=YzgzdDJ1bWR3aWI4\" aria-label=\"SAVE_20251006_221555\"><img loading=\"lazy\" decoding=\"async\" src=\"https:\/\/newsinfoco.com.br\/inicio\/wp-content\/uploads\/2025\/10\/SAVE_20251006_221555-rotated.jpg\" alt=\"\"  srcset=\"https:\/\/newsinfoco.com.br\/inicio\/wp-content\/uploads\/2025\/10\/SAVE_20251006_221555-rotated.jpg 1140w, https:\/\/newsinfoco.com.br\/inicio\/wp-content\/uploads\/2025\/10\/SAVE_20251006_221555-300x52.jpg 300w, https:\/\/newsinfoco.com.br\/inicio\/wp-content\/uploads\/2025\/10\/SAVE_20251006_221555-1024x177.jpg 1024w, https:\/\/newsinfoco.com.br\/inicio\/wp-content\/uploads\/2025\/10\/SAVE_20251006_221555-768x133.jpg 768w, https:\/\/newsinfoco.com.br\/inicio\/wp-content\/uploads\/2025\/10\/SAVE_20251006_221555-600x104.jpg 600w, https:\/\/newsinfoco.com.br\/inicio\/wp-content\/uploads\/2025\/10\/SAVE_20251006_221555-696x120.jpg 696w, https:\/\/newsinfoco.com.br\/inicio\/wp-content\/uploads\/2025\/10\/SAVE_20251006_221555-1068x185.jpg 1068w\" sizes=\"(max-width: 1140px) 100vw, 1140px\" width=\"1140\" height=\"197\"   \/><\/a><\/div>\n<p>O Conselho de \u00c9tica da C\u00e2mara de Deputados aprovou o pedido de cassa\u00e7\u00e3o por quebra de decoro parlamentar, mas os deputados decidiram aplicar uma puni\u00e7\u00e3o mais branda contra Braga. A mudan\u00e7a de \u00faltima hora foi vista como uma grande vit\u00f3ria para os paulistas e aliados do deputado, que articularam a n\u00e3o cassa\u00e7\u00e3o do mandato.<\/p>\n<p>Na v\u00e9spera da vota\u00e7\u00e3o, Glauber realizou um ato de protesto contra sua cassa\u00e7\u00e3o, onde se sentou na mesa diretora da C\u00e2mara, de onde foi retirado \u00e0 for\u00e7a pela pol\u00edcia legislativa. Essa n\u00e3o foi a primeira vez que um protesto do deputado repercutiu nacionalmente.<\/p>\n<p>Em abril deste ano, ele realizou uma greve de fome, chegando a ficar uma semana sem comer, ap\u00f3s o conselho de \u00e9tica aprovar sua cassa\u00e7\u00e3o.<\/p>\n<p>Bahia.Ba<\/p>\n<div class='share-to-whatsapp-wrapper'><div class='share-on-whsp'>Share on: <\/div><a data-text='C\u00e2mara de Deputados toma decis\u00e3o sobre cassa\u00e7\u00e3o de Glauber Braga' data-link='https:\/\/newsinfoco.com.br\/inicio\/camara-de-deputados-toma-decisao-sobre-cassacao-de-glauber-braga\/' class='whatsapp-button whatsapp-share'>WhatsApp<\/a><div class='clear '><\/div><\/div>","protected":false},"excerpt":{"rendered":"<p>A C\u00e2mara de Deputados decidiu, na quarta-feira (10), suspender o deputado federal Glauber Braga (PSOL-RJ) por seis meses. A decis\u00e3o veio como forma de puni\u00e7\u00e3o ao parlamentar, substituindo assim a cassa\u00e7\u00e3o do mandato. Durante vota\u00e7\u00e3o no plen\u00e1rio, foram 318 votos a favor, 141 contra e tr\u00eas absten\u00e7\u00f5es. O deputado carioca foi alvo de um inqu\u00e9rito [&hellip;]<\/p>\n","protected":false},"author":1,"featured_media":48458,"comment_status":"closed","ping_status":"closed","sticky":false,"template":"","format":"standard","meta":{"om_disable_all_campaigns":false,"_exactmetrics_skip_tracking":false,"_exactmetrics_sitenote_active":false,"_exactmetrics_sitenote_note":"","_exactmetrics_sitenote_category":0,"footnotes":""},"categories":[21],"tags":[],"class_list":["post-48457","post","type-post","status-publish","format-standard","has-post-thumbnail","hentry","category-brasil"],"aioseo_notices":[],"_links":{"self":[{"href":"https:\/\/newsinfoco.com.br\/inicio\/wp-json\/wp\/v2\/posts\/48457","targetHints":{"allow":["GET"]}}],"collection":[{"href":"https:\/\/newsinfoco.com.br\/inicio\/wp-json\/wp\/v2\/posts"}],"about":[{"href":"https:\/\/newsinfoco.com.br\/inicio\/wp-json\/wp\/v2\/types\/post"}],"author":[{"embeddable":true,"href":"https:\/\/newsinfoco.com.br\/inicio\/wp-json\/wp\/v2\/users\/1"}],"replies":[{"embeddable":true,"href":"https:\/\/newsinfoco.com.br\/inicio\/wp-json\/wp\/v2\/comments?post=48457"}],"version-history":[{"count":1,"href":"https:\/\/newsinfoco.com.br\/inicio\/wp-json\/wp\/v2\/posts\/48457\/revisions"}],"predecessor-version":[{"id":48459,"href":"https:\/\/newsinfoco.com.br\/inicio\/wp-json\/wp\/v2\/posts\/48457\/revisions\/48459"}],"wp:featuredmedia":[{"embeddable":true,"href":"https:\/\/newsinfoco.com.br\/inicio\/wp-json\/wp\/v2\/media\/48458"}],"wp:attachment":[{"href":"https:\/\/newsinfoco.com.br\/inicio\/wp-json\/wp\/v2\/media?parent=48457"}],"wp:term":[{"taxonomy":"category","embeddable":true,"href":"https:\/\/newsinfoco.com.br\/inicio\/wp-json\/wp\/v2\/categories?post=48457"},{"taxonomy":"post_tag","embeddable":true,"href":"https:\/\/newsinfoco.com.br\/inicio\/wp-json\/wp\/v2\/tags?post=48457"}],"curies":[{"name":"wp","href":"https:\/\/api.w.org\/{rel}","templated":true}]}}