{"id":48460,"date":"2025-12-11T12:37:41","date_gmt":"2025-12-11T15:37:41","guid":{"rendered":"https:\/\/newsinfoco.com.br\/inicio\/?p=48460"},"modified":"2025-12-11T12:37:41","modified_gmt":"2025-12-11T15:37:41","slug":"uefs-inaugura-novo-teatro-e-impulsiona-educacao-e-cultura-na-bahia","status":"publish","type":"post","link":"https:\/\/newsinfoco.com.br\/inicio\/uefs-inaugura-novo-teatro-e-impulsiona-educacao-e-cultura-na-bahia\/","title":{"rendered":"UEFS inaugura novo teatro e impulsiona educa\u00e7\u00e3o e cultura na Bahia"},"content":{"rendered":"<p>O Governo do Estado inaugurou na quarta-feira (10) o novo teatro da Universidade Estadual de Feira de Santana (UEFS), em Feira de Santana. Com capacidade para mais de 900 pessoas, o equipamento j\u00e1 nasce como o maior teatro dentro de uma universidade p\u00fablica da Bahia, projetado para se tornar um dos espa\u00e7os culturais mais relevantes do interior do estado, ampliando o acesso \u00e0 arte, \u00e0 cultura e \u00e0s atividades acad\u00eamicas.<\/p>\n<p>Durante a cerim\u00f4nia, o governador Jer\u00f4nimo Rodrigues destacou a import\u00e2ncia do novo teatro para o fortalecimento das pol\u00edticas culturais e educacionais do estado. \u201cEste espa\u00e7o \u00e9 um presente para Feira de Santana, para a UEFS e para toda a Bahia. \u00c9 uma grande satisfa\u00e7\u00e3o entregar este equipamento renovado, agora com estrutura adequada para receber plen\u00e1rias, formaturas e apresenta\u00e7\u00f5es com mais conforto e qualidade. Seguimos avan\u00e7ando nas obras culturais em toda a Bahia, garantindo teatros, centros culturais e espa\u00e7os totalmente revitalizados para a popula\u00e7\u00e3o\u201d.<\/p><div class=\"newsi-conteudo_19\" id=\"newsi-2732878008\"><a href=\"https:\/\/www.instagram.com\/prefeituraalagoinhas?igsh=YzgzdDJ1bWR3aWI4\" aria-label=\"SAVE_20251006_221555\"><img loading=\"lazy\" decoding=\"async\" src=\"https:\/\/newsinfoco.com.br\/inicio\/wp-content\/uploads\/2025\/10\/SAVE_20251006_221555-rotated.jpg\" alt=\"\"  srcset=\"https:\/\/newsinfoco.com.br\/inicio\/wp-content\/uploads\/2025\/10\/SAVE_20251006_221555-rotated.jpg 1140w, https:\/\/newsinfoco.com.br\/inicio\/wp-content\/uploads\/2025\/10\/SAVE_20251006_221555-300x52.jpg 300w, https:\/\/newsinfoco.com.br\/inicio\/wp-content\/uploads\/2025\/10\/SAVE_20251006_221555-1024x177.jpg 1024w, https:\/\/newsinfoco.com.br\/inicio\/wp-content\/uploads\/2025\/10\/SAVE_20251006_221555-768x133.jpg 768w, https:\/\/newsinfoco.com.br\/inicio\/wp-content\/uploads\/2025\/10\/SAVE_20251006_221555-600x104.jpg 600w, https:\/\/newsinfoco.com.br\/inicio\/wp-content\/uploads\/2025\/10\/SAVE_20251006_221555-696x120.jpg 696w, https:\/\/newsinfoco.com.br\/inicio\/wp-content\/uploads\/2025\/10\/SAVE_20251006_221555-1068x185.jpg 1068w\" sizes=\"(max-width: 1140px) 100vw, 1140px\" width=\"1140\" height=\"197\"   \/><\/a><\/div>\n<p>A obra recebeu investimento superior a R$ 10 milh\u00f5es e envolveu a moderniza\u00e7\u00e3o e conclus\u00e3o do Teatro Central do campus. Entre os servi\u00e7os executados est\u00e3o a adequa\u00e7\u00e3o ac\u00fastica com instala\u00e7\u00e3o de pain\u00e9is difusores, coloca\u00e7\u00e3o de carpetes, pintura da fachada, polimento dos pisos dos bastidores, instala\u00e7\u00e3o de poltronas, climatiza\u00e7\u00e3o e melhorias em acessibilidade, tudo planejado para oferecer conforto e qualidade \u00e0 comunidade acad\u00eamica e ao p\u00fablico em geral.<\/p>\n<p>A secret\u00e1ria de Educa\u00e7\u00e3o do Estado, Rowenna Brito, ressaltou o impacto do equipamento na forma\u00e7\u00e3o estudantil. \u201cHoje celebramos a inaugura\u00e7\u00e3o do maior teatro dentro de uma universidade p\u00fablica da Bahia, um espa\u00e7o que simboliza investimento em educa\u00e7\u00e3o, cultura e na vida das pessoas. Estamos construindo hist\u00f3ria em Feira de Santana e colocando nossos estudantes no centro de uma nova experi\u00eancia de aprendizado e transforma\u00e7\u00e3o\u201d.<\/p>\n<div>\n<div>\n<div class=\"trv-player-container\">\n<div class=\"trv-wrapper\">\n<div id=\"br_video_player_a77ff046cc3e14b35821ea147751da9dc3c659f9\" class=\"trvd_video_player trvdinstream\">\n<div class=\"media-player\">\n<div class=\"trv-video\">\n<div id=\"truvid_ima_container8395\" class=\"truvid_ima_container\">\n<div>\n<div>\n<div class=\"conteudo_post\">\n<p>O evento reuniu professores, estudantes, gestores da educa\u00e7\u00e3o de Feira de Santana e diversas autoridades que prestigiaram o novo marco cultural da universidade. A reitora da UEFS, Amali Mussi, celebrou a entrega. \u201cForam cerca de 25 anos de luta e de espera at\u00e9 chegarmos a este momento, que traz consigo um sentimento profundo de gratid\u00e3o e responsabilidade. A entrega deste equipamento carrega sonhos, mem\u00f3rias e a contribui\u00e7\u00e3o de tantas pessoas que fizeram parte da nossa hist\u00f3ria e tornam este instante verdadeiramente \u00fanico\u201d.<\/p>\n<p>A noite de inaugura\u00e7\u00e3o foi conclu\u00edda em grande estilo com o show da cantora Rachel Reis, que encantou o p\u00fablico e fez o novo teatro vibrar em sua primeira apresenta\u00e7\u00e3o oficial.<\/p>\n<\/div>\n<div id=\"div-share\">\n<div class=\"conteudo_post\"><\/div>\n<div id=\"div-share\">\n<div id=\"div-share\">\n<div id=\"div-share\">\n<div id=\"div-share\">\n<div id=\"div-share\">Bahia.Ba<\/div>\n<\/div>\n<\/div>\n<\/div>\n<\/div>\n<\/div>\n<\/div>\n<\/div>\n<\/div>\n<\/div>\n<\/div>\n<\/div>\n<\/div>\n<\/div>\n<\/div>\n<\/div>\n<div class='share-to-whatsapp-wrapper'><div class='share-on-whsp'>Share on: <\/div><a data-text='UEFS inaugura novo teatro e impulsiona educa\u00e7\u00e3o e cultura na Bahia' data-link='https:\/\/newsinfoco.com.br\/inicio\/uefs-inaugura-novo-teatro-e-impulsiona-educacao-e-cultura-na-bahia\/' class='whatsapp-button whatsapp-share'>WhatsApp<\/a><div class='clear '><\/div><\/div>","protected":false},"excerpt":{"rendered":"<p>O Governo do Estado inaugurou na quarta-feira (10) o novo teatro da Universidade Estadual de Feira de Santana (UEFS), em Feira de Santana. Com capacidade para mais de 900 pessoas, o equipamento j\u00e1 nasce como o maior teatro dentro de uma universidade p\u00fablica da Bahia, projetado para se tornar um dos espa\u00e7os culturais mais relevantes [&hellip;]<\/p>\n","protected":false},"author":1,"featured_media":48461,"comment_status":"closed","ping_status":"closed","sticky":false,"template":"","format":"standard","meta":{"om_disable_all_campaigns":false,"_exactmetrics_skip_tracking":false,"_exactmetrics_sitenote_active":false,"_exactmetrics_sitenote_note":"","_exactmetrics_sitenote_category":0,"footnotes":""},"categories":[19],"tags":[],"class_list":["post-48460","post","type-post","status-publish","format-standard","has-post-thumbnail","hentry","category-bahia"],"aioseo_notices":[],"_links":{"self":[{"href":"https:\/\/newsinfoco.com.br\/inicio\/wp-json\/wp\/v2\/posts\/48460","targetHints":{"allow":["GET"]}}],"collection":[{"href":"https:\/\/newsinfoco.com.br\/inicio\/wp-json\/wp\/v2\/posts"}],"about":[{"href":"https:\/\/newsinfoco.com.br\/inicio\/wp-json\/wp\/v2\/types\/post"}],"author":[{"embeddable":true,"href":"https:\/\/newsinfoco.com.br\/inicio\/wp-json\/wp\/v2\/users\/1"}],"replies":[{"embeddable":true,"href":"https:\/\/newsinfoco.com.br\/inicio\/wp-json\/wp\/v2\/comments?post=48460"}],"version-history":[{"count":1,"href":"https:\/\/newsinfoco.com.br\/inicio\/wp-json\/wp\/v2\/posts\/48460\/revisions"}],"predecessor-version":[{"id":48462,"href":"https:\/\/newsinfoco.com.br\/inicio\/wp-json\/wp\/v2\/posts\/48460\/revisions\/48462"}],"wp:featuredmedia":[{"embeddable":true,"href":"https:\/\/newsinfoco.com.br\/inicio\/wp-json\/wp\/v2\/media\/48461"}],"wp:attachment":[{"href":"https:\/\/newsinfoco.com.br\/inicio\/wp-json\/wp\/v2\/media?parent=48460"}],"wp:term":[{"taxonomy":"category","embeddable":true,"href":"https:\/\/newsinfoco.com.br\/inicio\/wp-json\/wp\/v2\/categories?post=48460"},{"taxonomy":"post_tag","embeddable":true,"href":"https:\/\/newsinfoco.com.br\/inicio\/wp-json\/wp\/v2\/tags?post=48460"}],"curies":[{"name":"wp","href":"https:\/\/api.w.org\/{rel}","templated":true}]}}