{"id":48466,"date":"2025-12-11T12:53:34","date_gmt":"2025-12-11T15:53:34","guid":{"rendered":"https:\/\/newsinfoco.com.br\/inicio\/?p=48466"},"modified":"2025-12-11T12:53:34","modified_gmt":"2025-12-11T15:53:34","slug":"partidos-convocam-manifestacao-contra-pl-da-dosimetria-para-este-domingo","status":"publish","type":"post","link":"https:\/\/newsinfoco.com.br\/inicio\/partidos-convocam-manifestacao-contra-pl-da-dosimetria-para-este-domingo\/","title":{"rendered":"Partidos convocam manifesta\u00e7\u00e3o contra PL da Dosimetria para este domingo"},"content":{"rendered":"<p>Edinho Silva, presidente do Partido dos Trabalhadores (PT), publicou nas redes sociais nesta quarta-feira (10) um v\u00eddeo em que convoca uma manifesta\u00e7\u00e3o contra o Projeto de Lei (PL) da Dosimetria para este domingo (14) em v\u00e1rias cidades do Brasil.<\/p>\n<p>O PL, aprovado na C\u00e2mara dos Deputados na quarta-feira (10), reduz penas dos condenados pela tentativa de golpe de Estado no dia 8 de janeiro de 2023. O ex-presidente Jair Bolsonaro (PL), condenado a 27 anos e tr\u00eas meses de pris\u00e3o, estaria entre os beneficiados.<\/p><div class=\"newsi-conteudo_19\" id=\"newsi-4113367991\"><a href=\"https:\/\/www.instagram.com\/prefeituraalagoinhas?igsh=YzgzdDJ1bWR3aWI4\" aria-label=\"SAVE_20251006_221555\"><img loading=\"lazy\" decoding=\"async\" src=\"https:\/\/newsinfoco.com.br\/inicio\/wp-content\/uploads\/2025\/10\/SAVE_20251006_221555-rotated.jpg\" alt=\"\"  srcset=\"https:\/\/newsinfoco.com.br\/inicio\/wp-content\/uploads\/2025\/10\/SAVE_20251006_221555-rotated.jpg 1140w, https:\/\/newsinfoco.com.br\/inicio\/wp-content\/uploads\/2025\/10\/SAVE_20251006_221555-300x52.jpg 300w, https:\/\/newsinfoco.com.br\/inicio\/wp-content\/uploads\/2025\/10\/SAVE_20251006_221555-1024x177.jpg 1024w, https:\/\/newsinfoco.com.br\/inicio\/wp-content\/uploads\/2025\/10\/SAVE_20251006_221555-768x133.jpg 768w, https:\/\/newsinfoco.com.br\/inicio\/wp-content\/uploads\/2025\/10\/SAVE_20251006_221555-600x104.jpg 600w, https:\/\/newsinfoco.com.br\/inicio\/wp-content\/uploads\/2025\/10\/SAVE_20251006_221555-696x120.jpg 696w, https:\/\/newsinfoco.com.br\/inicio\/wp-content\/uploads\/2025\/10\/SAVE_20251006_221555-1068x185.jpg 1068w\" sizes=\"(max-width: 1140px) 100vw, 1140px\" width=\"1140\" height=\"197\"   \/><\/a><\/div>\n<p>\u201cPlanejaram matar o presidente da Rep\u00fablica [Lula], o vice-presidente [Geraldo Alckmin] e o presidente do Tribunal Superior Eleitoral [Alexandre de Moraes]. Redu\u00e7\u00e3o de pena para assassinos? N\u00e3o d\u00e1\u201d, afirmou o petista no v\u00eddeo.<\/p>\n<p>Edinho tamb\u00e9m recha\u00e7ou a aprova\u00e7\u00e3o no Senado, na ter\u00e7a-feira (9), da proposta de Emenda \u00e0 Constitui\u00e7\u00e3o (PEC) 48\/23, que estabelece marco temporal para demarca\u00e7\u00e3o das terras ind\u00edgenas. \u201cUm direito dos primeiros brasileiros. Isso \u00e9 um desrespeito \u00e0 hist\u00f3ria, a todas as brasileiras e brasileiros. Um desrespeito \u00e0 Constitui\u00e7\u00e3o Federal. E mais, desrespeitando um direito dos povos ind\u00edgenas\u201d, disse.<\/p>\n<p>Edinho classificou a aprova\u00e7\u00e3o dos projetos no Congresso Nacional como \u201cretrocessos grav\u00edssimos\u201d.<\/p>\n<div>\n<div>\n<div class=\"trv-player-container\">\n<div class=\"trv-wrapper\">\n<div id=\"br_video_player_9f0af6a0de1315fb0ab4ea147751da9dc3c659f9\" class=\"trvd_video_player trvdfloater trv-right\">\n<div class=\"media-player\">\n<div class=\"trv-video\">\n<div id=\"truvid_ima_container76698\" class=\"truvid_ima_container\">\n<div>\n<div><\/div>\n<\/div>\n<\/div>\n<\/div>\n<\/div>\n<div id=\"br_video_player_9f0af6a0de1315fb0ab4ea147751da9dc3c659f9_close\" class=\"trv-close-container\">\n<div>\n<div>\n<div class=\"trv-player-container\">\n<div class=\"trv-wrapper\">\n<div id=\"br_video_player_9f0af6a0de1315fb0ab4ea147751da9dc3c659f9\" class=\"trvd_video_player trvdfloater trv-right\">\n<div id=\"br_video_player_9f0af6a0de1315fb0ab4ea147751da9dc3c659f9_close\" class=\"trv-close-container\">\n<div>\n<div>\n<div class=\"trv-player-container\">\n<div class=\"trv-wrapper\">\n<div id=\"br_video_player_9f0af6a0de1315fb0ab4ea147751da9dc3c659f9\" class=\"trvd_video_player trvdfloater trv-right\">\n<div id=\"br_video_player_9f0af6a0de1315fb0ab4ea147751da9dc3c659f9_close\" class=\"trv-close-container\">\n<div>\n<div>\n<div class=\"trv-player-container\">\n<div class=\"trv-wrapper\">\n<div id=\"br_video_player_9f0af6a0de1315fb0ab4ea147751da9dc3c659f9\" class=\"trvd_video_player trvdfloater trv-right\">\n<div id=\"br_video_player_9f0af6a0de1315fb0ab4ea147751da9dc3c659f9_close\" class=\"trv-close-container\">\n<div>\n<div>\n<div class=\"trv-player-container\">\n<div class=\"trv-wrapper\">\n<div id=\"br_video_player_9f0af6a0de1315fb0ab4ea147751da9dc3c659f9\" class=\"trvd_video_player trvdfloater trv-right\">\n<div id=\"br_video_player_9f0af6a0de1315fb0ab4ea147751da9dc3c659f9_close\" class=\"trv-close-container\">\n<div class=\"conteudo_post\">\n<p>\u201cNeste domingo, nossa milit\u00e2ncia, movimentos populares, sindicais, partidos do campo democr\u00e1tico, estar\u00e3o nas ruas para proteger o que \u00e9 essencial: a democracia e os direitos de todo o povo. Todos n\u00f3s, nas ruas, em defesa do povo brasileiro\u201d, escreveu o presidente do partido na publica\u00e7\u00e3o.<\/p>\n<p>O Partido Socialismo e Liberdade (PSOL) tamb\u00e9m publicou a convoca\u00e7\u00e3o do protesto nas redes sociais. \u201cDerrote o Congresso inimigo do povo nas ruas e nas urnas em 2026\u201d, diz o cartaz postado nesta quarta (10).<\/p>\n<\/div>\n<div id=\"author-info\" class=\"ui items\">\n<div class=\"item\">Bahia.Ba<\/div>\n<\/div>\n<\/div>\n<\/div>\n<\/div>\n<\/div>\n<\/div>\n<\/div>\n<\/div>\n<\/div>\n<\/div>\n<\/div>\n<\/div>\n<\/div>\n<\/div>\n<\/div>\n<\/div>\n<\/div>\n<\/div>\n<\/div>\n<\/div>\n<\/div>\n<\/div>\n<\/div>\n<\/div>\n<\/div>\n<\/div>\n<\/div>\n<\/div>\n<\/div>\n<\/div>\n<\/div>\n<div class='share-to-whatsapp-wrapper'><div class='share-on-whsp'>Share on: <\/div><a data-text='Partidos convocam manifesta\u00e7\u00e3o contra PL da Dosimetria para este domingo' data-link='https:\/\/newsinfoco.com.br\/inicio\/partidos-convocam-manifestacao-contra-pl-da-dosimetria-para-este-domingo\/' class='whatsapp-button whatsapp-share'>WhatsApp<\/a><div class='clear '><\/div><\/div>","protected":false},"excerpt":{"rendered":"<p>Edinho Silva, presidente do Partido dos Trabalhadores (PT), publicou nas redes sociais nesta quarta-feira (10) um v\u00eddeo em que convoca uma manifesta\u00e7\u00e3o contra o Projeto de Lei (PL) da Dosimetria para este domingo (14) em v\u00e1rias cidades do Brasil. O PL, aprovado na C\u00e2mara dos Deputados na quarta-feira (10), reduz penas dos condenados pela tentativa [&hellip;]<\/p>\n","protected":false},"author":1,"featured_media":48467,"comment_status":"closed","ping_status":"closed","sticky":false,"template":"","format":"standard","meta":{"om_disable_all_campaigns":false,"_exactmetrics_skip_tracking":false,"_exactmetrics_sitenote_active":false,"_exactmetrics_sitenote_note":"","_exactmetrics_sitenote_category":0,"footnotes":""},"categories":[21],"tags":[],"class_list":["post-48466","post","type-post","status-publish","format-standard","has-post-thumbnail","hentry","category-brasil"],"aioseo_notices":[],"_links":{"self":[{"href":"https:\/\/newsinfoco.com.br\/inicio\/wp-json\/wp\/v2\/posts\/48466","targetHints":{"allow":["GET"]}}],"collection":[{"href":"https:\/\/newsinfoco.com.br\/inicio\/wp-json\/wp\/v2\/posts"}],"about":[{"href":"https:\/\/newsinfoco.com.br\/inicio\/wp-json\/wp\/v2\/types\/post"}],"author":[{"embeddable":true,"href":"https:\/\/newsinfoco.com.br\/inicio\/wp-json\/wp\/v2\/users\/1"}],"replies":[{"embeddable":true,"href":"https:\/\/newsinfoco.com.br\/inicio\/wp-json\/wp\/v2\/comments?post=48466"}],"version-history":[{"count":1,"href":"https:\/\/newsinfoco.com.br\/inicio\/wp-json\/wp\/v2\/posts\/48466\/revisions"}],"predecessor-version":[{"id":48468,"href":"https:\/\/newsinfoco.com.br\/inicio\/wp-json\/wp\/v2\/posts\/48466\/revisions\/48468"}],"wp:featuredmedia":[{"embeddable":true,"href":"https:\/\/newsinfoco.com.br\/inicio\/wp-json\/wp\/v2\/media\/48467"}],"wp:attachment":[{"href":"https:\/\/newsinfoco.com.br\/inicio\/wp-json\/wp\/v2\/media?parent=48466"}],"wp:term":[{"taxonomy":"category","embeddable":true,"href":"https:\/\/newsinfoco.com.br\/inicio\/wp-json\/wp\/v2\/categories?post=48466"},{"taxonomy":"post_tag","embeddable":true,"href":"https:\/\/newsinfoco.com.br\/inicio\/wp-json\/wp\/v2\/tags?post=48466"}],"curies":[{"name":"wp","href":"https:\/\/api.w.org\/{rel}","templated":true}]}}