{"id":48472,"date":"2025-12-11T13:13:50","date_gmt":"2025-12-11T16:13:50","guid":{"rendered":"https:\/\/newsinfoco.com.br\/inicio\/?p=48472"},"modified":"2025-12-11T13:13:50","modified_gmt":"2025-12-11T16:13:50","slug":"capitao-alden-celebra-aprovacao-de-projeto-que-amplia-idade-para-ingresso-na-pm-e-bombeiros","status":"publish","type":"post","link":"https:\/\/newsinfoco.com.br\/inicio\/capitao-alden-celebra-aprovacao-de-projeto-que-amplia-idade-para-ingresso-na-pm-e-bombeiros\/","title":{"rendered":"Capit\u00e3o Alden celebra aprova\u00e7\u00e3o de projeto que amplia idade para ingresso na PM e Bombeiros"},"content":{"rendered":"<div class=\"conteudo_post\">\n<p>O deputado federal Capit\u00e3o Alden (PL), vice-l\u00edder da oposi\u00e7\u00e3o na C\u00e2mara, comemorou a aprova\u00e7\u00e3o no Senado do Projeto de Lei 1469\/2020, que amplia a idade m\u00e1xima para ingresso nas Pol\u00edcias Militares e nos Corpos de Bombeiros Militares.<\/p>\n<div>\n<div>\n<div class=\"trv-player-container\">\n<div class=\"trv-wrapper\">\n<div id=\"br_video_player_f14f11d5f71e49a6d8d1ea147751da9dc3c659f9\" class=\"trvd_video_player trvdinstream\">O parlamentar baiano, que atuou na articula\u00e7\u00e3o do projeto tanto na C\u00e2mara quanto no Senado, afirmou que a mudan\u00e7a representa um avan\u00e7o para candidatos que desejam seguir carreira militar, mas esbarravam no limite de idade.<\/div>\n<\/div>\n<\/div>\n<\/div>\n<\/div>\n<p>\u201cO aumento da idade para 35 anos \u00e9 uma luta antiga na minha trajet\u00f3ria pol\u00edtica. Muitas pessoas sonham em vestir a honrosa farda das corpora\u00e7\u00f5es militares e tinham esse sonho frustrado pelo impeditivo da idade. Tivemos um importante avan\u00e7o. Agora \u00e9 aguardar a san\u00e7\u00e3o do projeto\u201d, afirmou.<\/p><div class=\"newsi-conteudo_19\" id=\"newsi-3596469080\"><a href=\"https:\/\/www.instagram.com\/prefeituraalagoinhas?igsh=YzgzdDJ1bWR3aWI4\" aria-label=\"SAVE_20251006_221555\"><img loading=\"lazy\" decoding=\"async\" src=\"https:\/\/newsinfoco.com.br\/inicio\/wp-content\/uploads\/2025\/10\/SAVE_20251006_221555-rotated.jpg\" alt=\"\"  srcset=\"https:\/\/newsinfoco.com.br\/inicio\/wp-content\/uploads\/2025\/10\/SAVE_20251006_221555-rotated.jpg 1140w, https:\/\/newsinfoco.com.br\/inicio\/wp-content\/uploads\/2025\/10\/SAVE_20251006_221555-300x52.jpg 300w, https:\/\/newsinfoco.com.br\/inicio\/wp-content\/uploads\/2025\/10\/SAVE_20251006_221555-1024x177.jpg 1024w, https:\/\/newsinfoco.com.br\/inicio\/wp-content\/uploads\/2025\/10\/SAVE_20251006_221555-768x133.jpg 768w, https:\/\/newsinfoco.com.br\/inicio\/wp-content\/uploads\/2025\/10\/SAVE_20251006_221555-600x104.jpg 600w, https:\/\/newsinfoco.com.br\/inicio\/wp-content\/uploads\/2025\/10\/SAVE_20251006_221555-696x120.jpg 696w, https:\/\/newsinfoco.com.br\/inicio\/wp-content\/uploads\/2025\/10\/SAVE_20251006_221555-1068x185.jpg 1068w\" sizes=\"(max-width: 1140px) 100vw, 1140px\" width=\"1140\" height=\"197\"   \/><\/a><\/div>\n<\/div>\n<div id=\"div-share\">\n<div class=\"conteudo_post\">\n<p>O deputado federal Capit\u00e3o Alden (PL), vice-l\u00edder da oposi\u00e7\u00e3o na C\u00e2mara, comemorou a aprova\u00e7\u00e3o no Senado do Projeto de Lei 1469\/2020, que amplia a idade m\u00e1xima para ingresso nas Pol\u00edcias Militares e nos Corpos de Bombeiros Militares.<\/p>\n<p>Bahia.Ba<\/p>\n<\/div>\n<\/div>\n<div class='share-to-whatsapp-wrapper'><div class='share-on-whsp'>Share on: <\/div><a data-text='Capit\u00e3o Alden celebra aprova\u00e7\u00e3o de projeto que amplia idade para ingresso na PM e Bombeiros' data-link='https:\/\/newsinfoco.com.br\/inicio\/capitao-alden-celebra-aprovacao-de-projeto-que-amplia-idade-para-ingresso-na-pm-e-bombeiros\/' class='whatsapp-button whatsapp-share'>WhatsApp<\/a><div class='clear '><\/div><\/div>","protected":false},"excerpt":{"rendered":"<p>O deputado federal Capit\u00e3o Alden (PL), vice-l\u00edder da oposi\u00e7\u00e3o na C\u00e2mara, comemorou a aprova\u00e7\u00e3o no Senado do Projeto de Lei 1469\/2020, que amplia a idade m\u00e1xima para ingresso nas Pol\u00edcias Militares e nos Corpos de Bombeiros Militares. O parlamentar baiano, que atuou na articula\u00e7\u00e3o do projeto tanto na C\u00e2mara quanto no Senado, afirmou que a [&hellip;]<\/p>\n","protected":false},"author":1,"featured_media":48473,"comment_status":"closed","ping_status":"closed","sticky":false,"template":"","format":"standard","meta":{"om_disable_all_campaigns":false,"_exactmetrics_skip_tracking":false,"_exactmetrics_sitenote_active":false,"_exactmetrics_sitenote_note":"","_exactmetrics_sitenote_category":0,"footnotes":""},"categories":[19],"tags":[],"class_list":["post-48472","post","type-post","status-publish","format-standard","has-post-thumbnail","hentry","category-bahia"],"aioseo_notices":[],"_links":{"self":[{"href":"https:\/\/newsinfoco.com.br\/inicio\/wp-json\/wp\/v2\/posts\/48472","targetHints":{"allow":["GET"]}}],"collection":[{"href":"https:\/\/newsinfoco.com.br\/inicio\/wp-json\/wp\/v2\/posts"}],"about":[{"href":"https:\/\/newsinfoco.com.br\/inicio\/wp-json\/wp\/v2\/types\/post"}],"author":[{"embeddable":true,"href":"https:\/\/newsinfoco.com.br\/inicio\/wp-json\/wp\/v2\/users\/1"}],"replies":[{"embeddable":true,"href":"https:\/\/newsinfoco.com.br\/inicio\/wp-json\/wp\/v2\/comments?post=48472"}],"version-history":[{"count":1,"href":"https:\/\/newsinfoco.com.br\/inicio\/wp-json\/wp\/v2\/posts\/48472\/revisions"}],"predecessor-version":[{"id":48474,"href":"https:\/\/newsinfoco.com.br\/inicio\/wp-json\/wp\/v2\/posts\/48472\/revisions\/48474"}],"wp:featuredmedia":[{"embeddable":true,"href":"https:\/\/newsinfoco.com.br\/inicio\/wp-json\/wp\/v2\/media\/48473"}],"wp:attachment":[{"href":"https:\/\/newsinfoco.com.br\/inicio\/wp-json\/wp\/v2\/media?parent=48472"}],"wp:term":[{"taxonomy":"category","embeddable":true,"href":"https:\/\/newsinfoco.com.br\/inicio\/wp-json\/wp\/v2\/categories?post=48472"},{"taxonomy":"post_tag","embeddable":true,"href":"https:\/\/newsinfoco.com.br\/inicio\/wp-json\/wp\/v2\/tags?post=48472"}],"curies":[{"name":"wp","href":"https:\/\/api.w.org\/{rel}","templated":true}]}}