{"id":48475,"date":"2025-12-11T13:21:44","date_gmt":"2025-12-11T16:21:44","guid":{"rendered":"https:\/\/newsinfoco.com.br\/inicio\/?p=48475"},"modified":"2025-12-11T13:21:44","modified_gmt":"2025-12-11T16:21:44","slug":"alagoinhas-sedia-ultima-reuniao-do-ano-da-comissao-intergestora-regional-da-macrorregiao-nordeste","status":"publish","type":"post","link":"https:\/\/newsinfoco.com.br\/inicio\/alagoinhas-sedia-ultima-reuniao-do-ano-da-comissao-intergestora-regional-da-macrorregiao-nordeste\/","title":{"rendered":"Alagoinhas sedia \u00faltima reuni\u00e3o do ano da Comiss\u00e3o Intergestora Regional da Macrorregi\u00e3o Nordeste"},"content":{"rendered":"<p>Alagoinhas sediou a \u00faltima reuni\u00e3o de 2025 da Comiss\u00e3o Intergestora Regional (CIR) da Macrorregi\u00e3o Nordeste, reunindo secret\u00e1rios municipais de Sa\u00fade dos 34 munic\u00edpios que comp\u00f5em o territ\u00f3rio. O encontro ocorreu na manh\u00e3 desta quinta-feira, 11, no audit\u00f3rio do Col\u00e9gio Sant\u00edssimo Sacramento.<\/p>\n<p>A reuni\u00e3o teve como pauta a apresenta\u00e7\u00e3o de demandas e informes dos representantes municipais, al\u00e9m da atualiza\u00e7\u00e3o de pol\u00edticas p\u00fablicas que impactam diretamente a rede de aten\u00e7\u00e3o \u00e0 sa\u00fade na regi\u00e3o. Ao longo da manh\u00e3, gestores discutiram estrat\u00e9gias integradas para o fortalecimento dos servi\u00e7os de m\u00e9dia e alta complexidade, sistemas de regula\u00e7\u00e3o e fluxos assistenciais, bem como servi\u00e7os essenciais como CAPS, SAMU e unidades de refer\u00eancia.<\/p><div class=\"newsi-conteudo_19\" id=\"newsi-1124753053\"><a href=\"https:\/\/www.instagram.com\/prefeituraalagoinhas?igsh=YzgzdDJ1bWR3aWI4\" aria-label=\"SAVE_20251006_221555\"><img loading=\"lazy\" decoding=\"async\" src=\"https:\/\/newsinfoco.com.br\/inicio\/wp-content\/uploads\/2025\/10\/SAVE_20251006_221555-rotated.jpg\" alt=\"\"  srcset=\"https:\/\/newsinfoco.com.br\/inicio\/wp-content\/uploads\/2025\/10\/SAVE_20251006_221555-rotated.jpg 1140w, https:\/\/newsinfoco.com.br\/inicio\/wp-content\/uploads\/2025\/10\/SAVE_20251006_221555-300x52.jpg 300w, https:\/\/newsinfoco.com.br\/inicio\/wp-content\/uploads\/2025\/10\/SAVE_20251006_221555-1024x177.jpg 1024w, https:\/\/newsinfoco.com.br\/inicio\/wp-content\/uploads\/2025\/10\/SAVE_20251006_221555-768x133.jpg 768w, https:\/\/newsinfoco.com.br\/inicio\/wp-content\/uploads\/2025\/10\/SAVE_20251006_221555-600x104.jpg 600w, https:\/\/newsinfoco.com.br\/inicio\/wp-content\/uploads\/2025\/10\/SAVE_20251006_221555-696x120.jpg 696w, https:\/\/newsinfoco.com.br\/inicio\/wp-content\/uploads\/2025\/10\/SAVE_20251006_221555-1068x185.jpg 1068w\" sizes=\"(max-width: 1140px) 100vw, 1140px\" width=\"1140\" height=\"197\"   \/><\/a><\/div>\n<p>Rog\u00e9rio Ramos, coordenador do N\u00facleo Regional de Sa\u00fade Nordeste, destacou a import\u00e2ncia da CIR como inst\u00e2ncia estrat\u00e9gica para o planejamento e a pactua\u00e7\u00e3o das a\u00e7\u00f5es de sa\u00fade entre os munic\u00edpios. Segundo ele, a comiss\u00e3o \u201cdestina-se a discutir quest\u00f5es necess\u00e1rias para que os servi\u00e7os e programas de sa\u00fade dos munic\u00edpios funcionem. Tudo que depende de avalia\u00e7\u00e3o e aprova\u00e7\u00e3o para seguir para colegiados de inst\u00e2ncias superiores passa por esta comiss\u00e3o\u201d.<\/p>\n<p>Ant\u00f4nio Virg\u00ednio Pereira, secret\u00e1rio de Sa\u00fade de Alagoinhas, apontou o espa\u00e7o como fundamental para o alinhamento regional: \u201cNesse momento discutimos as pol\u00edticas integradas e comuns aos v\u00e1rios munic\u00edpios que comp\u00f5em a regi\u00e3o, como os sistemas de regula\u00e7\u00e3o, os servi\u00e7os de refer\u00eancia, servi\u00e7os como CAPS, SAMU, etc. Alagoinhas, como cidade polo da regi\u00e3o, \u00e9 a que tem a maior gama de servi\u00e7os tanto na aten\u00e7\u00e3o prim\u00e1ria quanto na aten\u00e7\u00e3o especializada. \u00c9 refer\u00eancia para munic\u00edpios circunvizinhos, principalmente no que demanda cuidados de m\u00e9dia e alta complexidade\u201d, afirmou.<\/p>\n<p>&nbsp;<\/p>\n<div align=\"right\"><\/div>\n<div class='share-to-whatsapp-wrapper'><div class='share-on-whsp'>Share on: <\/div><a data-text='Alagoinhas sedia \u00faltima reuni\u00e3o do ano da Comiss\u00e3o Intergestora Regional da Macrorregi\u00e3o Nordeste' data-link='https:\/\/newsinfoco.com.br\/inicio\/alagoinhas-sedia-ultima-reuniao-do-ano-da-comissao-intergestora-regional-da-macrorregiao-nordeste\/' class='whatsapp-button whatsapp-share'>WhatsApp<\/a><div class='clear '><\/div><\/div>","protected":false},"excerpt":{"rendered":"<p>Alagoinhas sediou a \u00faltima reuni\u00e3o de 2025 da Comiss\u00e3o Intergestora Regional (CIR) da Macrorregi\u00e3o Nordeste, reunindo secret\u00e1rios municipais de Sa\u00fade dos 34 munic\u00edpios que comp\u00f5em o territ\u00f3rio. O encontro ocorreu na manh\u00e3 desta quinta-feira, 11, no audit\u00f3rio do Col\u00e9gio Sant\u00edssimo Sacramento. A reuni\u00e3o teve como pauta a apresenta\u00e7\u00e3o de demandas e informes dos representantes municipais, [&hellip;]<\/p>\n","protected":false},"author":1,"featured_media":48476,"comment_status":"closed","ping_status":"closed","sticky":false,"template":"","format":"standard","meta":{"om_disable_all_campaigns":false,"_exactmetrics_skip_tracking":false,"_exactmetrics_sitenote_active":false,"_exactmetrics_sitenote_note":"","_exactmetrics_sitenote_category":0,"footnotes":""},"categories":[38,167],"tags":[],"class_list":["post-48475","post","type-post","status-publish","format-standard","has-post-thumbnail","hentry","category-alagoinhas-e-regiao","category-exclusivas"],"aioseo_notices":[],"_links":{"self":[{"href":"https:\/\/newsinfoco.com.br\/inicio\/wp-json\/wp\/v2\/posts\/48475","targetHints":{"allow":["GET"]}}],"collection":[{"href":"https:\/\/newsinfoco.com.br\/inicio\/wp-json\/wp\/v2\/posts"}],"about":[{"href":"https:\/\/newsinfoco.com.br\/inicio\/wp-json\/wp\/v2\/types\/post"}],"author":[{"embeddable":true,"href":"https:\/\/newsinfoco.com.br\/inicio\/wp-json\/wp\/v2\/users\/1"}],"replies":[{"embeddable":true,"href":"https:\/\/newsinfoco.com.br\/inicio\/wp-json\/wp\/v2\/comments?post=48475"}],"version-history":[{"count":1,"href":"https:\/\/newsinfoco.com.br\/inicio\/wp-json\/wp\/v2\/posts\/48475\/revisions"}],"predecessor-version":[{"id":48477,"href":"https:\/\/newsinfoco.com.br\/inicio\/wp-json\/wp\/v2\/posts\/48475\/revisions\/48477"}],"wp:featuredmedia":[{"embeddable":true,"href":"https:\/\/newsinfoco.com.br\/inicio\/wp-json\/wp\/v2\/media\/48476"}],"wp:attachment":[{"href":"https:\/\/newsinfoco.com.br\/inicio\/wp-json\/wp\/v2\/media?parent=48475"}],"wp:term":[{"taxonomy":"category","embeddable":true,"href":"https:\/\/newsinfoco.com.br\/inicio\/wp-json\/wp\/v2\/categories?post=48475"},{"taxonomy":"post_tag","embeddable":true,"href":"https:\/\/newsinfoco.com.br\/inicio\/wp-json\/wp\/v2\/tags?post=48475"}],"curies":[{"name":"wp","href":"https:\/\/api.w.org\/{rel}","templated":true}]}}