{"id":4848,"date":"2018-06-06T08:48:49","date_gmt":"2018-06-06T11:48:49","guid":{"rendered":"http:\/\/newsinfoco.com.br\/?p=4848"},"modified":"2018-06-06T08:49:43","modified_gmt":"2018-06-06T11:49:43","slug":"prefeitura-anuncia-bell-marques-no-sao-joao-de-alagoinhas","status":"publish","type":"post","link":"https:\/\/newsinfoco.com.br\/inicio\/prefeitura-anuncia-bell-marques-no-sao-joao-de-alagoinhas\/","title":{"rendered":"Prefeitura anuncia Bell Marques no S\u00e3o Jo\u00e3o de Alagoinhas"},"content":{"rendered":"<p style=\"text-align: justify;\">Conforme anunciado pelo site News Infoco, o show da dupla Simone e Simaria foi oficialmente cancelado pela prefeitura de Alagoinhas.<\/p>\n<p style=\"text-align: justify;\">No seu lugar foram contratadas duas atra\u00e7\u00f5es que ir\u00e3o se apresentar dia 24 de junho no S\u00e3o Jo\u00e3o de Alagoinhas: Bell Marques, ex vocalista do Chiclete com Banana e o Trio Nordestino.<\/p><div class=\"newsi-conteudo_19\" id=\"newsi-1068987094\"><a href=\"https:\/\/www.instagram.com\/prefeituraalagoinhas?igsh=YzgzdDJ1bWR3aWI4\" aria-label=\"SAVE_20251006_221555\"><img loading=\"lazy\" decoding=\"async\" src=\"https:\/\/newsinfoco.com.br\/inicio\/wp-content\/uploads\/2025\/10\/SAVE_20251006_221555-rotated.jpg\" alt=\"\"  srcset=\"https:\/\/newsinfoco.com.br\/inicio\/wp-content\/uploads\/2025\/10\/SAVE_20251006_221555-rotated.jpg 1140w, https:\/\/newsinfoco.com.br\/inicio\/wp-content\/uploads\/2025\/10\/SAVE_20251006_221555-300x52.jpg 300w, https:\/\/newsinfoco.com.br\/inicio\/wp-content\/uploads\/2025\/10\/SAVE_20251006_221555-1024x177.jpg 1024w, https:\/\/newsinfoco.com.br\/inicio\/wp-content\/uploads\/2025\/10\/SAVE_20251006_221555-768x133.jpg 768w, https:\/\/newsinfoco.com.br\/inicio\/wp-content\/uploads\/2025\/10\/SAVE_20251006_221555-600x104.jpg 600w, https:\/\/newsinfoco.com.br\/inicio\/wp-content\/uploads\/2025\/10\/SAVE_20251006_221555-696x120.jpg 696w, https:\/\/newsinfoco.com.br\/inicio\/wp-content\/uploads\/2025\/10\/SAVE_20251006_221555-1068x185.jpg 1068w\" sizes=\"(max-width: 1140px) 100vw, 1140px\" width=\"1140\" height=\"197\"   \/><\/a><\/div>\n<p style=\"text-align: justify;\">De acordo com George Cabor\u00e9, um dos organizadores da festa, a mudan\u00e7a representa economia em termos financeiros e foco no planejamento da festa que busca se concretizar como a mais nova tradi\u00e7\u00e3o da Bahia. \u201cO p\u00fablico esperava ver a dupla no palco. Com a aus\u00eancia de uma das cantoras, o show n\u00e3o seria o mesmo. Ent\u00e3o a substitui\u00e7\u00e3o se deu por esse fator e tamb\u00e9m por uma quest\u00e3o de economia, porque conseguimos trazer duas atra\u00e7\u00f5es de reconhecimento nacional por um valor inferior ao que estava sendo negociado com as coleguinhas. Com a grade fechada, temos uma programa\u00e7\u00e3o que, em quase 80%, \u00e9 formada por bandas de forr\u00f3 e, ao mesmo tempo, temos Luan Santana, no dia 22, ent\u00e3o \u00e9 isso. A gente traz uma grade ecl\u00e9tica, diversificada, para agradar tanto ao p\u00fablico jovem quanto aos apreciadores do ritmo tradicional\u201d, explicou.<\/p>\n<p style=\"text-align: justify;\">Al\u00e9m dos dias oficiais do evento, que acontece de 22 a 24 de junho, na Avenida Joseph Wagner, o S\u00e3o Jo\u00e3o de Alagoinhas conta com o \u201cTrem do Forr\u00f3\u201d, entre os dias 13 e 17 de junho e com a \u201cVila do Forr\u00f3\u201d, que ser\u00e1 montada no estacionamento da prefeitura, esquentando o clima com apresenta\u00e7\u00f5es musicais, feira de comidas t\u00edpicas, programa\u00e7\u00f5es culturais e quadrilhas juninas de 15 a 24 de junho.<\/p>\n<p style=\"text-align: justify;\">A previs\u00e3o \u00e9 de que a estrutura montada receba at\u00e9 50 mil pessoas para a festa oficial, de acordo com a Secretaria Municipal de Cultura, Esporte e Turismo (SECET). \u201cRefer\u00eancia cultural do agreste baiano, Alagoinhas pode vislumbrar, com a realiza\u00e7\u00e3o do S\u00e3o Jo\u00e3o, uma excelente oportunidade de apresentar nossa cidade n\u00e3o s\u00f3 aos baianos, mas \u00e0s pessoas de todos os cantos que nos visitarem\u201d, afirmou Iraci Gama, vice-prefeita e secret\u00e1ria de cultura do munic\u00edpio.<\/p>\n<p style=\"text-align: justify;\">Confira a programa\u00e7\u00e3o completa ap\u00f3s as mudan\u00e7as:<\/p>\n<p style=\"text-align: justify;\"><strong>Trem do Forr\u00f3:<\/strong><br \/>\n<strong>Dia 13<\/strong> \u2013 QUARTA-FEIRA: Funcion\u00e1rios da rede de ferrovi\u00e1rios<br \/>\n<strong>Dia 14<\/strong> \u2013 QUINTA-FEIRA: Estudantes de escolas p\u00fablicas e privadas<br \/>\n<strong>Dias 15, 16 e 17<\/strong> \u2013 SEXTA, S\u00c1BADO E DOMINGO: Aberto ao p\u00fablico<br \/>\n<strong>Hor\u00e1rio:<\/strong> 9h \u00e0s 17h<br \/>\n<strong>Entrada:<\/strong> Uma lata de leite ou um pacote de fralda geri\u00e1trica<\/p>\n<p style=\"text-align: justify;\"><strong>Shows:<\/strong><br \/>\n<strong>Dia 22 \u2013 SEXTA-FEIRA:<\/strong><br \/>\nZ\u00e9 Duarte<br \/>\nXote Mania<br \/>\nLuan Santana<br \/>\nZ\u00e9 Ribeiro<\/p>\n<p style=\"text-align: justify;\"><strong>Dia 23 \u2013 S\u00c1BADO:<\/strong><br \/>\nChiquinho Forr\u00f3 Pesado<br \/>\nDel Feliz<br \/>\nGil Mour\u00e3o<br \/>\nSantana O Cantador<\/p>\n<p style=\"text-align: justify;\"><strong>Dia 24 \u2013 DOMINGO:<\/strong><br \/>\nAndr\u00e9 e Mauro<br \/>\nXinelo Baiano<br \/>\nZ\u00e9 de Tonha<br \/>\nTrio Nordestino<br \/>\nBell Marques (especial de forr\u00f3)<\/p>\n<p style=\"text-align: right;\"><span style=\"color: #999999;\">Por Caio Pimenta para o News Infoco<\/span><\/p>\n<div align=\"right\">\n<p style=\"text-align: justify;\">\n<\/div>\n<div class='share-to-whatsapp-wrapper'><div class='share-on-whsp'>Share on: <\/div><a data-text='Prefeitura anuncia Bell Marques no S\u00e3o Jo\u00e3o de Alagoinhas' data-link='https:\/\/newsinfoco.com.br\/inicio\/prefeitura-anuncia-bell-marques-no-sao-joao-de-alagoinhas\/' class='whatsapp-button whatsapp-share'>WhatsApp<\/a><div class='clear '><\/div><\/div>","protected":false},"excerpt":{"rendered":"<p>Conforme anunciado pelo site News Infoco, o show da dupla Simone e Simaria foi oficialmente cancelado pela prefeitura de Alagoinhas. No seu lugar foram contratadas duas atra\u00e7\u00f5es que ir\u00e3o se apresentar dia 24 de junho no S\u00e3o Jo\u00e3o de Alagoinhas: Bell Marques, ex vocalista do Chiclete com Banana e o Trio Nordestino. De acordo com [&hellip;]<\/p>\n","protected":false},"author":1,"featured_media":4849,"comment_status":"open","ping_status":"open","sticky":false,"template":"","format":"standard","meta":{"om_disable_all_campaigns":false,"_exactmetrics_skip_tracking":false,"_exactmetrics_sitenote_active":false,"_exactmetrics_sitenote_note":"","_exactmetrics_sitenote_category":0,"footnotes":""},"categories":[38,30],"tags":[],"class_list":["post-4848","post","type-post","status-publish","format-standard","has-post-thumbnail","hentry","category-alagoinhas-e-regiao","category-destaque"],"aioseo_notices":[],"_links":{"self":[{"href":"https:\/\/newsinfoco.com.br\/inicio\/wp-json\/wp\/v2\/posts\/4848","targetHints":{"allow":["GET"]}}],"collection":[{"href":"https:\/\/newsinfoco.com.br\/inicio\/wp-json\/wp\/v2\/posts"}],"about":[{"href":"https:\/\/newsinfoco.com.br\/inicio\/wp-json\/wp\/v2\/types\/post"}],"author":[{"embeddable":true,"href":"https:\/\/newsinfoco.com.br\/inicio\/wp-json\/wp\/v2\/users\/1"}],"replies":[{"embeddable":true,"href":"https:\/\/newsinfoco.com.br\/inicio\/wp-json\/wp\/v2\/comments?post=4848"}],"version-history":[{"count":0,"href":"https:\/\/newsinfoco.com.br\/inicio\/wp-json\/wp\/v2\/posts\/4848\/revisions"}],"wp:featuredmedia":[{"embeddable":true,"href":"https:\/\/newsinfoco.com.br\/inicio\/wp-json\/wp\/v2\/media\/4849"}],"wp:attachment":[{"href":"https:\/\/newsinfoco.com.br\/inicio\/wp-json\/wp\/v2\/media?parent=4848"}],"wp:term":[{"taxonomy":"category","embeddable":true,"href":"https:\/\/newsinfoco.com.br\/inicio\/wp-json\/wp\/v2\/categories?post=4848"},{"taxonomy":"post_tag","embeddable":true,"href":"https:\/\/newsinfoco.com.br\/inicio\/wp-json\/wp\/v2\/tags?post=4848"}],"curies":[{"name":"wp","href":"https:\/\/api.w.org\/{rel}","templated":true}]}}