{"id":48480,"date":"2025-12-11T13:32:59","date_gmt":"2025-12-11T16:32:59","guid":{"rendered":"https:\/\/newsinfoco.com.br\/inicio\/?p=48480"},"modified":"2025-12-11T13:32:59","modified_gmt":"2025-12-11T16:32:59","slug":"encerramento-do-ciclo-do-orcamento-participativo-2025-celebra-fortalecimento-da-democracia-e-certifica-delegados-e-conselheiros","status":"publish","type":"post","link":"https:\/\/newsinfoco.com.br\/inicio\/encerramento-do-ciclo-do-orcamento-participativo-2025-celebra-fortalecimento-da-democracia-e-certifica-delegados-e-conselheiros\/","title":{"rendered":"Encerramento do Ciclo do Or\u00e7amento Participativo 2025 celebra fortalecimento da democracia e certifica delegados e conselheiros"},"content":{"rendered":"<div class=\"site-wrapper\">\n<div class=\"prl-container\">\n<div class=\"prl-grid prl-grid-divider\">\n<section id=\"main\" class=\"prl-span-9\">\n<article id=\"post-86078\" class=\"article-single post-86078 post type-post status-publish format-standard has-post-thumbnail hentry category-spp-superintendencia-de-participacao-popular\">\n<div class=\"prl-grid\">\n<div class=\"prl-span-9 prl-span-flip\">\n<div class=\"prl-entry-content clearfix\">\n<p>A Prefeitura de Alagoinhas realizou, na noite de quarta-feira, 10, o encerramento do Ciclo do Or\u00e7amento Participativo (OP) 2025, um momento de celebra\u00e7\u00e3o e reconhecimento do compromisso da gest\u00e3o municipal com a democracia participativa. Realizado no audit\u00f3rio da Pastoral do Menor, o encontro reuniu representantes do Governo Municipal, delegados(as), conselheiros(as) e a comunidade para apresentar os resultados do processo e refor\u00e7ar o protagonismo social na constru\u00e7\u00e3o das pol\u00edticas p\u00fablicas de Alagoinhas.<\/p>\n<p>Durante o evento, foram entregues os certificados aos 61 delegados e conselheiros que conclu\u00edram o curso de forma\u00e7\u00e3o promovido pela Superintend\u00eancia de Participa\u00e7\u00e3o Popular (SPP). O curso abordou temas como administra\u00e7\u00e3o p\u00fablica, or\u00e7amento e finan\u00e7as, preparando os representantes das regionais para acompanhar e fiscalizar as a\u00e7\u00f5es definidas no ciclo do OP.<\/p><div class=\"newsi-conteudo_19\" id=\"newsi-2342849557\"><a href=\"https:\/\/www.instagram.com\/prefeituraalagoinhas?igsh=YzgzdDJ1bWR3aWI4\" aria-label=\"SAVE_20251006_221555\"><img loading=\"lazy\" decoding=\"async\" src=\"https:\/\/newsinfoco.com.br\/inicio\/wp-content\/uploads\/2025\/10\/SAVE_20251006_221555-rotated.jpg\" alt=\"\"  srcset=\"https:\/\/newsinfoco.com.br\/inicio\/wp-content\/uploads\/2025\/10\/SAVE_20251006_221555-rotated.jpg 1140w, https:\/\/newsinfoco.com.br\/inicio\/wp-content\/uploads\/2025\/10\/SAVE_20251006_221555-300x52.jpg 300w, https:\/\/newsinfoco.com.br\/inicio\/wp-content\/uploads\/2025\/10\/SAVE_20251006_221555-1024x177.jpg 1024w, https:\/\/newsinfoco.com.br\/inicio\/wp-content\/uploads\/2025\/10\/SAVE_20251006_221555-768x133.jpg 768w, https:\/\/newsinfoco.com.br\/inicio\/wp-content\/uploads\/2025\/10\/SAVE_20251006_221555-600x104.jpg 600w, https:\/\/newsinfoco.com.br\/inicio\/wp-content\/uploads\/2025\/10\/SAVE_20251006_221555-696x120.jpg 696w, https:\/\/newsinfoco.com.br\/inicio\/wp-content\/uploads\/2025\/10\/SAVE_20251006_221555-1068x185.jpg 1068w\" sizes=\"(max-width: 1140px) 100vw, 1140px\" width=\"1140\" height=\"197\"   \/><\/a><\/div>\n<p>Sobre o curso de forma\u00e7\u00e3o, o superintendente de Participa\u00e7\u00e3o Popular, T\u00e1rcio Mota, afirmou que se trata de uma estrat\u00e9gia para qualificar o trabalho dos delegados e conselheiros. \u201cA decis\u00e3o de oferecer a forma\u00e7\u00e3o foi para possibilitar que quem foi eleito delegado e conselheiro, portanto respons\u00e1vel por fiscalizar a implementa\u00e7\u00e3o dos programas e obras do OP, tivesse preparo t\u00e9cnico. Trabalhamos numa perspectiva de letramento cidad\u00e3o. Encerramos hoje o ciclo depois de percorrer as regi\u00f5es, realizar plen\u00e1rias tem\u00e1ticas, definir prioridades, eleger delegados, formar o f\u00f3rum e criar esta escola de forma\u00e7\u00e3o\u201d, disse.<\/p>\n<p>A agricultora Vilma dos Santos, delegada do Or\u00e7amento Participativo representante da regi\u00e3o de Narandiba e moradora do Pindobal, estava pronta para receber seu certificado e avaliou o curso como transformador. \u201cFoi muito interessante. Ganhei muito conhecimento, porque aprendi coisas que eu n\u00e3o tinha tido contato antes. Pudemos entender um pouco como funciona a gest\u00e3o p\u00fablica. Eu j\u00e1 espero ver, em breve, na minha comunidade, os resultados positivos dessa nossa atua\u00e7\u00e3o\u201d, afirmou.<\/p>\n<p>Para Gilberto Borges, agricultor e delegado da regi\u00e3o de Riacho da Guia, o aprendizado foi fundamental para a atua\u00e7\u00e3o no processo: \u201cEu achei muito importante, porque a gente adquire conhecimentos de como proceder, de como atuar como delegado mesmo. Essa forma\u00e7\u00e3o foi fundamental\u201d.<\/p>\n<p>No encontro, T\u00e1rcio apresentou o Plano de Investimentos para 2026, elaborado a partir das prioridades eleitas nas plen\u00e1rias regionais do Or\u00e7amento Participativo.<\/p>\n<h4><strong>Constru\u00e7\u00e3o coletiva<\/strong><\/h4>\n<p>Gustavo Carmo destacou a satisfa\u00e7\u00e3o em retomar o Or\u00e7amento Participativo em Alagoinhas e refor\u00e7ou o compromisso da gest\u00e3o com o di\u00e1logo aberto e a participa\u00e7\u00e3o direta da popula\u00e7\u00e3o. \u201cEstamos muito felizes em devolver \u00e0 cidade um instrumento que fortalece a democracia, aproxima o governo das pessoas e garante que as decis\u00f5es sobre o futuro de Alagoinhas sejam constru\u00eddas junto com quem vive o dia a dia da nossa cidade. Retomar o Or\u00e7amento Participativo \u00e9 reafirmar o compromisso que assumimos com a transpar\u00eancia, com a escuta e com o avan\u00e7o de pol\u00edticas p\u00fablicas que nascem das prioridades reais da popula\u00e7\u00e3o\u201d, afirmou.<\/p>\n<p>\u201cQuando olhamos para tudo o que vivemos desde o in\u00edcio de cada etapa, vemos que formamos um verdadeiro ex\u00e9rcito de cidadania, cujo objetivo \u00e9 servir ao munic\u00edpio. E n\u00e3o \u00e9 servir de forma hierarquicamente submetida, mas servir com criticidade, aprendendo como contribuir, ajudar e criticar o processo. A sensa\u00e7\u00e3o hoje \u00e9 de dever cumprido e compromisso realizado\u201d, declarou o vice-prefeito Luciano S\u00e9rgio, ao fazer uma retrospectiva do processo e apontar o engajamento popular ao longo do ciclo.<\/p>\n<p>No encerramento, houve ainda a assinatura do Termo de Inten\u00e7\u00f5es entre os governos municipal e federal para a constru\u00e7\u00e3o conjunta de uma Pol\u00edtica de Participa\u00e7\u00e3o Social em Alagoinhas, etapa que antecede a formaliza\u00e7\u00e3o de um acordo de coopera\u00e7\u00e3o t\u00e9cnica. A assinatura foi formalizada pelo prefeito Gustavo Carmo e por Junior Caro\u00e9, coordenador nacional de Planejamento e Or\u00e7amento Participativo da Secretaria-Geral da Presid\u00eancia da Rep\u00fablica, representando o Governo Federal.<\/p>\n<p>\u201cQuando gestores e gestoras t\u00eam esse olhar diferenciado e tomam essa decis\u00e3o pol\u00edtica, eles permitem que a popula\u00e7\u00e3o chegue mais perto. Criando canais para que essa voz seja potencializada, a administra\u00e7\u00e3o p\u00fablica acerta muito mais com o dinheiro que \u00e9 de todo mundo. Parabenizo Alagoinhas por essa decis\u00e3o correta, \u00e9tica, de colocar o cidad\u00e3o no centro das decis\u00f5es. Que a prefeitura siga caminhando lado a lado com o que nasce na cabe\u00e7a e no cora\u00e7\u00e3o do povo\u201d, afirmou Caro\u00e9.<\/p>\n<\/div>\n<\/div>\n<\/div>\n<\/article>\n<\/section>\n<\/div>\n<\/div>\n<\/div>\n<div id=\"wppbPopupShow\" class=\"wppb-popup-main-wrap wppb-effect-one\">\n<div>\n<div id=\"wrapper-wppb-global-setting-69382e5ab3aed382807747\" class=\"wppb-popup-custom-wrapper\">\n<div id=\"wppb-global-setting-69382e5ab3aed382807747\" class=\"wppb-popup-custom-content\">\n<div id=\"wppb-wrap-6510cc3983dbe671357805\" class=\" wppb-popup-rl-wrap rl-clear\">\n<div class=\"wppb-column-6510cc3983dcf594026914 wppb-popup-rl-column\">\n<div class=\"data-rl-editable-wrap wrap-image_\">\n<div id=\"wppbPopupShow\" class=\"wppb-popup-main-wrap wppb-effect-one\">\n<div>\n<div id=\"wrapper-wppb-global-setting-69382e5ab3aed382807747\" class=\"wppb-popup-custom-wrapper\">\n<div id=\"wppb-global-setting-69382e5ab3aed382807747\" class=\"wppb-popup-custom-content\">\n<div id=\"wppb-wrap-6510cc3983dbe671357805\" class=\" wppb-popup-rl-wrap rl-clear\">\n<div class=\"wppb-column-6510cc3983dcf594026914 wppb-popup-rl-column\">\n<div class=\"data-rl-editable-wrap wrap-image_\"><\/div>\n<\/div>\n<\/div>\n<\/div>\n<\/div>\n<\/div>\n<\/div>\n<\/div>\n<\/div>\n<\/div>\n<\/div>\n<\/div>\n<\/div>\n<\/div>\n<div class='share-to-whatsapp-wrapper'><div class='share-on-whsp'>Share on: <\/div><a data-text='Encerramento do Ciclo do Or\u00e7amento Participativo 2025 celebra fortalecimento da democracia e certifica delegados e conselheiros' data-link='https:\/\/newsinfoco.com.br\/inicio\/encerramento-do-ciclo-do-orcamento-participativo-2025-celebra-fortalecimento-da-democracia-e-certifica-delegados-e-conselheiros\/' class='whatsapp-button whatsapp-share'>WhatsApp<\/a><div class='clear '><\/div><\/div>","protected":false},"excerpt":{"rendered":"<p>A Prefeitura de Alagoinhas realizou, na noite de quarta-feira, 10, o encerramento do Ciclo do Or\u00e7amento Participativo (OP) 2025, um momento de celebra\u00e7\u00e3o e reconhecimento do compromisso da gest\u00e3o municipal com a democracia participativa. Realizado no audit\u00f3rio da Pastoral do Menor, o encontro reuniu representantes do Governo Municipal, delegados(as), conselheiros(as) e a comunidade para apresentar [&hellip;]<\/p>\n","protected":false},"author":1,"featured_media":48481,"comment_status":"closed","ping_status":"closed","sticky":false,"template":"","format":"standard","meta":{"om_disable_all_campaigns":false,"_exactmetrics_skip_tracking":false,"_exactmetrics_sitenote_active":false,"_exactmetrics_sitenote_note":"","_exactmetrics_sitenote_category":0,"footnotes":""},"categories":[38,167],"tags":[],"class_list":["post-48480","post","type-post","status-publish","format-standard","has-post-thumbnail","hentry","category-alagoinhas-e-regiao","category-exclusivas"],"aioseo_notices":[],"_links":{"self":[{"href":"https:\/\/newsinfoco.com.br\/inicio\/wp-json\/wp\/v2\/posts\/48480","targetHints":{"allow":["GET"]}}],"collection":[{"href":"https:\/\/newsinfoco.com.br\/inicio\/wp-json\/wp\/v2\/posts"}],"about":[{"href":"https:\/\/newsinfoco.com.br\/inicio\/wp-json\/wp\/v2\/types\/post"}],"author":[{"embeddable":true,"href":"https:\/\/newsinfoco.com.br\/inicio\/wp-json\/wp\/v2\/users\/1"}],"replies":[{"embeddable":true,"href":"https:\/\/newsinfoco.com.br\/inicio\/wp-json\/wp\/v2\/comments?post=48480"}],"version-history":[{"count":1,"href":"https:\/\/newsinfoco.com.br\/inicio\/wp-json\/wp\/v2\/posts\/48480\/revisions"}],"predecessor-version":[{"id":48482,"href":"https:\/\/newsinfoco.com.br\/inicio\/wp-json\/wp\/v2\/posts\/48480\/revisions\/48482"}],"wp:featuredmedia":[{"embeddable":true,"href":"https:\/\/newsinfoco.com.br\/inicio\/wp-json\/wp\/v2\/media\/48481"}],"wp:attachment":[{"href":"https:\/\/newsinfoco.com.br\/inicio\/wp-json\/wp\/v2\/media?parent=48480"}],"wp:term":[{"taxonomy":"category","embeddable":true,"href":"https:\/\/newsinfoco.com.br\/inicio\/wp-json\/wp\/v2\/categories?post=48480"},{"taxonomy":"post_tag","embeddable":true,"href":"https:\/\/newsinfoco.com.br\/inicio\/wp-json\/wp\/v2\/tags?post=48480"}],"curies":[{"name":"wp","href":"https:\/\/api.w.org\/{rel}","templated":true}]}}