{"id":48484,"date":"2025-12-12T20:28:17","date_gmt":"2025-12-12T23:28:17","guid":{"rendered":"https:\/\/newsinfoco.com.br\/inicio\/?p=48484"},"modified":"2025-12-12T20:28:17","modified_gmt":"2025-12-12T23:28:17","slug":"seduc-realiza-audiencia-publica-para-marcar-10-anos-do-plano-municipal-de-educacao","status":"publish","type":"post","link":"https:\/\/newsinfoco.com.br\/inicio\/seduc-realiza-audiencia-publica-para-marcar-10-anos-do-plano-municipal-de-educacao\/","title":{"rendered":"Seduc realiza audi\u00eancia p\u00fablica para marcar 10 anos do Plano Municipal de Educa\u00e7\u00e3o"},"content":{"rendered":"<p>A Secretaria de Educa\u00e7\u00e3o realizou, na tarde desta sexta-feira, 12 , audi\u00eancia p\u00fablica que marca os 10 anos de vig\u00eancia do Plano Municipal de Educa\u00e7\u00e3o (PME) 2015\u20132025. O encontro ocorreu no audit\u00f3rio da C\u00e2mara de Vereadores e reuniu representantes de toda a sociedade civil, vereadores, al\u00e9m de integrantes do Conselho Municipal de Educa\u00e7\u00e3o, do F\u00f3rum Municipal de Educa\u00e7\u00e3o, associa\u00e7\u00f5es de moradores da zona urbana e rural, professores, estudantes e gestores escolares. A audi\u00eancia p\u00fablica marca uma etapa fundamental no encerramento do atual ciclo do PME e no in\u00edcio da constru\u00e7\u00e3o do plano que orientar\u00e1 as pol\u00edticas educacionais de Alagoinhas pelos pr\u00f3ximos dez anos.<\/p>\n<p>Coordenadora do PME, Rita Rezende explicou que a audi\u00eancia cumpre um papel central na avalia\u00e7\u00e3o e no planejamento das pol\u00edticas educacionais do munic\u00edpio. \u201cEste \u00e9 o momento de informar \u00e0 popula\u00e7\u00e3o os avan\u00e7os, os desafios e os novos caminhos a serem tra\u00e7ados para a pr\u00f3xima d\u00e9cada. Avaliamos o que foi desenvolvido nesses 10 anos, das 16 metas estabelecidas no nosso plano, o que foi plenamente alcan\u00e7ado e o que ainda se constitui como desafio para Alagoinhas\u201d, explicou. Ela acrescentou que o processo de elabora\u00e7\u00e3o do novo PME j\u00e1 foi iniciado, com escutas realizadas dentro das unidades escolares, envolvendo diretamente os estudantes.<\/p><div class=\"newsi-conteudo_19\" id=\"newsi-2363670197\"><a href=\"https:\/\/www.instagram.com\/prefeituraalagoinhas?igsh=YzgzdDJ1bWR3aWI4\" aria-label=\"SAVE_20251006_221555\"><img loading=\"lazy\" decoding=\"async\" src=\"https:\/\/newsinfoco.com.br\/inicio\/wp-content\/uploads\/2025\/10\/SAVE_20251006_221555-rotated.jpg\" alt=\"\"  srcset=\"https:\/\/newsinfoco.com.br\/inicio\/wp-content\/uploads\/2025\/10\/SAVE_20251006_221555-rotated.jpg 1140w, https:\/\/newsinfoco.com.br\/inicio\/wp-content\/uploads\/2025\/10\/SAVE_20251006_221555-300x52.jpg 300w, https:\/\/newsinfoco.com.br\/inicio\/wp-content\/uploads\/2025\/10\/SAVE_20251006_221555-1024x177.jpg 1024w, https:\/\/newsinfoco.com.br\/inicio\/wp-content\/uploads\/2025\/10\/SAVE_20251006_221555-768x133.jpg 768w, https:\/\/newsinfoco.com.br\/inicio\/wp-content\/uploads\/2025\/10\/SAVE_20251006_221555-600x104.jpg 600w, https:\/\/newsinfoco.com.br\/inicio\/wp-content\/uploads\/2025\/10\/SAVE_20251006_221555-696x120.jpg 696w, https:\/\/newsinfoco.com.br\/inicio\/wp-content\/uploads\/2025\/10\/SAVE_20251006_221555-1068x185.jpg 1068w\" sizes=\"(max-width: 1140px) 100vw, 1140px\" width=\"1140\" height=\"197\"   \/><\/a><\/div>\n<p><a class=\"group1 cboxElement\" href=\"https:\/\/www.alagoinhas.ba.gov.br\/wp-content\/uploads\/2025\/12\/4482df90-9bf3-4f2b-a61a-9a6a24e2081d.jpeg\"><img loading=\"lazy\" decoding=\"async\" class=\"aligncenter size-full wp-image-86148\" src=\"https:\/\/www.alagoinhas.ba.gov.br\/wp-content\/uploads\/2025\/12\/4482df90-9bf3-4f2b-a61a-9a6a24e2081d.jpeg\" sizes=\"auto, (max-width: 1600px) 100vw, 1600px\" srcset=\"https:\/\/www.alagoinhas.ba.gov.br\/wp-content\/uploads\/2025\/12\/4482df90-9bf3-4f2b-a61a-9a6a24e2081d.jpeg 1600w, https:\/\/www.alagoinhas.ba.gov.br\/wp-content\/uploads\/2025\/12\/4482df90-9bf3-4f2b-a61a-9a6a24e2081d-300x200.jpeg 300w, https:\/\/www.alagoinhas.ba.gov.br\/wp-content\/uploads\/2025\/12\/4482df90-9bf3-4f2b-a61a-9a6a24e2081d-768x512.jpeg 768w, https:\/\/www.alagoinhas.ba.gov.br\/wp-content\/uploads\/2025\/12\/4482df90-9bf3-4f2b-a61a-9a6a24e2081d-1024x682.jpeg 1024w, https:\/\/www.alagoinhas.ba.gov.br\/wp-content\/uploads\/2025\/12\/4482df90-9bf3-4f2b-a61a-9a6a24e2081d-24x16.jpeg 24w\" alt=\"\" width=\"1600\" height=\"1066\" \/><\/a><\/p>\n<p>A programa\u00e7\u00e3o teve in\u00edcio com uma palestra da professora Fab\u00edola Bastos, do Instituto Avante Educa\u00e7\u00e3o, institui\u00e7\u00e3o parceira do munic\u00edpio, que abordou os avan\u00e7os e desafios do PME e refor\u00e7ou a import\u00e2ncia da participa\u00e7\u00e3o cidad\u00e3 na constru\u00e7\u00e3o do plano para o pr\u00f3ximo dec\u00eanio. Ap\u00f3s a apresenta\u00e7\u00e3o, a equipe de coordena\u00e7\u00e3o do documento apresentou ao p\u00fablico um relat\u00f3rio com a an\u00e1lise das metas, seguida de um momento dedicado \u00e0 participa\u00e7\u00e3o da plateia, que p\u00f4de avaliar e discutir os pontos apresentados.<\/p>\n<p>Representando os estudantes, Pedro Henrique Cardoso, de 11 anos, aluno do 5\u00ba ano da Escola Municipal Alagoinhas IV, emocionou o p\u00fablico ao ler um texto de sua autoria. No relato, falou sobre a realidade dos estudantes e ressaltou a import\u00e2ncia da escola p\u00fablica na forma\u00e7\u00e3o das crian\u00e7as e adolescentes.<\/p>\n<p>Membro do Conselho Municipal e do F\u00f3rum Municipal de Educa\u00e7\u00e3o, Audato Ramalho considera que o munic\u00edpio vive um momento decisivo. \u201cEstamos revisitando o final de um plano decenal e j\u00e1 com o olhar voltado para a constru\u00e7\u00e3o do novo. Amadurecemos em rela\u00e7\u00e3o ao passado, e isso nos permite planejar com mais solidez. Temos ainda boas perspectivas, com o novo Plano Nacional de Educa\u00e7\u00e3o aprovado na C\u00e2mara dos Deputados e o Estado tamb\u00e9m avan\u00e7ando na elabora\u00e7\u00e3o do seu plano\u201d, afirmou.<\/p>\n<p>A secret\u00e1ria municipal de Educa\u00e7\u00e3o, Rita Bastos, falou do compromisso do munic\u00edpio com a pol\u00edtica educacional. \u201cCabe aos munic\u00edpios traduzirem as diretrizes nacionais para sua realidade local, garantindo universaliza\u00e7\u00e3o do acesso, qualidade, equidade e participa\u00e7\u00e3o social. A implementa\u00e7\u00e3o das metas exige esfor\u00e7o conjunto: poder p\u00fablico, educadores, fam\u00edlias e sociedade civil. \u00c9 um pacto com o futuro, com a esperan\u00e7a e com a dignidade humana. Com di\u00e1logo, coragem e compromisso, construiremos um PME que reflita nossas necessidades e potencialidades, consolidando uma educa\u00e7\u00e3o municipal mais forte, justa e inclusiva\u201d, declarou a secret\u00e1ria.<\/p>\n<p>&nbsp;<\/p>\n<p><a class=\"group1 cboxElement\" href=\"https:\/\/www.alagoinhas.ba.gov.br\/wp-content\/uploads\/2025\/12\/48e84b2e-3963-4463-bff5-a9ab5e00b101.jpeg\"><img loading=\"lazy\" decoding=\"async\" class=\"aligncenter size-full wp-image-86149\" src=\"https:\/\/www.alagoinhas.ba.gov.br\/wp-content\/uploads\/2025\/12\/48e84b2e-3963-4463-bff5-a9ab5e00b101.jpeg\" sizes=\"auto, (max-width: 1600px) 100vw, 1600px\" srcset=\"https:\/\/www.alagoinhas.ba.gov.br\/wp-content\/uploads\/2025\/12\/48e84b2e-3963-4463-bff5-a9ab5e00b101.jpeg 1600w, https:\/\/www.alagoinhas.ba.gov.br\/wp-content\/uploads\/2025\/12\/48e84b2e-3963-4463-bff5-a9ab5e00b101-300x200.jpeg 300w, https:\/\/www.alagoinhas.ba.gov.br\/wp-content\/uploads\/2025\/12\/48e84b2e-3963-4463-bff5-a9ab5e00b101-768x512.jpeg 768w, https:\/\/www.alagoinhas.ba.gov.br\/wp-content\/uploads\/2025\/12\/48e84b2e-3963-4463-bff5-a9ab5e00b101-1024x682.jpeg 1024w, https:\/\/www.alagoinhas.ba.gov.br\/wp-content\/uploads\/2025\/12\/48e84b2e-3963-4463-bff5-a9ab5e00b101-24x16.jpeg 24w\" alt=\"\" width=\"1600\" height=\"1066\" \/><br \/>\n<\/a><\/p>\n<h5><strong>Fotos: Roberto Fonseca\/Secom\/Alagoinhas<\/strong><\/h5>\n<div class='share-to-whatsapp-wrapper'><div class='share-on-whsp'>Share on: <\/div><a data-text='Seduc realiza audi\u00eancia p\u00fablica para marcar 10 anos do Plano Municipal de Educa\u00e7\u00e3o' data-link='https:\/\/newsinfoco.com.br\/inicio\/seduc-realiza-audiencia-publica-para-marcar-10-anos-do-plano-municipal-de-educacao\/' class='whatsapp-button whatsapp-share'>WhatsApp<\/a><div class='clear '><\/div><\/div>","protected":false},"excerpt":{"rendered":"<p>A Secretaria de Educa\u00e7\u00e3o realizou, na tarde desta sexta-feira, 12 , audi\u00eancia p\u00fablica que marca os 10 anos de vig\u00eancia do Plano Municipal de Educa\u00e7\u00e3o (PME) 2015\u20132025. O encontro ocorreu no audit\u00f3rio da C\u00e2mara de Vereadores e reuniu representantes de toda a sociedade civil, vereadores, al\u00e9m de integrantes do Conselho Municipal de Educa\u00e7\u00e3o, do F\u00f3rum [&hellip;]<\/p>\n","protected":false},"author":1,"featured_media":48486,"comment_status":"closed","ping_status":"closed","sticky":false,"template":"","format":"standard","meta":{"om_disable_all_campaigns":false,"_exactmetrics_skip_tracking":false,"_exactmetrics_sitenote_active":false,"_exactmetrics_sitenote_note":"","_exactmetrics_sitenote_category":0,"footnotes":""},"categories":[38,30,167],"tags":[],"class_list":["post-48484","post","type-post","status-publish","format-standard","has-post-thumbnail","hentry","category-alagoinhas-e-regiao","category-destaque","category-exclusivas"],"aioseo_notices":[],"_links":{"self":[{"href":"https:\/\/newsinfoco.com.br\/inicio\/wp-json\/wp\/v2\/posts\/48484","targetHints":{"allow":["GET"]}}],"collection":[{"href":"https:\/\/newsinfoco.com.br\/inicio\/wp-json\/wp\/v2\/posts"}],"about":[{"href":"https:\/\/newsinfoco.com.br\/inicio\/wp-json\/wp\/v2\/types\/post"}],"author":[{"embeddable":true,"href":"https:\/\/newsinfoco.com.br\/inicio\/wp-json\/wp\/v2\/users\/1"}],"replies":[{"embeddable":true,"href":"https:\/\/newsinfoco.com.br\/inicio\/wp-json\/wp\/v2\/comments?post=48484"}],"version-history":[{"count":1,"href":"https:\/\/newsinfoco.com.br\/inicio\/wp-json\/wp\/v2\/posts\/48484\/revisions"}],"predecessor-version":[{"id":48487,"href":"https:\/\/newsinfoco.com.br\/inicio\/wp-json\/wp\/v2\/posts\/48484\/revisions\/48487"}],"wp:featuredmedia":[{"embeddable":true,"href":"https:\/\/newsinfoco.com.br\/inicio\/wp-json\/wp\/v2\/media\/48486"}],"wp:attachment":[{"href":"https:\/\/newsinfoco.com.br\/inicio\/wp-json\/wp\/v2\/media?parent=48484"}],"wp:term":[{"taxonomy":"category","embeddable":true,"href":"https:\/\/newsinfoco.com.br\/inicio\/wp-json\/wp\/v2\/categories?post=48484"},{"taxonomy":"post_tag","embeddable":true,"href":"https:\/\/newsinfoco.com.br\/inicio\/wp-json\/wp\/v2\/tags?post=48484"}],"curies":[{"name":"wp","href":"https:\/\/api.w.org\/{rel}","templated":true}]}}