{"id":48488,"date":"2025-12-12T20:32:02","date_gmt":"2025-12-12T23:32:02","guid":{"rendered":"https:\/\/newsinfoco.com.br\/inicio\/?p=48488"},"modified":"2025-12-12T20:32:02","modified_gmt":"2025-12-12T23:32:02","slug":"encontro-de-saude-do-trabalhador-reune-municipios-para-fortalecer-politicas-de-protecao-e-vigilancia","status":"publish","type":"post","link":"https:\/\/newsinfoco.com.br\/inicio\/encontro-de-saude-do-trabalhador-reune-municipios-para-fortalecer-politicas-de-protecao-e-vigilancia\/","title":{"rendered":"Encontro de Sa\u00fade do Trabalhador re\u00fane munic\u00edpios para fortalecer pol\u00edticas de prote\u00e7\u00e3o e vigil\u00e2ncia"},"content":{"rendered":"<p>A Diretoria de Vigil\u00e2ncia em Sa\u00fade, por meio do Centro de Refer\u00eancia em Sa\u00fade do Trabalhador (Cerest), promove, nesta sexta-feira, 12, o 3\u00ba Encontro de Sa\u00fade do Trabalhador de Alagoinhas e regi\u00e3o. A iniciativa re\u00fane representantes de 17 munic\u00edpios, gestores, equipes t\u00e9cnicas e profissionais da \u00e1rea. O encontro, que acontece no Sest\/Senat, conta com a an\u00e1lise das a\u00e7\u00f5es desenvolvidas em 2025 e a constru\u00e7\u00e3o das diretrizes que ir\u00e3o orientar o planejamento para o pr\u00f3ximo ano.<\/p>\n<p>\u201cTodos esses componentes est\u00e3o fazendo juntos o planejamento de 2026 ao mesmo tempo em que apresentam dados e a\u00e7\u00f5es. Alagoinhas tem uma equipe multiprofissional qualificada, que atende \u00e0 regi\u00e3o. Recentemente, fomos reconhecidos pelo Minist\u00e9rio da Sa\u00fade pela conquista do terceiro lugar do Brasil, de acordo com dados referentes ao 2\u00ba quadrimestre de 2025. Queremos alcan\u00e7ar, no pr\u00f3ximo ano, o primeiro lugar\u201d, enfatiza a diretora da Vigil\u00e2ncia em Sa\u00fade de Alagoinhas, Claudine Sampaio Ramos.<\/p><div class=\"newsi-conteudo_19\" id=\"newsi-331654348\"><a href=\"https:\/\/www.instagram.com\/prefeituraalagoinhas?igsh=YzgzdDJ1bWR3aWI4\" aria-label=\"SAVE_20251006_221555\"><img loading=\"lazy\" decoding=\"async\" src=\"https:\/\/newsinfoco.com.br\/inicio\/wp-content\/uploads\/2025\/10\/SAVE_20251006_221555-rotated.jpg\" alt=\"\"  srcset=\"https:\/\/newsinfoco.com.br\/inicio\/wp-content\/uploads\/2025\/10\/SAVE_20251006_221555-rotated.jpg 1140w, https:\/\/newsinfoco.com.br\/inicio\/wp-content\/uploads\/2025\/10\/SAVE_20251006_221555-300x52.jpg 300w, https:\/\/newsinfoco.com.br\/inicio\/wp-content\/uploads\/2025\/10\/SAVE_20251006_221555-1024x177.jpg 1024w, https:\/\/newsinfoco.com.br\/inicio\/wp-content\/uploads\/2025\/10\/SAVE_20251006_221555-768x133.jpg 768w, https:\/\/newsinfoco.com.br\/inicio\/wp-content\/uploads\/2025\/10\/SAVE_20251006_221555-600x104.jpg 600w, https:\/\/newsinfoco.com.br\/inicio\/wp-content\/uploads\/2025\/10\/SAVE_20251006_221555-696x120.jpg 696w, https:\/\/newsinfoco.com.br\/inicio\/wp-content\/uploads\/2025\/10\/SAVE_20251006_221555-1068x185.jpg 1068w\" sizes=\"(max-width: 1140px) 100vw, 1140px\" width=\"1140\" height=\"197\"   \/><\/a><\/div>\n<p>A gerente do Cerest Alagoinhas, Cristiane Correia, reiterou a import\u00e2ncia dessa mobiliza\u00e7\u00e3o com v\u00e1rias cidades coirm\u00e3s no assunto. \u201cN\u00e3o conseguir\u00edamos fazer essa caminhada sozinhos. Os representantes dos munic\u00edpios est\u00e3o aqui justamente para este momento de culmin\u00e2ncia que tem rela\u00e7\u00e3o tamb\u00e9m com um crit\u00e9rio espec\u00edfico do Minist\u00e9rio da Sa\u00fade, correspondente ao registro de doen\u00e7as e agravos relacionados ao trabalho no Sistema de Informa\u00e7\u00f5es de Agravos de Notifica\u00e7\u00e3o (Sinan), o que \u00e9 de compet\u00eancia dos munic\u00edpios. Todos que est\u00e3o aqui conseguiram fazer as notifica\u00e7\u00f5es no Sinan durante nove meses consecutivos\u201d, informa.<\/p>\n<p>A coordenadora da Vigil\u00e2ncia em Sa\u00fade do munic\u00edpio de Ouri\u00e7angas, enfermeira Luciv\u00e2nia da Silva Oliveira, pontua que a parceria entre os munic\u00edpios resulta em maior alcance das a\u00e7\u00f5es do Cerest. \u201cPara al\u00e9m dos grupos, temos o compartilhamento de ideias com os outros, pois se trata de um trabalho conjunto, literalmente de m\u00e3os dadas. Independentemente de munic\u00edpios distantes, conseguimos manter essa parceria. Tamb\u00e9m desenvolvemos diversas a\u00e7\u00f5es de capacita\u00e7\u00e3o e orienta\u00e7\u00f5es aos profissionais, e tivemos um avan\u00e7o muito grande. Hoje, os pr\u00f3prios gestores identificam a import\u00e2ncia de ter uma refer\u00eancia t\u00e9cnica dentro do munic\u00edpio\u201d, explica.<\/p>\n<p>Para a coordenadora estadual da Gest\u00e3o da Rede de Sa\u00fade do Trabalhador, Kamile Serravalle, o trabalho tem resultado em avan\u00e7os positivos para a Bahia. \u201c\u00c9 uma regi\u00e3o que apresenta uma boa notifica\u00e7\u00e3o de doen\u00e7as e agravos relacionados ao trabalho. Ainda encontramos um hist\u00f3rico de muitos acidentes, inclusive com incapacidades permanentes e \u00f3bitos, o que faz parte do perfil produtivo da regi\u00e3o. Mas podemos registrar uma atua\u00e7\u00e3o bastante presente, caracter\u00edstica dessa regional, sendo um caso de sucesso em rela\u00e7\u00e3o \u00e0s a\u00e7\u00f5es de Sa\u00fade do Trabalhador tanto na Bahia quanto no restante do Brasil\u201d, avalia.<\/p>\n<p><a class=\"group1 cboxElement\" href=\"https:\/\/www.alagoinhas.ba.gov.br\/wp-content\/uploads\/2025\/12\/WhatsApp-Image-2025-12-12-at-13.45.21.jpeg\"><img loading=\"lazy\" decoding=\"async\" class=\"aligncenter size-full wp-image-86144\" src=\"https:\/\/www.alagoinhas.ba.gov.br\/wp-content\/uploads\/2025\/12\/WhatsApp-Image-2025-12-12-at-13.45.21.jpeg\" sizes=\"auto, (max-width: 1600px) 100vw, 1600px\" srcset=\"https:\/\/www.alagoinhas.ba.gov.br\/wp-content\/uploads\/2025\/12\/WhatsApp-Image-2025-12-12-at-13.45.21.jpeg 1600w, https:\/\/www.alagoinhas.ba.gov.br\/wp-content\/uploads\/2025\/12\/WhatsApp-Image-2025-12-12-at-13.45.21-300x225.jpeg 300w, https:\/\/www.alagoinhas.ba.gov.br\/wp-content\/uploads\/2025\/12\/WhatsApp-Image-2025-12-12-at-13.45.21-768x576.jpeg 768w, https:\/\/www.alagoinhas.ba.gov.br\/wp-content\/uploads\/2025\/12\/WhatsApp-Image-2025-12-12-at-13.45.21-1024x768.jpeg 1024w, https:\/\/www.alagoinhas.ba.gov.br\/wp-content\/uploads\/2025\/12\/WhatsApp-Image-2025-12-12-at-13.45.21-24x18.jpeg 24w\" alt=\"\" width=\"1600\" height=\"1200\" \/><\/a><\/p>\n<p>&nbsp;<\/p>\n<p><a class=\"group1 cboxElement\" href=\"https:\/\/www.alagoinhas.ba.gov.br\/wp-content\/uploads\/2025\/12\/WhatsApp-Image-2025-12-12-at-13.52.15.jpeg\"><img loading=\"lazy\" decoding=\"async\" class=\"aligncenter size-full wp-image-86141\" src=\"https:\/\/www.alagoinhas.ba.gov.br\/wp-content\/uploads\/2025\/12\/WhatsApp-Image-2025-12-12-at-13.52.15.jpeg\" sizes=\"auto, (max-width: 1600px) 100vw, 1600px\" srcset=\"https:\/\/www.alagoinhas.ba.gov.br\/wp-content\/uploads\/2025\/12\/WhatsApp-Image-2025-12-12-at-13.52.15.jpeg 1600w, https:\/\/www.alagoinhas.ba.gov.br\/wp-content\/uploads\/2025\/12\/WhatsApp-Image-2025-12-12-at-13.52.15-300x225.jpeg 300w, https:\/\/www.alagoinhas.ba.gov.br\/wp-content\/uploads\/2025\/12\/WhatsApp-Image-2025-12-12-at-13.52.15-768x576.jpeg 768w, https:\/\/www.alagoinhas.ba.gov.br\/wp-content\/uploads\/2025\/12\/WhatsApp-Image-2025-12-12-at-13.52.15-1024x768.jpeg 1024w, https:\/\/www.alagoinhas.ba.gov.br\/wp-content\/uploads\/2025\/12\/WhatsApp-Image-2025-12-12-at-13.52.15-24x18.jpeg 24w\" alt=\"\" width=\"1600\" height=\"1200\" \/><\/a><\/p>\n<h5>Claudine Sampaio Ramos e\u00a0Luciv\u00e2nia da Silva Oliveira<\/h5>\n<h5><a class=\"group1 cboxElement\" href=\"https:\/\/www.alagoinhas.ba.gov.br\/wp-content\/uploads\/2025\/12\/WhatsApp-Image-2025-12-12-at-13.52.16.jpeg\"><img loading=\"lazy\" decoding=\"async\" class=\"aligncenter size-full wp-image-86140\" src=\"https:\/\/www.alagoinhas.ba.gov.br\/wp-content\/uploads\/2025\/12\/WhatsApp-Image-2025-12-12-at-13.52.16.jpeg\" sizes=\"auto, (max-width: 1600px) 100vw, 1600px\" srcset=\"https:\/\/www.alagoinhas.ba.gov.br\/wp-content\/uploads\/2025\/12\/WhatsApp-Image-2025-12-12-at-13.52.16.jpeg 1600w, https:\/\/www.alagoinhas.ba.gov.br\/wp-content\/uploads\/2025\/12\/WhatsApp-Image-2025-12-12-at-13.52.16-300x225.jpeg 300w, https:\/\/www.alagoinhas.ba.gov.br\/wp-content\/uploads\/2025\/12\/WhatsApp-Image-2025-12-12-at-13.52.16-768x576.jpeg 768w, https:\/\/www.alagoinhas.ba.gov.br\/wp-content\/uploads\/2025\/12\/WhatsApp-Image-2025-12-12-at-13.52.16-1024x768.jpeg 1024w, https:\/\/www.alagoinhas.ba.gov.br\/wp-content\/uploads\/2025\/12\/WhatsApp-Image-2025-12-12-at-13.52.16-24x18.jpeg 24w\" alt=\"\" width=\"1600\" height=\"1200\" \/><\/a><\/h5>\n<h5>Cristiane Correia e\u00a0Kamile Serravalle<\/h5>\n<p>&nbsp;<\/p>\n<h6>Fotos: Arquivo Secom Alagoinhas<\/h6>\n<div align=\"right\">\n<p>&nbsp;<\/p>\n<\/div>\n<div class='share-to-whatsapp-wrapper'><div class='share-on-whsp'>Share on: <\/div><a data-text='Encontro de Sa\u00fade do Trabalhador re\u00fane munic\u00edpios para fortalecer pol\u00edticas de prote\u00e7\u00e3o e vigil\u00e2ncia' data-link='https:\/\/newsinfoco.com.br\/inicio\/encontro-de-saude-do-trabalhador-reune-municipios-para-fortalecer-politicas-de-protecao-e-vigilancia\/' class='whatsapp-button whatsapp-share'>WhatsApp<\/a><div class='clear '><\/div><\/div>","protected":false},"excerpt":{"rendered":"<p>A Diretoria de Vigil\u00e2ncia em Sa\u00fade, por meio do Centro de Refer\u00eancia em Sa\u00fade do Trabalhador (Cerest), promove, nesta sexta-feira, 12, o 3\u00ba Encontro de Sa\u00fade do Trabalhador de Alagoinhas e regi\u00e3o. A iniciativa re\u00fane representantes de 17 munic\u00edpios, gestores, equipes t\u00e9cnicas e profissionais da \u00e1rea. O encontro, que acontece no Sest\/Senat, conta com a [&hellip;]<\/p>\n","protected":false},"author":1,"featured_media":48489,"comment_status":"closed","ping_status":"closed","sticky":false,"template":"","format":"standard","meta":{"om_disable_all_campaigns":false,"_exactmetrics_skip_tracking":false,"_exactmetrics_sitenote_active":false,"_exactmetrics_sitenote_note":"","_exactmetrics_sitenote_category":0,"footnotes":""},"categories":[38,30,167],"tags":[],"class_list":["post-48488","post","type-post","status-publish","format-standard","has-post-thumbnail","hentry","category-alagoinhas-e-regiao","category-destaque","category-exclusivas"],"aioseo_notices":[],"_links":{"self":[{"href":"https:\/\/newsinfoco.com.br\/inicio\/wp-json\/wp\/v2\/posts\/48488","targetHints":{"allow":["GET"]}}],"collection":[{"href":"https:\/\/newsinfoco.com.br\/inicio\/wp-json\/wp\/v2\/posts"}],"about":[{"href":"https:\/\/newsinfoco.com.br\/inicio\/wp-json\/wp\/v2\/types\/post"}],"author":[{"embeddable":true,"href":"https:\/\/newsinfoco.com.br\/inicio\/wp-json\/wp\/v2\/users\/1"}],"replies":[{"embeddable":true,"href":"https:\/\/newsinfoco.com.br\/inicio\/wp-json\/wp\/v2\/comments?post=48488"}],"version-history":[{"count":1,"href":"https:\/\/newsinfoco.com.br\/inicio\/wp-json\/wp\/v2\/posts\/48488\/revisions"}],"predecessor-version":[{"id":48490,"href":"https:\/\/newsinfoco.com.br\/inicio\/wp-json\/wp\/v2\/posts\/48488\/revisions\/48490"}],"wp:featuredmedia":[{"embeddable":true,"href":"https:\/\/newsinfoco.com.br\/inicio\/wp-json\/wp\/v2\/media\/48489"}],"wp:attachment":[{"href":"https:\/\/newsinfoco.com.br\/inicio\/wp-json\/wp\/v2\/media?parent=48488"}],"wp:term":[{"taxonomy":"category","embeddable":true,"href":"https:\/\/newsinfoco.com.br\/inicio\/wp-json\/wp\/v2\/categories?post=48488"},{"taxonomy":"post_tag","embeddable":true,"href":"https:\/\/newsinfoco.com.br\/inicio\/wp-json\/wp\/v2\/tags?post=48488"}],"curies":[{"name":"wp","href":"https:\/\/api.w.org\/{rel}","templated":true}]}}