{"id":48491,"date":"2025-12-12T20:33:58","date_gmt":"2025-12-12T23:33:58","guid":{"rendered":"https:\/\/newsinfoco.com.br\/inicio\/?p=48491"},"modified":"2025-12-12T20:33:58","modified_gmt":"2025-12-12T23:33:58","slug":"prefeitura-de-alagoinhas-garante-financiamento-de-us-30-milhoes-para-requalificacao-urbana-e-ambiental","status":"publish","type":"post","link":"https:\/\/newsinfoco.com.br\/inicio\/prefeitura-de-alagoinhas-garante-financiamento-de-us-30-milhoes-para-requalificacao-urbana-e-ambiental\/","title":{"rendered":"Prefeitura de Alagoinhas garante financiamento de US$ 30 milh\u00f5es para requalifica\u00e7\u00e3o urbana e ambiental"},"content":{"rendered":"<p>A Prefeitura de Alagoinhas recebeu autoriza\u00e7\u00e3o do Governo Federal para financiar 30 milh\u00f5es de d\u00f3lares que ser\u00e3o investidos no Programa de Requalifica\u00e7\u00e3o Urbana e Ambiental do munic\u00edpio. Somente duas cidades da Bahia conseguiram ter projetos aprovados pela Comiss\u00e3o de Financiamentos Externos (Cofiex), \u00f3rg\u00e3o vinculado ao Minist\u00e9rio do Planejamento e Or\u00e7amento, na categoria Projetos Subnacionais. Se aprovado pela C\u00e2mara Municipal, o recurso ser\u00e1 financiado em 20 anos pelo Fundo Financeiro para Desenvolvimento da Bacia do Prata (Fonplata), banco de desenvolvimento formado por cinco pa\u00edses \u2013 Brasil, Argentina, Bol\u00edvia, Paraguai e Uruguai. Com a contrapartida do munic\u00edpio, o total de investimento ser\u00e1 de US$ 37,5 milh\u00f5es, com cerca de 10% destinados para a zona rural.<\/p>\n<p>Denominado Requalifica Alagoinhas, o Programa de Requalifica\u00e7\u00e3o Urbana e Ambiental foi elaborado pela Secretaria Municipal de Obras e Projetos (Seop) com o apoio das secretarias de Planejamento e Capta\u00e7\u00e3o de Recursos (Seplac) e da Fazenda (Sefaz). A proposta de interven\u00e7\u00f5es busca promover o desenvolvimento do munic\u00edpio por meio da requalifica\u00e7\u00e3o da infraestrutura urbana e valoriza\u00e7\u00e3o dos espa\u00e7os p\u00fablicos, com foco na sustentabilidade, inclus\u00e3o e resili\u00eancia.<\/p><div class=\"newsi-conteudo_19\" id=\"newsi-4038158513\"><a href=\"https:\/\/www.instagram.com\/prefeituraalagoinhas?igsh=YzgzdDJ1bWR3aWI4\" aria-label=\"SAVE_20251006_221555\"><img loading=\"lazy\" decoding=\"async\" src=\"https:\/\/newsinfoco.com.br\/inicio\/wp-content\/uploads\/2025\/10\/SAVE_20251006_221555-rotated.jpg\" alt=\"\"  srcset=\"https:\/\/newsinfoco.com.br\/inicio\/wp-content\/uploads\/2025\/10\/SAVE_20251006_221555-rotated.jpg 1140w, https:\/\/newsinfoco.com.br\/inicio\/wp-content\/uploads\/2025\/10\/SAVE_20251006_221555-300x52.jpg 300w, https:\/\/newsinfoco.com.br\/inicio\/wp-content\/uploads\/2025\/10\/SAVE_20251006_221555-1024x177.jpg 1024w, https:\/\/newsinfoco.com.br\/inicio\/wp-content\/uploads\/2025\/10\/SAVE_20251006_221555-768x133.jpg 768w, https:\/\/newsinfoco.com.br\/inicio\/wp-content\/uploads\/2025\/10\/SAVE_20251006_221555-600x104.jpg 600w, https:\/\/newsinfoco.com.br\/inicio\/wp-content\/uploads\/2025\/10\/SAVE_20251006_221555-696x120.jpg 696w, https:\/\/newsinfoco.com.br\/inicio\/wp-content\/uploads\/2025\/10\/SAVE_20251006_221555-1068x185.jpg 1068w\" sizes=\"(max-width: 1140px) 100vw, 1140px\" width=\"1140\" height=\"197\"   \/><\/a><\/div>\n<p>O Requalifica Alagoinhas prev\u00ea obras e a\u00e7\u00f5es para ampliar e qualificar a infraestrutura vi\u00e1ria e de mobilidade urbana sustent\u00e1vel; aumentar a resili\u00eancia urbana e clim\u00e1tica, reduzindo a vulnerabilidade a enchentes, eros\u00f5es e eventos extremos; recuperar \u00e1reas ambientalmente degradadas e preservar recursos h\u00eddricos; ampliar \u00e1reas verdes e criar novos espa\u00e7os de lazer e conviv\u00eancia; requalificar espa\u00e7os p\u00fablicos e valorizar o patrim\u00f4nio hist\u00f3rico-cultural da cidade.<\/p>\n<p>\u201cA aprova\u00e7\u00e3o deste financiamento \u00e9 um reconhecimento \u00e0 seriedade e ao planejamento da nossa gest\u00e3o. O Requalifica Alagoinhas \u00e9 um plano estrat\u00e9gico que tem o objetivo de transformar a realidade da nossa cidade, com foco na infraestrutura urbana, na sustentabilidade e na qualidade de vida da nossa gente. Tudo isso demonstra a nossa capacidade de buscar e concretizar investimentos que projetam Alagoinhas daqui pra frente\u201d, afirma o prefeito Gustavo Carmo.<\/p>\n<p>Segundo a secret\u00e1ria Municipal de Obras e Projetos, Gal Reis, a aprova\u00e7\u00e3o do Requalifica Alagoinhas \u00e9 fruto de um trabalho profissional, t\u00e9cnico e minucioso. \u201cEste programa foi cuidadosamente elaborado para abordar os desafios urbanos da nossa cidade, propondo solu\u00e7\u00f5es inovadoras, com metas ambiciosas, mas totalmente alcan\u00e7\u00e1veis. N\u00e3o h\u00e1 d\u00favidas de que os investimentos trar\u00e3o benef\u00edcios duradouros para todos os moradores da nossa cidade\u201d, avalia.<\/p>\n<p>O secret\u00e1rio Municipal da Fazenda, Ant\u00f4nio Lins, ressalta que a obten\u00e7\u00e3o do financiamento \u00e9 um atestado da sa\u00fade fiscal e da credibilidade da Prefeitura de Alagoinhas. \u201cEssa conquista refor\u00e7a a confian\u00e7a dos organismos financeiros nacionais e internacionais na nossa capacidade de gest\u00e3o e execu\u00e7\u00e3o. Trabalhamos incansavelmente para garantir que a proposta fosse robusta e financeiramente vi\u00e1vel. Este investimento \u00e9 estrat\u00e9gico para o crescimento sustent\u00e1vel e assegura que o munic\u00edpio continuar\u00e1 sua trajet\u00f3ria de progresso de forma planejada e respons\u00e1vel. Vale destacar que n\u00f3s estamos com um percentual bem abaixo da nossa capacidade de financiamento, o que demonstra a nossa prud\u00eancia e respeito ao er\u00e1rio p\u00fablico\u201d, diz.<\/p>\n<div align=\"right\"><\/div>\n<div class='share-to-whatsapp-wrapper'><div class='share-on-whsp'>Share on: <\/div><a data-text='Prefeitura de Alagoinhas garante financiamento de US$ 30 milh\u00f5es para requalifica\u00e7\u00e3o urbana e ambiental' data-link='https:\/\/newsinfoco.com.br\/inicio\/prefeitura-de-alagoinhas-garante-financiamento-de-us-30-milhoes-para-requalificacao-urbana-e-ambiental\/' class='whatsapp-button whatsapp-share'>WhatsApp<\/a><div class='clear '><\/div><\/div>","protected":false},"excerpt":{"rendered":"<p>A Prefeitura de Alagoinhas recebeu autoriza\u00e7\u00e3o do Governo Federal para financiar 30 milh\u00f5es de d\u00f3lares que ser\u00e3o investidos no Programa de Requalifica\u00e7\u00e3o Urbana e Ambiental do munic\u00edpio. Somente duas cidades da Bahia conseguiram ter projetos aprovados pela Comiss\u00e3o de Financiamentos Externos (Cofiex), \u00f3rg\u00e3o vinculado ao Minist\u00e9rio do Planejamento e Or\u00e7amento, na categoria Projetos Subnacionais. Se [&hellip;]<\/p>\n","protected":false},"author":1,"featured_media":48492,"comment_status":"closed","ping_status":"closed","sticky":false,"template":"","format":"standard","meta":{"om_disable_all_campaigns":false,"_exactmetrics_skip_tracking":false,"_exactmetrics_sitenote_active":false,"_exactmetrics_sitenote_note":"","_exactmetrics_sitenote_category":0,"footnotes":""},"categories":[38,30,167],"tags":[],"class_list":["post-48491","post","type-post","status-publish","format-standard","has-post-thumbnail","hentry","category-alagoinhas-e-regiao","category-destaque","category-exclusivas"],"aioseo_notices":[],"_links":{"self":[{"href":"https:\/\/newsinfoco.com.br\/inicio\/wp-json\/wp\/v2\/posts\/48491","targetHints":{"allow":["GET"]}}],"collection":[{"href":"https:\/\/newsinfoco.com.br\/inicio\/wp-json\/wp\/v2\/posts"}],"about":[{"href":"https:\/\/newsinfoco.com.br\/inicio\/wp-json\/wp\/v2\/types\/post"}],"author":[{"embeddable":true,"href":"https:\/\/newsinfoco.com.br\/inicio\/wp-json\/wp\/v2\/users\/1"}],"replies":[{"embeddable":true,"href":"https:\/\/newsinfoco.com.br\/inicio\/wp-json\/wp\/v2\/comments?post=48491"}],"version-history":[{"count":1,"href":"https:\/\/newsinfoco.com.br\/inicio\/wp-json\/wp\/v2\/posts\/48491\/revisions"}],"predecessor-version":[{"id":48493,"href":"https:\/\/newsinfoco.com.br\/inicio\/wp-json\/wp\/v2\/posts\/48491\/revisions\/48493"}],"wp:featuredmedia":[{"embeddable":true,"href":"https:\/\/newsinfoco.com.br\/inicio\/wp-json\/wp\/v2\/media\/48492"}],"wp:attachment":[{"href":"https:\/\/newsinfoco.com.br\/inicio\/wp-json\/wp\/v2\/media?parent=48491"}],"wp:term":[{"taxonomy":"category","embeddable":true,"href":"https:\/\/newsinfoco.com.br\/inicio\/wp-json\/wp\/v2\/categories?post=48491"},{"taxonomy":"post_tag","embeddable":true,"href":"https:\/\/newsinfoco.com.br\/inicio\/wp-json\/wp\/v2\/tags?post=48491"}],"curies":[{"name":"wp","href":"https:\/\/api.w.org\/{rel}","templated":true}]}}