{"id":48494,"date":"2025-12-12T20:35:50","date_gmt":"2025-12-12T23:35:50","guid":{"rendered":"https:\/\/newsinfoco.com.br\/inicio\/?p=48494"},"modified":"2025-12-12T20:35:50","modified_gmt":"2025-12-12T23:35:50","slug":"papai-noel-encanta-familias-de-alagoinhas-na-praca-ruy-barbosa","status":"publish","type":"post","link":"https:\/\/newsinfoco.com.br\/inicio\/papai-noel-encanta-familias-de-alagoinhas-na-praca-ruy-barbosa\/","title":{"rendered":"Papai Noel encanta fam\u00edlias de Alagoinhas na Pra\u00e7a Ruy Barbosa"},"content":{"rendered":"<p>A esperada chegada do Papai Noel marcou a noite desta quinta-feira, 11, dentro da programa\u00e7\u00e3o do Natal de Sonhos. O evento, promovido pela Prefeitura de Alagoinhas, por meio da Secretaria de Cultura, Esporte e Turismo (Secet), recebeu, durante tr\u00eas noites, na Pra\u00e7a Ruy Barbosa, no centro da cidade, centenas de fam\u00edlias para acompanhar a programa\u00e7\u00e3o que abriu oficialmente o per\u00edodo de festejos natalinos na cidade.<\/p>\n<p>O espa\u00e7o, decorado com luzes e cen\u00e1rios tem\u00e1ticos, se transformou em um ambiente de celebra\u00e7\u00e3o para a recep\u00e7\u00e3o do Papai Noel. Entre aplausos e a euforia das crian\u00e7as, ele percorreu a pra\u00e7a interagindo com o p\u00fablico e refor\u00e7ando o clima de magia que marca a temporada.<\/p><div class=\"newsi-conteudo_19\" id=\"newsi-3432107675\"><a href=\"https:\/\/www.instagram.com\/prefeituraalagoinhas?igsh=YzgzdDJ1bWR3aWI4\" aria-label=\"SAVE_20251006_221555\"><img loading=\"lazy\" decoding=\"async\" src=\"https:\/\/newsinfoco.com.br\/inicio\/wp-content\/uploads\/2025\/10\/SAVE_20251006_221555-rotated.jpg\" alt=\"\"  srcset=\"https:\/\/newsinfoco.com.br\/inicio\/wp-content\/uploads\/2025\/10\/SAVE_20251006_221555-rotated.jpg 1140w, https:\/\/newsinfoco.com.br\/inicio\/wp-content\/uploads\/2025\/10\/SAVE_20251006_221555-300x52.jpg 300w, https:\/\/newsinfoco.com.br\/inicio\/wp-content\/uploads\/2025\/10\/SAVE_20251006_221555-1024x177.jpg 1024w, https:\/\/newsinfoco.com.br\/inicio\/wp-content\/uploads\/2025\/10\/SAVE_20251006_221555-768x133.jpg 768w, https:\/\/newsinfoco.com.br\/inicio\/wp-content\/uploads\/2025\/10\/SAVE_20251006_221555-600x104.jpg 600w, https:\/\/newsinfoco.com.br\/inicio\/wp-content\/uploads\/2025\/10\/SAVE_20251006_221555-696x120.jpg 696w, https:\/\/newsinfoco.com.br\/inicio\/wp-content\/uploads\/2025\/10\/SAVE_20251006_221555-1068x185.jpg 1068w\" sizes=\"(max-width: 1140px) 100vw, 1140px\" width=\"1140\" height=\"197\"   \/><\/a><\/div>\n<p>A noite tamb\u00e9m contou com a apresenta\u00e7\u00e3o do Coral Adventista de Alagoinhas, que emocionou os presentes com um repert\u00f3rio de m\u00fasicas natalinas com uma harmonia de vozes que completou a atmosfera festiva e trouxer \u00e0 pra\u00e7a uma mensagem de uni\u00e3o, f\u00e9 e esperan\u00e7a.<\/p>\n<p>O microempreendedor Emanuel Bispo prestigiou o evento com a fam\u00edlia. Seu filho de 3 anos estava euf\u00f3rico e encantado. Para Emanuel, a iniciativa da prefeitura em realizar diversas a\u00e7\u00f5es no per\u00edodo natalino refor\u00e7a o quanto a cidade precisa de momentos com esse. \u201cTrouxe minha fam\u00edlia para viver essa magia do Natal e estamos muito encantados com a estrutura, com o cuidado aos detalhes, com as apresenta\u00e7\u00f5es dos corais. Quero parabenizar a todos pela programa\u00e7\u00e3o\u201d, diz.<\/p>\n<p>O secret\u00e1rio de Cultura, Jo\u00e3o Henrique, comemorou a ades\u00e3o do p\u00fablico e destacou a relev\u00e2ncia do evento para a comunidade. \u201cEstamos satisfeitos em realizar o Natal de Alagoinhas este ano. A programa\u00e7\u00e3o, iniciada na semana passada, na Pra\u00e7a de Alagoinhas Velha, j\u00e1 demonstrou a forte participa\u00e7\u00e3o da popula\u00e7\u00e3o. Ver a alegria das crian\u00e7as e o sorriso em cada olhar mostra como \u00e9 importante construir essa rela\u00e7\u00e3o afetiva com a comunidade\u201d, ressalta.<\/p>\n<p>A programa\u00e7\u00e3o natalina na cidade segue at\u00e9 o dia 19 e 23, no estacionamento da prefeitura, com atividades culturais, musicais e momentos de confraterniza\u00e7\u00e3o.<\/p>\n<p><a class=\"group1 cboxElement\" href=\"https:\/\/www.alagoinhas.ba.gov.br\/wp-content\/uploads\/2025\/12\/WhatsApp-Image-2025-12-12-at-08.27.08.jpeg\"><img loading=\"lazy\" decoding=\"async\" class=\"aligncenter size-full wp-image-86107\" src=\"https:\/\/www.alagoinhas.ba.gov.br\/wp-content\/uploads\/2025\/12\/WhatsApp-Image-2025-12-12-at-08.27.08.jpeg\" sizes=\"auto, (max-width: 1600px) 100vw, 1600px\" srcset=\"https:\/\/www.alagoinhas.ba.gov.br\/wp-content\/uploads\/2025\/12\/WhatsApp-Image-2025-12-12-at-08.27.08.jpeg 1600w, https:\/\/www.alagoinhas.ba.gov.br\/wp-content\/uploads\/2025\/12\/WhatsApp-Image-2025-12-12-at-08.27.08-300x200.jpeg 300w, https:\/\/www.alagoinhas.ba.gov.br\/wp-content\/uploads\/2025\/12\/WhatsApp-Image-2025-12-12-at-08.27.08-768x512.jpeg 768w, https:\/\/www.alagoinhas.ba.gov.br\/wp-content\/uploads\/2025\/12\/WhatsApp-Image-2025-12-12-at-08.27.08-1024x682.jpeg 1024w, https:\/\/www.alagoinhas.ba.gov.br\/wp-content\/uploads\/2025\/12\/WhatsApp-Image-2025-12-12-at-08.27.08-24x16.jpeg 24w\" alt=\"\" width=\"1600\" height=\"1066\" \/><\/a><\/p>\n<p><a class=\"group1 cboxElement\" href=\"https:\/\/www.alagoinhas.ba.gov.br\/wp-content\/uploads\/2025\/12\/WhatsApp-Image-2025-12-12-at-08.30.43.jpeg\"><img loading=\"lazy\" decoding=\"async\" class=\"aligncenter size-full wp-image-86114\" src=\"https:\/\/www.alagoinhas.ba.gov.br\/wp-content\/uploads\/2025\/12\/WhatsApp-Image-2025-12-12-at-08.30.43.jpeg\" sizes=\"auto, (max-width: 1600px) 100vw, 1600px\" srcset=\"https:\/\/www.alagoinhas.ba.gov.br\/wp-content\/uploads\/2025\/12\/WhatsApp-Image-2025-12-12-at-08.30.43.jpeg 1600w, https:\/\/www.alagoinhas.ba.gov.br\/wp-content\/uploads\/2025\/12\/WhatsApp-Image-2025-12-12-at-08.30.43-300x200.jpeg 300w, https:\/\/www.alagoinhas.ba.gov.br\/wp-content\/uploads\/2025\/12\/WhatsApp-Image-2025-12-12-at-08.30.43-768x512.jpeg 768w, https:\/\/www.alagoinhas.ba.gov.br\/wp-content\/uploads\/2025\/12\/WhatsApp-Image-2025-12-12-at-08.30.43-1024x682.jpeg 1024w, https:\/\/www.alagoinhas.ba.gov.br\/wp-content\/uploads\/2025\/12\/WhatsApp-Image-2025-12-12-at-08.30.43-24x16.jpeg 24w\" alt=\"\" width=\"1600\" height=\"1066\" \/><\/a><\/p>\n<p><a class=\"group1 cboxElement\" href=\"https:\/\/www.alagoinhas.ba.gov.br\/wp-content\/uploads\/2025\/12\/WhatsApp-Image-2025-12-12-at-08.29.07-1.jpeg\"><img loading=\"lazy\" decoding=\"async\" class=\"aligncenter size-full wp-image-86113\" src=\"https:\/\/www.alagoinhas.ba.gov.br\/wp-content\/uploads\/2025\/12\/WhatsApp-Image-2025-12-12-at-08.29.07-1.jpeg\" sizes=\"auto, (max-width: 1600px) 100vw, 1600px\" srcset=\"https:\/\/www.alagoinhas.ba.gov.br\/wp-content\/uploads\/2025\/12\/WhatsApp-Image-2025-12-12-at-08.29.07-1.jpeg 1600w, https:\/\/www.alagoinhas.ba.gov.br\/wp-content\/uploads\/2025\/12\/WhatsApp-Image-2025-12-12-at-08.29.07-1-300x200.jpeg 300w, https:\/\/www.alagoinhas.ba.gov.br\/wp-content\/uploads\/2025\/12\/WhatsApp-Image-2025-12-12-at-08.29.07-1-768x512.jpeg 768w, https:\/\/www.alagoinhas.ba.gov.br\/wp-content\/uploads\/2025\/12\/WhatsApp-Image-2025-12-12-at-08.29.07-1-1024x682.jpeg 1024w, https:\/\/www.alagoinhas.ba.gov.br\/wp-content\/uploads\/2025\/12\/WhatsApp-Image-2025-12-12-at-08.29.07-1-24x16.jpeg 24w\" alt=\"\" width=\"1600\" height=\"1066\" \/><\/a><\/p>\n<p><a class=\"group1 cboxElement\" href=\"https:\/\/www.alagoinhas.ba.gov.br\/wp-content\/uploads\/2025\/12\/WhatsApp-Image-2025-12-12-at-08.29.05.jpeg\"><img loading=\"lazy\" decoding=\"async\" class=\"aligncenter size-full wp-image-86111\" src=\"https:\/\/www.alagoinhas.ba.gov.br\/wp-content\/uploads\/2025\/12\/WhatsApp-Image-2025-12-12-at-08.29.05.jpeg\" sizes=\"auto, (max-width: 1600px) 100vw, 1600px\" srcset=\"https:\/\/www.alagoinhas.ba.gov.br\/wp-content\/uploads\/2025\/12\/WhatsApp-Image-2025-12-12-at-08.29.05.jpeg 1600w, https:\/\/www.alagoinhas.ba.gov.br\/wp-content\/uploads\/2025\/12\/WhatsApp-Image-2025-12-12-at-08.29.05-300x200.jpeg 300w, https:\/\/www.alagoinhas.ba.gov.br\/wp-content\/uploads\/2025\/12\/WhatsApp-Image-2025-12-12-at-08.29.05-768x512.jpeg 768w, https:\/\/www.alagoinhas.ba.gov.br\/wp-content\/uploads\/2025\/12\/WhatsApp-Image-2025-12-12-at-08.29.05-1024x682.jpeg 1024w, https:\/\/www.alagoinhas.ba.gov.br\/wp-content\/uploads\/2025\/12\/WhatsApp-Image-2025-12-12-at-08.29.05-24x16.jpeg 24w\" alt=\"\" width=\"1600\" height=\"1066\" \/><\/a><\/p>\n<p><a class=\"group1 cboxElement\" href=\"https:\/\/www.alagoinhas.ba.gov.br\/wp-content\/uploads\/2025\/12\/WhatsApp-Image-2025-12-12-at-08.27.09-1.jpeg\"><img loading=\"lazy\" decoding=\"async\" class=\"aligncenter size-full wp-image-86110\" src=\"https:\/\/www.alagoinhas.ba.gov.br\/wp-content\/uploads\/2025\/12\/WhatsApp-Image-2025-12-12-at-08.27.09-1.jpeg\" sizes=\"auto, (max-width: 1600px) 100vw, 1600px\" srcset=\"https:\/\/www.alagoinhas.ba.gov.br\/wp-content\/uploads\/2025\/12\/WhatsApp-Image-2025-12-12-at-08.27.09-1.jpeg 1600w, https:\/\/www.alagoinhas.ba.gov.br\/wp-content\/uploads\/2025\/12\/WhatsApp-Image-2025-12-12-at-08.27.09-1-300x200.jpeg 300w, https:\/\/www.alagoinhas.ba.gov.br\/wp-content\/uploads\/2025\/12\/WhatsApp-Image-2025-12-12-at-08.27.09-1-768x512.jpeg 768w, https:\/\/www.alagoinhas.ba.gov.br\/wp-content\/uploads\/2025\/12\/WhatsApp-Image-2025-12-12-at-08.27.09-1-1024x682.jpeg 1024w, https:\/\/www.alagoinhas.ba.gov.br\/wp-content\/uploads\/2025\/12\/WhatsApp-Image-2025-12-12-at-08.27.09-1-24x16.jpeg 24w\" alt=\"\" width=\"1600\" height=\"1066\" \/><\/a><\/p>\n<p><a class=\"group1 cboxElement\" href=\"https:\/\/www.alagoinhas.ba.gov.br\/wp-content\/uploads\/2025\/12\/WhatsApp-Image-2025-12-12-at-08.27.09.jpeg\"><img loading=\"lazy\" decoding=\"async\" class=\"aligncenter size-full wp-image-86109\" src=\"https:\/\/www.alagoinhas.ba.gov.br\/wp-content\/uploads\/2025\/12\/WhatsApp-Image-2025-12-12-at-08.27.09.jpeg\" sizes=\"auto, (max-width: 1600px) 100vw, 1600px\" srcset=\"https:\/\/www.alagoinhas.ba.gov.br\/wp-content\/uploads\/2025\/12\/WhatsApp-Image-2025-12-12-at-08.27.09.jpeg 1600w, https:\/\/www.alagoinhas.ba.gov.br\/wp-content\/uploads\/2025\/12\/WhatsApp-Image-2025-12-12-at-08.27.09-300x200.jpeg 300w, https:\/\/www.alagoinhas.ba.gov.br\/wp-content\/uploads\/2025\/12\/WhatsApp-Image-2025-12-12-at-08.27.09-768x512.jpeg 768w, https:\/\/www.alagoinhas.ba.gov.br\/wp-content\/uploads\/2025\/12\/WhatsApp-Image-2025-12-12-at-08.27.09-1024x682.jpeg 1024w, https:\/\/www.alagoinhas.ba.gov.br\/wp-content\/uploads\/2025\/12\/WhatsApp-Image-2025-12-12-at-08.27.09-24x16.jpeg 24w\" alt=\"\" width=\"1600\" height=\"1066\" \/><\/a><\/p>\n<p><a class=\"group1 cboxElement\" href=\"https:\/\/www.alagoinhas.ba.gov.br\/wp-content\/uploads\/2025\/12\/WhatsApp-Image-2025-12-12-at-08.27.08-1.jpeg\"><img loading=\"lazy\" decoding=\"async\" class=\"aligncenter size-full wp-image-86108\" src=\"https:\/\/www.alagoinhas.ba.gov.br\/wp-content\/uploads\/2025\/12\/WhatsApp-Image-2025-12-12-at-08.27.08-1.jpeg\" sizes=\"auto, (max-width: 1600px) 100vw, 1600px\" srcset=\"https:\/\/www.alagoinhas.ba.gov.br\/wp-content\/uploads\/2025\/12\/WhatsApp-Image-2025-12-12-at-08.27.08-1.jpeg 1600w, https:\/\/www.alagoinhas.ba.gov.br\/wp-content\/uploads\/2025\/12\/WhatsApp-Image-2025-12-12-at-08.27.08-1-300x200.jpeg 300w, https:\/\/www.alagoinhas.ba.gov.br\/wp-content\/uploads\/2025\/12\/WhatsApp-Image-2025-12-12-at-08.27.08-1-768x512.jpeg 768w, https:\/\/www.alagoinhas.ba.gov.br\/wp-content\/uploads\/2025\/12\/WhatsApp-Image-2025-12-12-at-08.27.08-1-1024x682.jpeg 1024w, https:\/\/www.alagoinhas.ba.gov.br\/wp-content\/uploads\/2025\/12\/WhatsApp-Image-2025-12-12-at-08.27.08-1-24x16.jpeg 24w\" alt=\"\" width=\"1600\" height=\"1066\" \/><\/a><\/p>\n<p><strong>Fotos: Roberto Fonseca\/Secom\/Alagoinhas<\/strong><\/p>\n<div align=\"right\">\n<p>&nbsp;<\/p>\n<\/div>\n<div class='share-to-whatsapp-wrapper'><div class='share-on-whsp'>Share on: <\/div><a data-text='Papai Noel encanta fam\u00edlias de Alagoinhas na Pra\u00e7a Ruy Barbosa' data-link='https:\/\/newsinfoco.com.br\/inicio\/papai-noel-encanta-familias-de-alagoinhas-na-praca-ruy-barbosa\/' class='whatsapp-button whatsapp-share'>WhatsApp<\/a><div class='clear '><\/div><\/div>","protected":false},"excerpt":{"rendered":"<p>A esperada chegada do Papai Noel marcou a noite desta quinta-feira, 11, dentro da programa\u00e7\u00e3o do Natal de Sonhos. O evento, promovido pela Prefeitura de Alagoinhas, por meio da Secretaria de Cultura, Esporte e Turismo (Secet), recebeu, durante tr\u00eas noites, na Pra\u00e7a Ruy Barbosa, no centro da cidade, centenas de fam\u00edlias para acompanhar a programa\u00e7\u00e3o [&hellip;]<\/p>\n","protected":false},"author":1,"featured_media":48495,"comment_status":"closed","ping_status":"closed","sticky":false,"template":"","format":"standard","meta":{"om_disable_all_campaigns":false,"_exactmetrics_skip_tracking":false,"_exactmetrics_sitenote_active":false,"_exactmetrics_sitenote_note":"","_exactmetrics_sitenote_category":0,"footnotes":""},"categories":[38,30,167],"tags":[],"class_list":["post-48494","post","type-post","status-publish","format-standard","has-post-thumbnail","hentry","category-alagoinhas-e-regiao","category-destaque","category-exclusivas"],"aioseo_notices":[],"_links":{"self":[{"href":"https:\/\/newsinfoco.com.br\/inicio\/wp-json\/wp\/v2\/posts\/48494","targetHints":{"allow":["GET"]}}],"collection":[{"href":"https:\/\/newsinfoco.com.br\/inicio\/wp-json\/wp\/v2\/posts"}],"about":[{"href":"https:\/\/newsinfoco.com.br\/inicio\/wp-json\/wp\/v2\/types\/post"}],"author":[{"embeddable":true,"href":"https:\/\/newsinfoco.com.br\/inicio\/wp-json\/wp\/v2\/users\/1"}],"replies":[{"embeddable":true,"href":"https:\/\/newsinfoco.com.br\/inicio\/wp-json\/wp\/v2\/comments?post=48494"}],"version-history":[{"count":1,"href":"https:\/\/newsinfoco.com.br\/inicio\/wp-json\/wp\/v2\/posts\/48494\/revisions"}],"predecessor-version":[{"id":48496,"href":"https:\/\/newsinfoco.com.br\/inicio\/wp-json\/wp\/v2\/posts\/48494\/revisions\/48496"}],"wp:featuredmedia":[{"embeddable":true,"href":"https:\/\/newsinfoco.com.br\/inicio\/wp-json\/wp\/v2\/media\/48495"}],"wp:attachment":[{"href":"https:\/\/newsinfoco.com.br\/inicio\/wp-json\/wp\/v2\/media?parent=48494"}],"wp:term":[{"taxonomy":"category","embeddable":true,"href":"https:\/\/newsinfoco.com.br\/inicio\/wp-json\/wp\/v2\/categories?post=48494"},{"taxonomy":"post_tag","embeddable":true,"href":"https:\/\/newsinfoco.com.br\/inicio\/wp-json\/wp\/v2\/tags?post=48494"}],"curies":[{"name":"wp","href":"https:\/\/api.w.org\/{rel}","templated":true}]}}