{"id":48497,"date":"2025-12-12T20:37:41","date_gmt":"2025-12-12T23:37:41","guid":{"rendered":"https:\/\/newsinfoco.com.br\/inicio\/?p=48497"},"modified":"2025-12-12T20:37:41","modified_gmt":"2025-12-12T23:37:41","slug":"prefeitura-de-alagoinhas-regulamenta-feiras-livres-e-itinerantes-da-agricultura-familiar","status":"publish","type":"post","link":"https:\/\/newsinfoco.com.br\/inicio\/prefeitura-de-alagoinhas-regulamenta-feiras-livres-e-itinerantes-da-agricultura-familiar\/","title":{"rendered":"Prefeitura de Alagoinhas regulamenta feiras livres e itinerantes da agricultura familiar"},"content":{"rendered":"<p>A Prefeitura Municipal de Alagoinhas, por meio do Decreto N\u00ba 6.535\/2025, publicado nessa quinta-feira, 11, disciplina o funcionamento das feiras livres e itinerantes de agricultura familiar na cidade. O objetivo \u00e9 organizar e padronizar as atividades, definindo locais, hor\u00e1rios e dias de realiza\u00e7\u00e3o, al\u00e9m de estabelecer normas de conviv\u00eancia.<\/p>\n<p>O novo decreto, assinado pelo prefeito Gustavo Carmo, baseia-se na Lei Municipal n\u00ba 2.385\/2017 e visa atender \u00e0 crescente demanda por produtos da agricultura familiar, ao mesmo tempo em que garante o ordenamento do espa\u00e7o p\u00fablico e o sossego da popula\u00e7\u00e3o.<\/p><div class=\"newsi-conteudo_19\" id=\"newsi-3035773673\"><a href=\"https:\/\/www.instagram.com\/prefeituraalagoinhas?igsh=YzgzdDJ1bWR3aWI4\" aria-label=\"SAVE_20251006_221555\"><img loading=\"lazy\" decoding=\"async\" src=\"https:\/\/newsinfoco.com.br\/inicio\/wp-content\/uploads\/2025\/10\/SAVE_20251006_221555-rotated.jpg\" alt=\"\"  srcset=\"https:\/\/newsinfoco.com.br\/inicio\/wp-content\/uploads\/2025\/10\/SAVE_20251006_221555-rotated.jpg 1140w, https:\/\/newsinfoco.com.br\/inicio\/wp-content\/uploads\/2025\/10\/SAVE_20251006_221555-300x52.jpg 300w, https:\/\/newsinfoco.com.br\/inicio\/wp-content\/uploads\/2025\/10\/SAVE_20251006_221555-1024x177.jpg 1024w, https:\/\/newsinfoco.com.br\/inicio\/wp-content\/uploads\/2025\/10\/SAVE_20251006_221555-768x133.jpg 768w, https:\/\/newsinfoco.com.br\/inicio\/wp-content\/uploads\/2025\/10\/SAVE_20251006_221555-600x104.jpg 600w, https:\/\/newsinfoco.com.br\/inicio\/wp-content\/uploads\/2025\/10\/SAVE_20251006_221555-696x120.jpg 696w, https:\/\/newsinfoco.com.br\/inicio\/wp-content\/uploads\/2025\/10\/SAVE_20251006_221555-1068x185.jpg 1068w\" sizes=\"(max-width: 1140px) 100vw, 1140px\" width=\"1140\" height=\"197\"   \/><\/a><\/div>\n<p>A Associa\u00e7\u00e3o dos Feirantes da Agricultura Familiar e Economia Solid\u00e1ria de Alagoinhas (AFAFESA) foi autorizada a utilizar espa\u00e7os p\u00fablicos para a realiza\u00e7\u00e3o das feiras, que agora ter\u00e3o endere\u00e7os e dias espec\u00edficos para acontecer:<\/p>\n<p>\u2022 Domingos: Avenida Linha Verde, Calu, BA 504, pr\u00f3ximo ao Cemit\u00e9rio Municipal Jardim da Saudade;<\/p>\n<p>\u2022 Quartas-feiras: Pra\u00e7a Pedro D\u00f3rea, Alagoinhas Velha;<\/p>\n<p>\u2022 Sextas-feiras: Conjunto Residencial Dom Jose Cornelis, URBIS I, pr\u00f3ximo \u00e0 Associa\u00e7\u00e3o dos Moradores;<\/p>\n<p>\u2022 S\u00e1bados: Conjunto Residencial Jardim das Hort\u00eansias, na \u00e1rea da quadra de esportes da pra\u00e7a.<\/p>\n<p>O hor\u00e1rio de funcionamento das feiras ser\u00e1 das 6h \u00e0s 14h. No entanto, os comerciantes poder\u00e3o chegar aos locais com uma hora de anteced\u00eancia, a partir das 5h, exclusivamente para a organiza\u00e7\u00e3o de seus espa\u00e7os de venda.<\/p>\n<p>Para garantir o bem-estar dos moradores e a ordem p\u00fablica, o decreto estabelece algumas restri\u00e7\u00f5es importantes: durante a realiza\u00e7\u00e3o das feiras, n\u00e3o ser\u00e1 permitido o uso de aparelhos de som de qualquer esp\u00e9cie ou pot\u00eancia, bem como de microfones ou megafones. A medida visa evitar perturba\u00e7\u00f5es ao sossego da vizinhan\u00e7a.<\/p>\n<p>Al\u00e9m disso, a associa\u00e7\u00e3o respons\u00e1vel dever\u00e1 garantir que o uso dos espa\u00e7os p\u00fablicos preserve a livre circula\u00e7\u00e3o de pedestres e n\u00e3o ocupe \u00e1reas destinadas a estacionamento de ve\u00edculos.<\/p>\n<p>De acordo com o prefeito Gustavo Carmo, a nova regulamenta\u00e7\u00e3o \u00e9 mais um avan\u00e7o significativo para Alagoinhas. \u201cEsta iniciativa reflete nosso compromisso em apoiar a agricultura familiar, que \u00e9 fonte de alimentos de qualidade para nossa popula\u00e7\u00e3o. Ao mesmo tempo, garantimos a ordena\u00e7\u00e3o do espa\u00e7o p\u00fablico e, principalmente, o sossego de nossos cidad\u00e3os. Com essa regulamenta\u00e7\u00e3o, Alagoinhas avan\u00e7a, valorizando nossos produtores rurais, fomentando a economia local, garantindo um ambiente harmonioso e organizado para todos\u201d, avalia o gestor municipal.<\/p>\n<p><a class=\"group1 cboxElement\" href=\"https:\/\/www.alagoinhas.ba.gov.br\/wp-content\/uploads\/2025\/12\/2603c358-d3c6-42f7-b0ec-a2a423b7cc8f.jpeg\"><img loading=\"lazy\" decoding=\"async\" class=\"aligncenter size-full wp-image-86102\" src=\"https:\/\/www.alagoinhas.ba.gov.br\/wp-content\/uploads\/2025\/12\/2603c358-d3c6-42f7-b0ec-a2a423b7cc8f.jpeg\" sizes=\"auto, (max-width: 1280px) 100vw, 1280px\" srcset=\"https:\/\/www.alagoinhas.ba.gov.br\/wp-content\/uploads\/2025\/12\/2603c358-d3c6-42f7-b0ec-a2a423b7cc8f.jpeg 1280w, https:\/\/www.alagoinhas.ba.gov.br\/wp-content\/uploads\/2025\/12\/2603c358-d3c6-42f7-b0ec-a2a423b7cc8f-300x169.jpeg 300w, https:\/\/www.alagoinhas.ba.gov.br\/wp-content\/uploads\/2025\/12\/2603c358-d3c6-42f7-b0ec-a2a423b7cc8f-768x432.jpeg 768w, https:\/\/www.alagoinhas.ba.gov.br\/wp-content\/uploads\/2025\/12\/2603c358-d3c6-42f7-b0ec-a2a423b7cc8f-1024x576.jpeg 1024w, https:\/\/www.alagoinhas.ba.gov.br\/wp-content\/uploads\/2025\/12\/2603c358-d3c6-42f7-b0ec-a2a423b7cc8f-24x14.jpeg 24w\" alt=\"\" width=\"1280\" height=\"720\" \/><\/a><\/p>\n<div align=\"right\">\n<p>&nbsp;<\/p>\n<\/div>\n<div class='share-to-whatsapp-wrapper'><div class='share-on-whsp'>Share on: <\/div><a data-text='Prefeitura de Alagoinhas regulamenta feiras livres e itinerantes da agricultura familiar' data-link='https:\/\/newsinfoco.com.br\/inicio\/prefeitura-de-alagoinhas-regulamenta-feiras-livres-e-itinerantes-da-agricultura-familiar\/' class='whatsapp-button whatsapp-share'>WhatsApp<\/a><div class='clear '><\/div><\/div>","protected":false},"excerpt":{"rendered":"<p>A Prefeitura Municipal de Alagoinhas, por meio do Decreto N\u00ba 6.535\/2025, publicado nessa quinta-feira, 11, disciplina o funcionamento das feiras livres e itinerantes de agricultura familiar na cidade. O objetivo \u00e9 organizar e padronizar as atividades, definindo locais, hor\u00e1rios e dias de realiza\u00e7\u00e3o, al\u00e9m de estabelecer normas de conviv\u00eancia. O novo decreto, assinado pelo prefeito [&hellip;]<\/p>\n","protected":false},"author":1,"featured_media":48498,"comment_status":"closed","ping_status":"closed","sticky":false,"template":"","format":"standard","meta":{"om_disable_all_campaigns":false,"_exactmetrics_skip_tracking":false,"_exactmetrics_sitenote_active":false,"_exactmetrics_sitenote_note":"","_exactmetrics_sitenote_category":0,"footnotes":""},"categories":[19],"tags":[],"class_list":["post-48497","post","type-post","status-publish","format-standard","has-post-thumbnail","hentry","category-bahia"],"aioseo_notices":[],"_links":{"self":[{"href":"https:\/\/newsinfoco.com.br\/inicio\/wp-json\/wp\/v2\/posts\/48497","targetHints":{"allow":["GET"]}}],"collection":[{"href":"https:\/\/newsinfoco.com.br\/inicio\/wp-json\/wp\/v2\/posts"}],"about":[{"href":"https:\/\/newsinfoco.com.br\/inicio\/wp-json\/wp\/v2\/types\/post"}],"author":[{"embeddable":true,"href":"https:\/\/newsinfoco.com.br\/inicio\/wp-json\/wp\/v2\/users\/1"}],"replies":[{"embeddable":true,"href":"https:\/\/newsinfoco.com.br\/inicio\/wp-json\/wp\/v2\/comments?post=48497"}],"version-history":[{"count":1,"href":"https:\/\/newsinfoco.com.br\/inicio\/wp-json\/wp\/v2\/posts\/48497\/revisions"}],"predecessor-version":[{"id":48499,"href":"https:\/\/newsinfoco.com.br\/inicio\/wp-json\/wp\/v2\/posts\/48497\/revisions\/48499"}],"wp:featuredmedia":[{"embeddable":true,"href":"https:\/\/newsinfoco.com.br\/inicio\/wp-json\/wp\/v2\/media\/48498"}],"wp:attachment":[{"href":"https:\/\/newsinfoco.com.br\/inicio\/wp-json\/wp\/v2\/media?parent=48497"}],"wp:term":[{"taxonomy":"category","embeddable":true,"href":"https:\/\/newsinfoco.com.br\/inicio\/wp-json\/wp\/v2\/categories?post=48497"},{"taxonomy":"post_tag","embeddable":true,"href":"https:\/\/newsinfoco.com.br\/inicio\/wp-json\/wp\/v2\/tags?post=48497"}],"curies":[{"name":"wp","href":"https:\/\/api.w.org\/{rel}","templated":true}]}}