{"id":48502,"date":"2025-12-12T20:50:05","date_gmt":"2025-12-12T23:50:05","guid":{"rendered":"https:\/\/newsinfoco.com.br\/inicio\/?p=48502"},"modified":"2025-12-12T20:50:05","modified_gmt":"2025-12-12T23:50:05","slug":"mais-de-270-estudantes-de-alagoinhas-recebem-certificados-do-proerd","status":"publish","type":"post","link":"https:\/\/newsinfoco.com.br\/inicio\/mais-de-270-estudantes-de-alagoinhas-recebem-certificados-do-proerd\/","title":{"rendered":"Mais de 270 estudantes de Alagoinhas recebem certificados do Proerd"},"content":{"rendered":"<p>O Gin\u00e1sio de Esportes de Alagoinhas foi palco, nesta sexta-feira, 13, da formatura de 274 alunos do 5\u00b0 ano do Ensino Fundamental que participaram do Programa Educacional de Resist\u00eancia \u00e0s Drogas e \u00e0 Viol\u00eancia (Proerd) 2025.<\/p>\n<p>O Proerd \u00e9 resultado de uma parceria entre a Secretaria Municipal de Educa\u00e7\u00e3o (Seduc) e a Pol\u00edcia Militar, que oferece aos estudantes orienta\u00e7\u00f5es cruciais sobre temas sens\u00edveis como bullying, viol\u00eancia dom\u00e9stica, pedofilia e preven\u00e7\u00e3o ao uso de drogas.<\/p><div class=\"newsi-conteudo_19\" id=\"newsi-493922632\"><a href=\"https:\/\/www.instagram.com\/prefeituraalagoinhas?igsh=YzgzdDJ1bWR3aWI4\" aria-label=\"SAVE_20251006_221555\"><img loading=\"lazy\" decoding=\"async\" src=\"https:\/\/newsinfoco.com.br\/inicio\/wp-content\/uploads\/2025\/10\/SAVE_20251006_221555-rotated.jpg\" alt=\"\"  srcset=\"https:\/\/newsinfoco.com.br\/inicio\/wp-content\/uploads\/2025\/10\/SAVE_20251006_221555-rotated.jpg 1140w, https:\/\/newsinfoco.com.br\/inicio\/wp-content\/uploads\/2025\/10\/SAVE_20251006_221555-300x52.jpg 300w, https:\/\/newsinfoco.com.br\/inicio\/wp-content\/uploads\/2025\/10\/SAVE_20251006_221555-1024x177.jpg 1024w, https:\/\/newsinfoco.com.br\/inicio\/wp-content\/uploads\/2025\/10\/SAVE_20251006_221555-768x133.jpg 768w, https:\/\/newsinfoco.com.br\/inicio\/wp-content\/uploads\/2025\/10\/SAVE_20251006_221555-600x104.jpg 600w, https:\/\/newsinfoco.com.br\/inicio\/wp-content\/uploads\/2025\/10\/SAVE_20251006_221555-696x120.jpg 696w, https:\/\/newsinfoco.com.br\/inicio\/wp-content\/uploads\/2025\/10\/SAVE_20251006_221555-1068x185.jpg 1068w\" sizes=\"(max-width: 1140px) 100vw, 1140px\" width=\"1140\" height=\"197\"   \/><\/a><\/div>\n<p>Em 2025, o projeto atendeu a 586 alunos de diversas s\u00e9ries das escolas municipais Irene Andrade, Menino Jesus, Roberto Santos, Miguel Calmon, Pedro Furtado, Isa\u00edas Figueiredo e Tancredo Neves.<\/p>\n<p>A secret\u00e1ria de Educa\u00e7\u00e3o, Rita Bastos, refor\u00e7a a relev\u00e2ncia da iniciativa para a forma\u00e7\u00e3o dos jovens. \u201c\u00c9 muito importante trazer informa\u00e7\u00e3o, forma\u00e7\u00e3o e moldar parte da personalidade e do car\u00e1ter das nossas crian\u00e7as. O contato com a tem\u00e1tica das drogas, do saber dizer n\u00e3o \u00e0s drogas, da postura, do respeito, \u00e9 muito relevante para a forma\u00e7\u00e3o das crian\u00e7as\u201d, diz.<\/p>\n<p>Para Major Vasconcelos, da Pol\u00edcia Militar, a colabora\u00e7\u00e3o do poder municipal foi essencial para o sucesso do programa. \u201cSem a ajuda da Prefeitura de Alagoinhas, o trabalho da Pol\u00edcia Militar n\u00e3o poderia ser colocado em pr\u00e1tica com tanta maestria,\u201d afirma.<\/p>\n<p>Segundo ele, o foco do trabalho \u00e9 a preven\u00e7\u00e3o. \u201cTemos certeza de estar plantando uma semente e os frutos ser\u00e3o colhidos mais tarde. Muitos dos alunos que passaram por esses ensinamentos trilhar\u00e3o um caminho muito melhor\u201d, acredita\u201d.<\/p>\n<p>O impacto direto do Proerd na vida dos alunos foi demonstrado pela estudante Edlainy Alves da Costa, da Escola Municipal Roberto Santos. Ela foi premiada pela melhor reda\u00e7\u00e3o do programa. \u201cNas aulas, aprendemos sobre respeito, amizades, cidadania, a ajudar o pr\u00f3ximo e a cuidar de nossa sa\u00fade e de nosso futuro. Os policiais mostraram como ter uma vida saud\u00e1vel e longe das coisas erradas \u00e9 o melhor caminho. Eles tamb\u00e9m ensinaram que devemos pensar antes de agir e resistir \u00e0 press\u00e3o dos colegas. Tamb\u00e9m aprendemos a import\u00e2ncia da fam\u00edlia e dos amigos verdadeiros, que nos fazem refletir sobre nossos sonhos e sobre como podemos realiz\u00e1-los com esfor\u00e7o e responsabilidade,\u201d destaca a estudante.<\/p>\n<p><a class=\"group1 cboxElement\" href=\"https:\/\/www.alagoinhas.ba.gov.br\/wp-content\/uploads\/2025\/12\/WhatsApp-Image-2025-12-12-at-10.38.02-1.jpeg\"><img loading=\"lazy\" decoding=\"async\" class=\"aligncenter size-full wp-image-86130\" src=\"https:\/\/www.alagoinhas.ba.gov.br\/wp-content\/uploads\/2025\/12\/WhatsApp-Image-2025-12-12-at-10.38.02-1.jpeg\" sizes=\"auto, (max-width: 1600px) 100vw, 1600px\" srcset=\"https:\/\/www.alagoinhas.ba.gov.br\/wp-content\/uploads\/2025\/12\/WhatsApp-Image-2025-12-12-at-10.38.02-1.jpeg 1600w, https:\/\/www.alagoinhas.ba.gov.br\/wp-content\/uploads\/2025\/12\/WhatsApp-Image-2025-12-12-at-10.38.02-1-300x200.jpeg 300w, https:\/\/www.alagoinhas.ba.gov.br\/wp-content\/uploads\/2025\/12\/WhatsApp-Image-2025-12-12-at-10.38.02-1-768x512.jpeg 768w, https:\/\/www.alagoinhas.ba.gov.br\/wp-content\/uploads\/2025\/12\/WhatsApp-Image-2025-12-12-at-10.38.02-1-1024x682.jpeg 1024w, https:\/\/www.alagoinhas.ba.gov.br\/wp-content\/uploads\/2025\/12\/WhatsApp-Image-2025-12-12-at-10.38.02-1-24x16.jpeg 24w\" alt=\"\" width=\"1600\" height=\"1066\" \/><\/a><\/p>\n<p><a class=\"group1 cboxElement\" href=\"https:\/\/www.alagoinhas.ba.gov.br\/wp-content\/uploads\/2025\/12\/WhatsApp-Image-2025-12-12-at-10.35.57.jpeg\"><img loading=\"lazy\" decoding=\"async\" class=\"aligncenter size-full wp-image-86129\" src=\"https:\/\/www.alagoinhas.ba.gov.br\/wp-content\/uploads\/2025\/12\/WhatsApp-Image-2025-12-12-at-10.35.57.jpeg\" sizes=\"auto, (max-width: 1600px) 100vw, 1600px\" srcset=\"https:\/\/www.alagoinhas.ba.gov.br\/wp-content\/uploads\/2025\/12\/WhatsApp-Image-2025-12-12-at-10.35.57.jpeg 1600w, https:\/\/www.alagoinhas.ba.gov.br\/wp-content\/uploads\/2025\/12\/WhatsApp-Image-2025-12-12-at-10.35.57-300x200.jpeg 300w, https:\/\/www.alagoinhas.ba.gov.br\/wp-content\/uploads\/2025\/12\/WhatsApp-Image-2025-12-12-at-10.35.57-768x512.jpeg 768w, https:\/\/www.alagoinhas.ba.gov.br\/wp-content\/uploads\/2025\/12\/WhatsApp-Image-2025-12-12-at-10.35.57-1024x682.jpeg 1024w, https:\/\/www.alagoinhas.ba.gov.br\/wp-content\/uploads\/2025\/12\/WhatsApp-Image-2025-12-12-at-10.35.57-24x16.jpeg 24w\" alt=\"\" width=\"1600\" height=\"1066\" \/><\/a><\/p>\n<p><a class=\"group1 cboxElement\" href=\"https:\/\/www.alagoinhas.ba.gov.br\/wp-content\/uploads\/2025\/12\/WhatsApp-Image-2025-12-12-at-10.38.02.jpeg\"><img loading=\"lazy\" decoding=\"async\" class=\"aligncenter size-full wp-image-86124\" src=\"https:\/\/www.alagoinhas.ba.gov.br\/wp-content\/uploads\/2025\/12\/WhatsApp-Image-2025-12-12-at-10.38.02.jpeg\" sizes=\"auto, (max-width: 1600px) 100vw, 1600px\" srcset=\"https:\/\/www.alagoinhas.ba.gov.br\/wp-content\/uploads\/2025\/12\/WhatsApp-Image-2025-12-12-at-10.38.02.jpeg 1600w, https:\/\/www.alagoinhas.ba.gov.br\/wp-content\/uploads\/2025\/12\/WhatsApp-Image-2025-12-12-at-10.38.02-300x200.jpeg 300w, https:\/\/www.alagoinhas.ba.gov.br\/wp-content\/uploads\/2025\/12\/WhatsApp-Image-2025-12-12-at-10.38.02-768x512.jpeg 768w, https:\/\/www.alagoinhas.ba.gov.br\/wp-content\/uploads\/2025\/12\/WhatsApp-Image-2025-12-12-at-10.38.02-1024x682.jpeg 1024w, https:\/\/www.alagoinhas.ba.gov.br\/wp-content\/uploads\/2025\/12\/WhatsApp-Image-2025-12-12-at-10.38.02-24x16.jpeg 24w\" alt=\"\" width=\"1600\" height=\"1066\" \/><\/a><\/p>\n<p><a class=\"group1 cboxElement\" href=\"https:\/\/www.alagoinhas.ba.gov.br\/wp-content\/uploads\/2025\/12\/WhatsApp-Image-2025-12-12-at-10.38.04.jpeg\"><img loading=\"lazy\" decoding=\"async\" class=\"aligncenter size-full wp-image-86123\" src=\"https:\/\/www.alagoinhas.ba.gov.br\/wp-content\/uploads\/2025\/12\/WhatsApp-Image-2025-12-12-at-10.38.04.jpeg\" sizes=\"auto, (max-width: 1600px) 100vw, 1600px\" srcset=\"https:\/\/www.alagoinhas.ba.gov.br\/wp-content\/uploads\/2025\/12\/WhatsApp-Image-2025-12-12-at-10.38.04.jpeg 1600w, https:\/\/www.alagoinhas.ba.gov.br\/wp-content\/uploads\/2025\/12\/WhatsApp-Image-2025-12-12-at-10.38.04-300x200.jpeg 300w, https:\/\/www.alagoinhas.ba.gov.br\/wp-content\/uploads\/2025\/12\/WhatsApp-Image-2025-12-12-at-10.38.04-768x512.jpeg 768w, https:\/\/www.alagoinhas.ba.gov.br\/wp-content\/uploads\/2025\/12\/WhatsApp-Image-2025-12-12-at-10.38.04-1024x682.jpeg 1024w, https:\/\/www.alagoinhas.ba.gov.br\/wp-content\/uploads\/2025\/12\/WhatsApp-Image-2025-12-12-at-10.38.04-24x16.jpeg 24w\" alt=\"\" width=\"1600\" height=\"1066\" \/><\/a><\/p>\n<p><a class=\"group1 cboxElement\" href=\"https:\/\/www.alagoinhas.ba.gov.br\/wp-content\/uploads\/2025\/12\/WhatsApp-Image-2025-12-12-at-10.42.08.jpeg\"><img loading=\"lazy\" decoding=\"async\" class=\"aligncenter size-full wp-image-86121\" src=\"https:\/\/www.alagoinhas.ba.gov.br\/wp-content\/uploads\/2025\/12\/WhatsApp-Image-2025-12-12-at-10.42.08.jpeg\" sizes=\"auto, (max-width: 1600px) 100vw, 1600px\" srcset=\"https:\/\/www.alagoinhas.ba.gov.br\/wp-content\/uploads\/2025\/12\/WhatsApp-Image-2025-12-12-at-10.42.08.jpeg 1600w, https:\/\/www.alagoinhas.ba.gov.br\/wp-content\/uploads\/2025\/12\/WhatsApp-Image-2025-12-12-at-10.42.08-300x200.jpeg 300w, https:\/\/www.alagoinhas.ba.gov.br\/wp-content\/uploads\/2025\/12\/WhatsApp-Image-2025-12-12-at-10.42.08-768x512.jpeg 768w, https:\/\/www.alagoinhas.ba.gov.br\/wp-content\/uploads\/2025\/12\/WhatsApp-Image-2025-12-12-at-10.42.08-1024x682.jpeg 1024w, https:\/\/www.alagoinhas.ba.gov.br\/wp-content\/uploads\/2025\/12\/WhatsApp-Image-2025-12-12-at-10.42.08-24x16.jpeg 24w\" alt=\"\" width=\"1600\" height=\"1066\" \/><\/a><\/p>\n<p><a class=\"group1 cboxElement\" href=\"https:\/\/www.alagoinhas.ba.gov.br\/wp-content\/uploads\/2025\/12\/WhatsApp-Image-2025-12-12-at-10.42.11.jpeg\"><img loading=\"lazy\" decoding=\"async\" class=\"aligncenter size-full wp-image-86120\" src=\"https:\/\/www.alagoinhas.ba.gov.br\/wp-content\/uploads\/2025\/12\/WhatsApp-Image-2025-12-12-at-10.42.11.jpeg\" sizes=\"auto, (max-width: 1600px) 100vw, 1600px\" srcset=\"https:\/\/www.alagoinhas.ba.gov.br\/wp-content\/uploads\/2025\/12\/WhatsApp-Image-2025-12-12-at-10.42.11.jpeg 1600w, https:\/\/www.alagoinhas.ba.gov.br\/wp-content\/uploads\/2025\/12\/WhatsApp-Image-2025-12-12-at-10.42.11-300x200.jpeg 300w, https:\/\/www.alagoinhas.ba.gov.br\/wp-content\/uploads\/2025\/12\/WhatsApp-Image-2025-12-12-at-10.42.11-768x512.jpeg 768w, https:\/\/www.alagoinhas.ba.gov.br\/wp-content\/uploads\/2025\/12\/WhatsApp-Image-2025-12-12-at-10.42.11-1024x682.jpeg 1024w, https:\/\/www.alagoinhas.ba.gov.br\/wp-content\/uploads\/2025\/12\/WhatsApp-Image-2025-12-12-at-10.42.11-24x16.jpeg 24w\" alt=\"\" width=\"1600\" height=\"1066\" \/><\/a><\/p>\n<p><a class=\"group1 cboxElement\" href=\"https:\/\/www.alagoinhas.ba.gov.br\/wp-content\/uploads\/2025\/12\/WhatsApp-Image-2025-12-12-at-10.35.58-1.jpeg\"><img loading=\"lazy\" decoding=\"async\" class=\"aligncenter size-full wp-image-86118\" src=\"https:\/\/www.alagoinhas.ba.gov.br\/wp-content\/uploads\/2025\/12\/WhatsApp-Image-2025-12-12-at-10.35.58-1.jpeg\" sizes=\"auto, (max-width: 1600px) 100vw, 1600px\" srcset=\"https:\/\/www.alagoinhas.ba.gov.br\/wp-content\/uploads\/2025\/12\/WhatsApp-Image-2025-12-12-at-10.35.58-1.jpeg 1600w, https:\/\/www.alagoinhas.ba.gov.br\/wp-content\/uploads\/2025\/12\/WhatsApp-Image-2025-12-12-at-10.35.58-1-300x200.jpeg 300w, https:\/\/www.alagoinhas.ba.gov.br\/wp-content\/uploads\/2025\/12\/WhatsApp-Image-2025-12-12-at-10.35.58-1-768x512.jpeg 768w, https:\/\/www.alagoinhas.ba.gov.br\/wp-content\/uploads\/2025\/12\/WhatsApp-Image-2025-12-12-at-10.35.58-1-1024x682.jpeg 1024w, https:\/\/www.alagoinhas.ba.gov.br\/wp-content\/uploads\/2025\/12\/WhatsApp-Image-2025-12-12-at-10.35.58-1-24x16.jpeg 24w\" alt=\"\" width=\"1600\" height=\"1066\" \/><\/a><\/p>\n<p><strong>Fotos: Roberto Fonseca\/Secom\/Alagoinhas<\/strong><\/p>\n<div align=\"right\"><\/div>\n<div class='share-to-whatsapp-wrapper'><div class='share-on-whsp'>Share on: <\/div><a data-text='Mais de 270 estudantes de Alagoinhas recebem certificados do Proerd' data-link='https:\/\/newsinfoco.com.br\/inicio\/mais-de-270-estudantes-de-alagoinhas-recebem-certificados-do-proerd\/' class='whatsapp-button whatsapp-share'>WhatsApp<\/a><div class='clear '><\/div><\/div>","protected":false},"excerpt":{"rendered":"<p>O Gin\u00e1sio de Esportes de Alagoinhas foi palco, nesta sexta-feira, 13, da formatura de 274 alunos do 5\u00b0 ano do Ensino Fundamental que participaram do Programa Educacional de Resist\u00eancia \u00e0s Drogas e \u00e0 Viol\u00eancia (Proerd) 2025. O Proerd \u00e9 resultado de uma parceria entre a Secretaria Municipal de Educa\u00e7\u00e3o (Seduc) e a Pol\u00edcia Militar, que [&hellip;]<\/p>\n","protected":false},"author":1,"featured_media":48503,"comment_status":"closed","ping_status":"closed","sticky":false,"template":"","format":"standard","meta":{"om_disable_all_campaigns":false,"_exactmetrics_skip_tracking":false,"_exactmetrics_sitenote_active":false,"_exactmetrics_sitenote_note":"","_exactmetrics_sitenote_category":0,"footnotes":""},"categories":[19],"tags":[],"class_list":["post-48502","post","type-post","status-publish","format-standard","has-post-thumbnail","hentry","category-bahia"],"aioseo_notices":[],"_links":{"self":[{"href":"https:\/\/newsinfoco.com.br\/inicio\/wp-json\/wp\/v2\/posts\/48502","targetHints":{"allow":["GET"]}}],"collection":[{"href":"https:\/\/newsinfoco.com.br\/inicio\/wp-json\/wp\/v2\/posts"}],"about":[{"href":"https:\/\/newsinfoco.com.br\/inicio\/wp-json\/wp\/v2\/types\/post"}],"author":[{"embeddable":true,"href":"https:\/\/newsinfoco.com.br\/inicio\/wp-json\/wp\/v2\/users\/1"}],"replies":[{"embeddable":true,"href":"https:\/\/newsinfoco.com.br\/inicio\/wp-json\/wp\/v2\/comments?post=48502"}],"version-history":[{"count":1,"href":"https:\/\/newsinfoco.com.br\/inicio\/wp-json\/wp\/v2\/posts\/48502\/revisions"}],"predecessor-version":[{"id":48504,"href":"https:\/\/newsinfoco.com.br\/inicio\/wp-json\/wp\/v2\/posts\/48502\/revisions\/48504"}],"wp:featuredmedia":[{"embeddable":true,"href":"https:\/\/newsinfoco.com.br\/inicio\/wp-json\/wp\/v2\/media\/48503"}],"wp:attachment":[{"href":"https:\/\/newsinfoco.com.br\/inicio\/wp-json\/wp\/v2\/media?parent=48502"}],"wp:term":[{"taxonomy":"category","embeddable":true,"href":"https:\/\/newsinfoco.com.br\/inicio\/wp-json\/wp\/v2\/categories?post=48502"},{"taxonomy":"post_tag","embeddable":true,"href":"https:\/\/newsinfoco.com.br\/inicio\/wp-json\/wp\/v2\/tags?post=48502"}],"curies":[{"name":"wp","href":"https:\/\/api.w.org\/{rel}","templated":true}]}}