{"id":4853,"date":"2018-06-06T10:24:10","date_gmt":"2018-06-06T13:24:10","guid":{"rendered":"http:\/\/newsinfoco.com.br\/?p=4853"},"modified":"2018-06-06T10:24:10","modified_gmt":"2018-06-06T13:24:10","slug":"preco-dos-combustiveis-anp-fara-consulta-publica","status":"publish","type":"post","link":"https:\/\/newsinfoco.com.br\/inicio\/preco-dos-combustiveis-anp-fara-consulta-publica\/","title":{"rendered":"Pre\u00e7o dos combust\u00edveis: ANP far\u00e1 consulta p\u00fablica"},"content":{"rendered":"<p style=\"text-align: justify;\"><span style=\"color: #000000;\">O governo vai come\u00e7ar a regular a periodicidade dos reajustes dos combust\u00edveis, que at\u00e9 ent\u00e3o era livre, chegando a mudan\u00e7as di\u00e1rias, como as feitas pela Petrobras. A medida entrar\u00e1 em vigor em at\u00e9 60 dias. A Ag\u00eancia Nacional do Petr\u00f3leo, G\u00e1s Natural e Biocombust\u00edveis (ANP) anunciou, na noite de hoje (5), que iniciar\u00e1 uma consulta p\u00fablica para saber qual o per\u00edodo m\u00ednimo que refinarias e distribuidoras poder\u00e3o reajustar os combust\u00edveis.\u00a0<\/span><\/p>\n<p style=\"text-align: justify;\"><span style=\"color: #000000;\">A chamada Tomada P\u00fablica de Contribui\u00e7\u00f5es (TPC) ser\u00e1 realizada de 11 de junho a 2 de julho, ouvindo setores da Uni\u00e3o, de estados e munic\u00edpios, a todo o mercado petrol\u00edfero, aos consumidores, ao segmento t\u00e9cnico e a todos interessados. Ao final do processo, a ag\u00eancia reguladora dever\u00e1 elaborar uma resolu\u00e7\u00e3o sobre o per\u00edodo m\u00ednimo para o repasse ao consumidor dos reajustes dos pre\u00e7os dos combust\u00edveis.<\/span><\/p><div class=\"newsi-conteudo_19\" id=\"newsi-681380985\"><a href=\"https:\/\/www.instagram.com\/prefeituraalagoinhas?igsh=YzgzdDJ1bWR3aWI4\" aria-label=\"SAVE_20251006_221555\"><img loading=\"lazy\" decoding=\"async\" src=\"https:\/\/newsinfoco.com.br\/inicio\/wp-content\/uploads\/2025\/10\/SAVE_20251006_221555-rotated.jpg\" alt=\"\"  srcset=\"https:\/\/newsinfoco.com.br\/inicio\/wp-content\/uploads\/2025\/10\/SAVE_20251006_221555-rotated.jpg 1140w, https:\/\/newsinfoco.com.br\/inicio\/wp-content\/uploads\/2025\/10\/SAVE_20251006_221555-300x52.jpg 300w, https:\/\/newsinfoco.com.br\/inicio\/wp-content\/uploads\/2025\/10\/SAVE_20251006_221555-1024x177.jpg 1024w, https:\/\/newsinfoco.com.br\/inicio\/wp-content\/uploads\/2025\/10\/SAVE_20251006_221555-768x133.jpg 768w, https:\/\/newsinfoco.com.br\/inicio\/wp-content\/uploads\/2025\/10\/SAVE_20251006_221555-600x104.jpg 600w, https:\/\/newsinfoco.com.br\/inicio\/wp-content\/uploads\/2025\/10\/SAVE_20251006_221555-696x120.jpg 696w, https:\/\/newsinfoco.com.br\/inicio\/wp-content\/uploads\/2025\/10\/SAVE_20251006_221555-1068x185.jpg 1068w\" sizes=\"(max-width: 1140px) 100vw, 1140px\" width=\"1140\" height=\"197\"   \/><\/a><\/div>\n<p style=\"text-align: justify;\"><span style=\"color: #000000;\">O diretor-geral da ANP, Decio Oddone, disse que n\u00e3o se trata de interven\u00e7\u00e3o no mercado e explicou que a medida visa a estabilizar o setor, com benef\u00edcios a consumidores e \u00e0s empresas e investidores. &#8220;N\u00e3o ocorrer\u00e1 influ\u00eancia sobre a forma\u00e7\u00e3o de pre\u00e7os&#8221;, frisou. Segundo ele, o modelo foi escolhido porque o tema e &#8220;urgente&#8221;. &#8220;A periodicidade do repasse dos reajustes dos combust\u00edveis se converteu em um tema de grande interesse para a sociedade brasileira, que demonstrou que deseja uma maior estabilidade dos pre\u00e7os&#8221;, disse.<\/span><\/p>\n<p style=\"text-align: justify;\"><span style=\"color: #000000;\">Por meio de nota, o Minist\u00e9rio de Minas e Energia (MME) disse que as medidas que ser\u00e3o adotadas t\u00eam por objetivo assegurar as atividades econ\u00f4micas e garantir \u201ca possibilidade de reajustes e o conforto de pre\u00e7os justos\u201d.<\/span><\/p>\n<p style=\"text-align: justify;\"><span style=\"color: #000000;\">\u201c\u00c9 importante destacar que esse processo respeita a fun\u00e7\u00e3o da ANP, a de agente regulador do setor, observando crit\u00e9rios de governan\u00e7a e transpar\u00eancia. Esta consulta permitir\u00e1 postura alinhada com valores como liberdade de mercado; livre concorr\u00eancia; defesa de ambiente democr\u00e1tico para pessoas e atividades econ\u00f4micas, e respeito aos contratos\u201d, disse o MME por meio de nota.<\/span><\/p>\n<p style=\"text-align: justify;\"><span style=\"color: #000000;\">O an\u00fancio da medida ocorre um dia ap\u00f3s o Grupo de Trabalho composto pelo MME e a ANP ter adiado uma reuni\u00e3o para tratar do tema. Na ocasi\u00e3o o minist\u00e9rio informou, por meio de nota oficial, que a reuni\u00e3o buscaria criar uma &#8220;pol\u00edtica de amortecimento dos pre\u00e7os dos combust\u00edveis ao consumidor&#8221;. A suspens\u00e3o da reuni\u00e3o foi determinada pelo presidente Michel Temer, segundo apurou a Ag\u00eancia Brasil.\u00a0<\/span><\/p>\n<p>&nbsp;<\/p>\n<h6 style=\"text-align: right;\">Fonte:Tribunadabahia<\/h6>\n<div class='share-to-whatsapp-wrapper'><div class='share-on-whsp'>Share on: <\/div><a data-text='Pre\u00e7o dos combust\u00edveis: ANP far\u00e1 consulta p\u00fablica' data-link='https:\/\/newsinfoco.com.br\/inicio\/preco-dos-combustiveis-anp-fara-consulta-publica\/' class='whatsapp-button whatsapp-share'>WhatsApp<\/a><div class='clear '><\/div><\/div>","protected":false},"excerpt":{"rendered":"<p>O governo vai come\u00e7ar a regular a periodicidade dos reajustes dos combust\u00edveis, que at\u00e9 ent\u00e3o era livre, chegando a mudan\u00e7as di\u00e1rias, como as feitas pela Petrobras. A medida entrar\u00e1 em vigor em at\u00e9 60 dias. A Ag\u00eancia Nacional do Petr\u00f3leo, G\u00e1s Natural e Biocombust\u00edveis (ANP) anunciou, na noite de hoje (5), que iniciar\u00e1 uma consulta [&hellip;]<\/p>\n","protected":false},"author":1,"featured_media":4854,"comment_status":"open","ping_status":"open","sticky":false,"template":"","format":"standard","meta":{"om_disable_all_campaigns":false,"_exactmetrics_skip_tracking":false,"_exactmetrics_sitenote_active":false,"_exactmetrics_sitenote_note":"","_exactmetrics_sitenote_category":0,"footnotes":""},"categories":[21],"tags":[],"class_list":["post-4853","post","type-post","status-publish","format-standard","has-post-thumbnail","hentry","category-brasil"],"aioseo_notices":[],"_links":{"self":[{"href":"https:\/\/newsinfoco.com.br\/inicio\/wp-json\/wp\/v2\/posts\/4853","targetHints":{"allow":["GET"]}}],"collection":[{"href":"https:\/\/newsinfoco.com.br\/inicio\/wp-json\/wp\/v2\/posts"}],"about":[{"href":"https:\/\/newsinfoco.com.br\/inicio\/wp-json\/wp\/v2\/types\/post"}],"author":[{"embeddable":true,"href":"https:\/\/newsinfoco.com.br\/inicio\/wp-json\/wp\/v2\/users\/1"}],"replies":[{"embeddable":true,"href":"https:\/\/newsinfoco.com.br\/inicio\/wp-json\/wp\/v2\/comments?post=4853"}],"version-history":[{"count":0,"href":"https:\/\/newsinfoco.com.br\/inicio\/wp-json\/wp\/v2\/posts\/4853\/revisions"}],"wp:featuredmedia":[{"embeddable":true,"href":"https:\/\/newsinfoco.com.br\/inicio\/wp-json\/wp\/v2\/media\/4854"}],"wp:attachment":[{"href":"https:\/\/newsinfoco.com.br\/inicio\/wp-json\/wp\/v2\/media?parent=4853"}],"wp:term":[{"taxonomy":"category","embeddable":true,"href":"https:\/\/newsinfoco.com.br\/inicio\/wp-json\/wp\/v2\/categories?post=4853"},{"taxonomy":"post_tag","embeddable":true,"href":"https:\/\/newsinfoco.com.br\/inicio\/wp-json\/wp\/v2\/tags?post=4853"}],"curies":[{"name":"wp","href":"https:\/\/api.w.org\/{rel}","templated":true}]}}