{"id":4856,"date":"2018-06-06T10:27:17","date_gmt":"2018-06-06T13:27:17","guid":{"rendered":"http:\/\/newsinfoco.com.br\/?p=4856"},"modified":"2018-06-06T10:27:17","modified_gmt":"2018-06-06T13:27:17","slug":"sisu-oferece-57-mil-vagas-inscricoes-comecam-dia-12","status":"publish","type":"post","link":"https:\/\/newsinfoco.com.br\/inicio\/sisu-oferece-57-mil-vagas-inscricoes-comecam-dia-12\/","title":{"rendered":"Sisu oferece 57 mil vagas; inscri\u00e7\u00f5es come\u00e7am dia 12"},"content":{"rendered":"<p style=\"text-align: justify;\"><span style=\"color: #000000;\">O Sistema de Sele\u00e7\u00e3o Unificada (Sisu) vai ofertar 57.271 vagas em 68 institui\u00e7\u00f5es p\u00fablicas de ensino superior, segundo o Minist\u00e9rio da Educa\u00e7\u00e3o (MEC). As inscri\u00e7\u00f5es poder\u00e3o ser feitas do dia 12 ao dia 15 de junho.\u00a0 O edital com todo o cronograma do programa foi publicado hoje (5), no Di\u00e1rio Oficial da Uni\u00e3o.<\/span><\/p>\n<p style=\"text-align: justify;\"><span style=\"color: #000000;\">Pode concorrer \u00e0s vagas quem fez o Exame Nacional do Ensino M\u00e9dio (Enem) em 2017 e obteve nota acima de zero em reda\u00e7\u00e3o. Todo o processo de inscri\u00e7\u00e3o \u00e9 feito exclusivamente pela internet, na p\u00e1gina do Sisu.<\/span><\/p><div class=\"newsi-conteudo_19\" id=\"newsi-1761342753\"><a href=\"https:\/\/www.instagram.com\/prefeituraalagoinhas?igsh=YzgzdDJ1bWR3aWI4\" aria-label=\"SAVE_20251006_221555\"><img loading=\"lazy\" decoding=\"async\" src=\"https:\/\/newsinfoco.com.br\/inicio\/wp-content\/uploads\/2025\/10\/SAVE_20251006_221555-rotated.jpg\" alt=\"\"  srcset=\"https:\/\/newsinfoco.com.br\/inicio\/wp-content\/uploads\/2025\/10\/SAVE_20251006_221555-rotated.jpg 1140w, https:\/\/newsinfoco.com.br\/inicio\/wp-content\/uploads\/2025\/10\/SAVE_20251006_221555-300x52.jpg 300w, https:\/\/newsinfoco.com.br\/inicio\/wp-content\/uploads\/2025\/10\/SAVE_20251006_221555-1024x177.jpg 1024w, https:\/\/newsinfoco.com.br\/inicio\/wp-content\/uploads\/2025\/10\/SAVE_20251006_221555-768x133.jpg 768w, https:\/\/newsinfoco.com.br\/inicio\/wp-content\/uploads\/2025\/10\/SAVE_20251006_221555-600x104.jpg 600w, https:\/\/newsinfoco.com.br\/inicio\/wp-content\/uploads\/2025\/10\/SAVE_20251006_221555-696x120.jpg 696w, https:\/\/newsinfoco.com.br\/inicio\/wp-content\/uploads\/2025\/10\/SAVE_20251006_221555-1068x185.jpg 1068w\" sizes=\"(max-width: 1140px) 100vw, 1140px\" width=\"1140\" height=\"197\"   \/><\/a><\/div>\n<p style=\"text-align: justify;\"><span style=\"color: #000000;\">Ao ingressar no sistema, o candidato dever\u00e1 escolher, por ordem de prefer\u00eancia, at\u00e9 duas op\u00e7\u00f5es de curso entre as vagas ofertadas. \u00c9 poss\u00edvel alterar essas op\u00e7\u00f5es durante todo o per\u00edodo de inscri\u00e7\u00e3o. A \u00faltima modifica\u00e7\u00e3o confirmada \u00e9 a considerada v\u00e1lida.<\/span><\/p>\n<p style=\"text-align: justify;\"><span style=\"color: #000000;\">As vagas ser\u00e3o ofertadas em oito institui\u00e7\u00f5es p\u00fablicas estaduais, uma faculdade p\u00fablica municipal e 59 institui\u00e7\u00f5es p\u00fablicas federais, com dois centros de educa\u00e7\u00e3o tecnol\u00f3gica, 27 institutos federais de educa\u00e7\u00e3o, ci\u00eancia e tecnologia e 30 universidades.<\/span><\/p>\n<p style=\"text-align: justify;\"><span style=\"color: #000000;\">O resultado da chamada regular est\u00e1 previsto para o dia 18 de junho. O per\u00edodo de matr\u00edcula vai de 22 at\u00e9 28 de junho e o prazo para participar da lista de espera \u00e9 de 22 a 27 de junho.\u00a0<\/span><\/p>\n<p>&nbsp;<\/p>\n<h6 style=\"text-align: right;\">Fonte:Tribunadabahia<\/h6>\n<div class='share-to-whatsapp-wrapper'><div class='share-on-whsp'>Share on: <\/div><a data-text='Sisu oferece 57 mil vagas; inscri\u00e7\u00f5es come\u00e7am dia 12' data-link='https:\/\/newsinfoco.com.br\/inicio\/sisu-oferece-57-mil-vagas-inscricoes-comecam-dia-12\/' class='whatsapp-button whatsapp-share'>WhatsApp<\/a><div class='clear '><\/div><\/div>","protected":false},"excerpt":{"rendered":"<p>O Sistema de Sele\u00e7\u00e3o Unificada (Sisu) vai ofertar 57.271 vagas em 68 institui\u00e7\u00f5es p\u00fablicas de ensino superior, segundo o Minist\u00e9rio da Educa\u00e7\u00e3o (MEC). As inscri\u00e7\u00f5es poder\u00e3o ser feitas do dia 12 ao dia 15 de junho.\u00a0 O edital com todo o cronograma do programa foi publicado hoje (5), no Di\u00e1rio Oficial da Uni\u00e3o. Pode concorrer [&hellip;]<\/p>\n","protected":false},"author":1,"featured_media":4857,"comment_status":"open","ping_status":"open","sticky":false,"template":"","format":"standard","meta":{"om_disable_all_campaigns":false,"_exactmetrics_skip_tracking":false,"_exactmetrics_sitenote_active":false,"_exactmetrics_sitenote_note":"","_exactmetrics_sitenote_category":0,"footnotes":""},"categories":[32],"tags":[],"class_list":["post-4856","post","type-post","status-publish","format-standard","has-post-thumbnail","hentry","category-educacao"],"aioseo_notices":[],"_links":{"self":[{"href":"https:\/\/newsinfoco.com.br\/inicio\/wp-json\/wp\/v2\/posts\/4856","targetHints":{"allow":["GET"]}}],"collection":[{"href":"https:\/\/newsinfoco.com.br\/inicio\/wp-json\/wp\/v2\/posts"}],"about":[{"href":"https:\/\/newsinfoco.com.br\/inicio\/wp-json\/wp\/v2\/types\/post"}],"author":[{"embeddable":true,"href":"https:\/\/newsinfoco.com.br\/inicio\/wp-json\/wp\/v2\/users\/1"}],"replies":[{"embeddable":true,"href":"https:\/\/newsinfoco.com.br\/inicio\/wp-json\/wp\/v2\/comments?post=4856"}],"version-history":[{"count":0,"href":"https:\/\/newsinfoco.com.br\/inicio\/wp-json\/wp\/v2\/posts\/4856\/revisions"}],"wp:featuredmedia":[{"embeddable":true,"href":"https:\/\/newsinfoco.com.br\/inicio\/wp-json\/wp\/v2\/media\/4857"}],"wp:attachment":[{"href":"https:\/\/newsinfoco.com.br\/inicio\/wp-json\/wp\/v2\/media?parent=4856"}],"wp:term":[{"taxonomy":"category","embeddable":true,"href":"https:\/\/newsinfoco.com.br\/inicio\/wp-json\/wp\/v2\/categories?post=4856"},{"taxonomy":"post_tag","embeddable":true,"href":"https:\/\/newsinfoco.com.br\/inicio\/wp-json\/wp\/v2\/tags?post=4856"}],"curies":[{"name":"wp","href":"https:\/\/api.w.org\/{rel}","templated":true}]}}