{"id":48584,"date":"2026-01-11T22:04:55","date_gmt":"2026-01-12T01:04:55","guid":{"rendered":"https:\/\/newsinfoco.com.br\/inicio\/?p=48584"},"modified":"2026-01-11T22:04:55","modified_gmt":"2026-01-12T01:04:55","slug":"jeronimo-rodrigues-e-rui-costa-autorizam-obras-do-novo-pac-com-investimento-superior-a-r-27-milhoes-em-contencoes-de-encostas-em-salvador","status":"publish","type":"post","link":"https:\/\/newsinfoco.com.br\/inicio\/jeronimo-rodrigues-e-rui-costa-autorizam-obras-do-novo-pac-com-investimento-superior-a-r-27-milhoes-em-contencoes-de-encostas-em-salvador\/","title":{"rendered":"Jer\u00f4nimo Rodrigues e Rui Costa autorizam obras do Novo PAC com investimento superior a R$ 27 milh\u00f5es em conten\u00e7\u00f5es de encostas em Salvador"},"content":{"rendered":"<p>Para quem vive em regi\u00f5es de encosta, o per\u00edodo de chuvas costuma ser motivo de apreens\u00e3o. Em Salvador, mais de 14 mil pessoas passam a contar com mais seguran\u00e7a a partir da constru\u00e7\u00e3o de nove novas obras de conten\u00e7\u00e3o de encostas em \u00e1reas de risco da capital. As interven\u00e7\u00f5es somam investimento superior a R$ 27 milh\u00f5es, por meio do Novo PAC, resultado da parceria entre os governos estadual e federal. A ordem de servi\u00e7o foi assinada neste domingo (12).<\/p>\n<p>Durante a agenda, o governador Jer\u00f4nimo Rodrigues e o ministro da Casa Civil, Rui Costa, tamb\u00e9m visitaram obras em andamento na Travessa S\u00e3o Domingos e na Rua Santa Luzia, no bairro de Pau da Lima, que juntas recebem mais de R$ 1,2 milh\u00e3o em investimentos.<\/p><div class=\"newsi-conteudo_19\" id=\"newsi-694139529\"><a href=\"https:\/\/www.instagram.com\/prefeituraalagoinhas?igsh=YzgzdDJ1bWR3aWI4\" aria-label=\"SAVE_20251006_221555\"><img loading=\"lazy\" decoding=\"async\" src=\"https:\/\/newsinfoco.com.br\/inicio\/wp-content\/uploads\/2025\/10\/SAVE_20251006_221555-rotated.jpg\" alt=\"\"  srcset=\"https:\/\/newsinfoco.com.br\/inicio\/wp-content\/uploads\/2025\/10\/SAVE_20251006_221555-rotated.jpg 1140w, https:\/\/newsinfoco.com.br\/inicio\/wp-content\/uploads\/2025\/10\/SAVE_20251006_221555-300x52.jpg 300w, https:\/\/newsinfoco.com.br\/inicio\/wp-content\/uploads\/2025\/10\/SAVE_20251006_221555-1024x177.jpg 1024w, https:\/\/newsinfoco.com.br\/inicio\/wp-content\/uploads\/2025\/10\/SAVE_20251006_221555-768x133.jpg 768w, https:\/\/newsinfoco.com.br\/inicio\/wp-content\/uploads\/2025\/10\/SAVE_20251006_221555-600x104.jpg 600w, https:\/\/newsinfoco.com.br\/inicio\/wp-content\/uploads\/2025\/10\/SAVE_20251006_221555-696x120.jpg 696w, https:\/\/newsinfoco.com.br\/inicio\/wp-content\/uploads\/2025\/10\/SAVE_20251006_221555-1068x185.jpg 1068w\" sizes=\"(max-width: 1140px) 100vw, 1140px\" width=\"1140\" height=\"197\"   \/><\/a><\/div>\n<p>As novas conten\u00e7\u00f5es v\u00e3o beneficiar comunidades nos bairros de Plataforma, Pernambu\u00e9s, Federa\u00e7\u00e3o, Ondina, Alto do Cabrito, Campinas de Piraj\u00e1, Mata Escura, Cajazeiras XI e S\u00e3o Marcos. O objetivo \u00e9 reduzir os riscos de deslizamentos, proteger moradias e contribuir para a melhoria da qualidade de vida de fam\u00edlias que vivem em \u00e1reas vulner\u00e1veis, especialmente durante os per\u00edodos de chuvas intensas.<\/p>\n<p>Moradora da Rua Santa Luzia, em Pau da Lima, onde uma obra de conten\u00e7\u00e3o de encosta est\u00e1 em execu\u00e7\u00e3o, Rosimeire Alves destaca a import\u00e2ncia da interven\u00e7\u00e3o para a rotina da comunidade. &#8220;Quando a gente sabe que tem uma obra dessas sendo feita, a sensa\u00e7\u00e3o muda completamente. Em dias de chuva, a preocupa\u00e7\u00e3o sempre existe, mas agora vem junto a tranquilidade de saber que h\u00e1 um trabalho sendo realizado para proteger quem mora aqui&#8221;, afirmou.<\/p>\n<p>Para o governador Jer\u00f4nimo Rodrigues, as obras representam uma a\u00e7\u00e3o preventiva e de cuidado com a popula\u00e7\u00e3o. &#8220;Estamos falando de preven\u00e7\u00e3o, de prote\u00e7\u00e3o de vidas e de garantia de dignidade \u00e0s pessoas. Cada encosta protegida significa mais tranquilidade para as fam\u00edlias e mais seguran\u00e7a para a cidade&#8221;, destacou o governador, ao ressaltar a import\u00e2ncia da integra\u00e7\u00e3o entre os governos estadual e federal para ampliar os investimentos em infraestrutura urbana e preven\u00e7\u00e3o de riscos.<\/p>\n<p>O ministro da Casa Civil, Rui Costa, refor\u00e7ou que as interven\u00e7\u00f5es fazem parte de uma pol\u00edtica cont\u00ednua de prote\u00e7\u00e3o social. &#8220;Essas obras atuam antes do problema acontecer, melhorando a qualidade de vida de quem vive em \u00e1reas de risco. \u00c9 planejamento, investimento e cuidado com as pessoas, para que as cidades estejam mais preparadas para enfrentar per\u00edodos de chuva e eventos clim\u00e1ticos extremos&#8221;, afirmou.<\/p>\n<p>As obras s\u00e3o executadas pela Companhia de Desenvolvimento Urbano do Estado da Bahia (Conder), em parceria com a Secretaria de Desenvolvimento Urbano (Sedur) e o Minist\u00e9rio das Cidades. Segundo o presidente da Conder, Jos\u00e9 Trindade, a articula\u00e7\u00e3o entre os \u00f3rg\u00e3os contribui para a efici\u00eancia das interven\u00e7\u00f5es. &#8220;Essa integra\u00e7\u00e3o garante mais agilidade, efici\u00eancia e acompanhamento t\u00e9cnico, assegurando que as conten\u00e7\u00f5es cumpram seu papel de proteger as comunidades e oferecer mais seguran\u00e7a \u00e0 popula\u00e7\u00e3o&#8221;, disse.<\/p>\n<div class='share-to-whatsapp-wrapper'><div class='share-on-whsp'>Share on: <\/div><a data-text='Jer\u00f4nimo Rodrigues e Rui Costa autorizam obras do Novo PAC com investimento superior a R$ 27 milh\u00f5es em conten\u00e7\u00f5es de encostas em Salvador' data-link='https:\/\/newsinfoco.com.br\/inicio\/jeronimo-rodrigues-e-rui-costa-autorizam-obras-do-novo-pac-com-investimento-superior-a-r-27-milhoes-em-contencoes-de-encostas-em-salvador\/' class='whatsapp-button whatsapp-share'>WhatsApp<\/a><div class='clear '><\/div><\/div>","protected":false},"excerpt":{"rendered":"<p>Para quem vive em regi\u00f5es de encosta, o per\u00edodo de chuvas costuma ser motivo de apreens\u00e3o. Em Salvador, mais de 14 mil pessoas passam a contar com mais seguran\u00e7a a partir da constru\u00e7\u00e3o de nove novas obras de conten\u00e7\u00e3o de encostas em \u00e1reas de risco da capital. As interven\u00e7\u00f5es somam investimento superior a R$ 27 [&hellip;]<\/p>\n","protected":false},"author":1,"featured_media":48585,"comment_status":"closed","ping_status":"closed","sticky":false,"template":"","format":"standard","meta":{"om_disable_all_campaigns":false,"_exactmetrics_skip_tracking":false,"_exactmetrics_sitenote_active":false,"_exactmetrics_sitenote_note":"","_exactmetrics_sitenote_category":0,"footnotes":""},"categories":[19],"tags":[],"class_list":["post-48584","post","type-post","status-publish","format-standard","has-post-thumbnail","hentry","category-bahia"],"aioseo_notices":[],"_links":{"self":[{"href":"https:\/\/newsinfoco.com.br\/inicio\/wp-json\/wp\/v2\/posts\/48584","targetHints":{"allow":["GET"]}}],"collection":[{"href":"https:\/\/newsinfoco.com.br\/inicio\/wp-json\/wp\/v2\/posts"}],"about":[{"href":"https:\/\/newsinfoco.com.br\/inicio\/wp-json\/wp\/v2\/types\/post"}],"author":[{"embeddable":true,"href":"https:\/\/newsinfoco.com.br\/inicio\/wp-json\/wp\/v2\/users\/1"}],"replies":[{"embeddable":true,"href":"https:\/\/newsinfoco.com.br\/inicio\/wp-json\/wp\/v2\/comments?post=48584"}],"version-history":[{"count":2,"href":"https:\/\/newsinfoco.com.br\/inicio\/wp-json\/wp\/v2\/posts\/48584\/revisions"}],"predecessor-version":[{"id":48587,"href":"https:\/\/newsinfoco.com.br\/inicio\/wp-json\/wp\/v2\/posts\/48584\/revisions\/48587"}],"wp:featuredmedia":[{"embeddable":true,"href":"https:\/\/newsinfoco.com.br\/inicio\/wp-json\/wp\/v2\/media\/48585"}],"wp:attachment":[{"href":"https:\/\/newsinfoco.com.br\/inicio\/wp-json\/wp\/v2\/media?parent=48584"}],"wp:term":[{"taxonomy":"category","embeddable":true,"href":"https:\/\/newsinfoco.com.br\/inicio\/wp-json\/wp\/v2\/categories?post=48584"},{"taxonomy":"post_tag","embeddable":true,"href":"https:\/\/newsinfoco.com.br\/inicio\/wp-json\/wp\/v2\/tags?post=48584"}],"curies":[{"name":"wp","href":"https:\/\/api.w.org\/{rel}","templated":true}]}}