{"id":4859,"date":"2018-06-06T10:33:03","date_gmt":"2018-06-06T13:33:03","guid":{"rendered":"http:\/\/newsinfoco.com.br\/?p=4859"},"modified":"2018-06-06T10:33:03","modified_gmt":"2018-06-06T13:33:03","slug":"bahia-farm-show-e-aberta-em-luis-eduardo-magalhaes","status":"publish","type":"post","link":"https:\/\/newsinfoco.com.br\/inicio\/bahia-farm-show-e-aberta-em-luis-eduardo-magalhaes\/","title":{"rendered":"Bahia Farm Show \u00e9 aberta em Lu\u00eds Eduardo Magalh\u00e3es"},"content":{"rendered":"<p style=\"text-align: justify;\"><span style=\"color: #000000;\">A 14\u00aa edi\u00e7\u00e3o da Bahia Farm Show foi aberta oficialmente nesta ter\u00e7a-feira (5), com a presen\u00e7a do governador Rui Costa. A maior feira agr\u00edcola do Norte\/Nordeste dever\u00e1 movimentar, at\u00e9 s\u00e1bado (9), mais de R$ 1, 5 bilh\u00e3o em neg\u00f3cios. A organiza\u00e7\u00e3o do evento espera que mais de 60 mil pessoas circulem nos cinco dias para conferir as inova\u00e7\u00f5es em tecnologia agr\u00edcola e a dissemina\u00e7\u00e3o de conhecimento, oferecidas por expositores, pesquisadores e empresas do setor agr\u00edcola.<\/span><\/p>\n<p style=\"text-align: justify;\"><span style=\"color: #000000;\">Para o governador Rui Costa, a feira representa a agricultura moderna. \u201c\u00c9 um orgulho para o baiano poder conferir e atestar o esfor\u00e7o e a dedica\u00e7\u00e3o empregados neste evento. S\u00e3o agricultores que v\u00eam construindo uma hist\u00f3ria de sucesso e trazendo a tecnologia como refer\u00eancia. Tenho orgulho de trabalhar junto com eles e de estar realizando grandes investimentos no setor, tanto para a grande Agricultura, quanto para a Agricultura Familiar, do grande ao pequeno produtor. A Bahia tem muito potencial, por isso convido os grandes empres\u00e1rios a investirem aqui, para trazer o beneficiamento das cadeias produtivas e industrializar os nossos produtos\u201d, enfatizou.<\/span><\/p><div class=\"newsi-conteudo_19\" id=\"newsi-367304797\"><a href=\"https:\/\/www.instagram.com\/prefeituraalagoinhas?igsh=YzgzdDJ1bWR3aWI4\" aria-label=\"SAVE_20251006_221555\"><img loading=\"lazy\" decoding=\"async\" src=\"https:\/\/newsinfoco.com.br\/inicio\/wp-content\/uploads\/2025\/10\/SAVE_20251006_221555-rotated.jpg\" alt=\"\"  srcset=\"https:\/\/newsinfoco.com.br\/inicio\/wp-content\/uploads\/2025\/10\/SAVE_20251006_221555-rotated.jpg 1140w, https:\/\/newsinfoco.com.br\/inicio\/wp-content\/uploads\/2025\/10\/SAVE_20251006_221555-300x52.jpg 300w, https:\/\/newsinfoco.com.br\/inicio\/wp-content\/uploads\/2025\/10\/SAVE_20251006_221555-1024x177.jpg 1024w, https:\/\/newsinfoco.com.br\/inicio\/wp-content\/uploads\/2025\/10\/SAVE_20251006_221555-768x133.jpg 768w, https:\/\/newsinfoco.com.br\/inicio\/wp-content\/uploads\/2025\/10\/SAVE_20251006_221555-600x104.jpg 600w, https:\/\/newsinfoco.com.br\/inicio\/wp-content\/uploads\/2025\/10\/SAVE_20251006_221555-696x120.jpg 696w, https:\/\/newsinfoco.com.br\/inicio\/wp-content\/uploads\/2025\/10\/SAVE_20251006_221555-1068x185.jpg 1068w\" sizes=\"(max-width: 1140px) 100vw, 1140px\" width=\"1140\" height=\"197\"   \/><\/a><\/div>\n<p style=\"text-align: justify;\"><span style=\"color: #000000;\">A feira conta com um quadro de palestras, mesas redondas e discuss\u00f5es, resultando em mais de 30 eventos. Participam da mostra as maiores empresas de m\u00e1quinas, implementos, insumos, avia\u00e7\u00e3o e servi\u00e7os. &#8220;A feira \u00e9 resultado de um ano inteiro de trabalho e planejamento. Os \u00faltimos 30 dias, especialmente, s\u00e3o extremamente intensos, com a montagem de 250 estandes. S\u00e3o cerca de 900 marcas expostas nessa feira&#8221;, disse o presidente da Bahia Farm Show, Celestino Zanella.<\/span><\/p>\n<p>&nbsp;<\/p>\n<h6 style=\"text-align: right;\">Fonte:Atarde<\/h6>\n<div class='share-to-whatsapp-wrapper'><div class='share-on-whsp'>Share on: <\/div><a data-text='Bahia Farm Show \u00e9 aberta em Lu\u00eds Eduardo Magalh\u00e3es' data-link='https:\/\/newsinfoco.com.br\/inicio\/bahia-farm-show-e-aberta-em-luis-eduardo-magalhaes\/' class='whatsapp-button whatsapp-share'>WhatsApp<\/a><div class='clear '><\/div><\/div>","protected":false},"excerpt":{"rendered":"<p>A 14\u00aa edi\u00e7\u00e3o da Bahia Farm Show foi aberta oficialmente nesta ter\u00e7a-feira (5), com a presen\u00e7a do governador Rui Costa. A maior feira agr\u00edcola do Norte\/Nordeste dever\u00e1 movimentar, at\u00e9 s\u00e1bado (9), mais de R$ 1, 5 bilh\u00e3o em neg\u00f3cios. A organiza\u00e7\u00e3o do evento espera que mais de 60 mil pessoas circulem nos cinco dias para [&hellip;]<\/p>\n","protected":false},"author":1,"featured_media":4860,"comment_status":"open","ping_status":"open","sticky":false,"template":"","format":"standard","meta":{"om_disable_all_campaigns":false,"_exactmetrics_skip_tracking":false,"_exactmetrics_sitenote_active":false,"_exactmetrics_sitenote_note":"","_exactmetrics_sitenote_category":0,"footnotes":""},"categories":[19],"tags":[],"class_list":["post-4859","post","type-post","status-publish","format-standard","has-post-thumbnail","hentry","category-bahia"],"aioseo_notices":[],"_links":{"self":[{"href":"https:\/\/newsinfoco.com.br\/inicio\/wp-json\/wp\/v2\/posts\/4859","targetHints":{"allow":["GET"]}}],"collection":[{"href":"https:\/\/newsinfoco.com.br\/inicio\/wp-json\/wp\/v2\/posts"}],"about":[{"href":"https:\/\/newsinfoco.com.br\/inicio\/wp-json\/wp\/v2\/types\/post"}],"author":[{"embeddable":true,"href":"https:\/\/newsinfoco.com.br\/inicio\/wp-json\/wp\/v2\/users\/1"}],"replies":[{"embeddable":true,"href":"https:\/\/newsinfoco.com.br\/inicio\/wp-json\/wp\/v2\/comments?post=4859"}],"version-history":[{"count":0,"href":"https:\/\/newsinfoco.com.br\/inicio\/wp-json\/wp\/v2\/posts\/4859\/revisions"}],"wp:featuredmedia":[{"embeddable":true,"href":"https:\/\/newsinfoco.com.br\/inicio\/wp-json\/wp\/v2\/media\/4860"}],"wp:attachment":[{"href":"https:\/\/newsinfoco.com.br\/inicio\/wp-json\/wp\/v2\/media?parent=4859"}],"wp:term":[{"taxonomy":"category","embeddable":true,"href":"https:\/\/newsinfoco.com.br\/inicio\/wp-json\/wp\/v2\/categories?post=4859"},{"taxonomy":"post_tag","embeddable":true,"href":"https:\/\/newsinfoco.com.br\/inicio\/wp-json\/wp\/v2\/tags?post=4859"}],"curies":[{"name":"wp","href":"https:\/\/api.w.org\/{rel}","templated":true}]}}