{"id":48591,"date":"2026-01-11T22:12:58","date_gmt":"2026-01-12T01:12:58","guid":{"rendered":"https:\/\/newsinfoco.com.br\/inicio\/?p=48591"},"modified":"2026-01-11T22:12:58","modified_gmt":"2026-01-12T01:12:58","slug":"entidade-aciona-conselho-da-oab-para-pedir-fim-do-sigilo-do-caso-master","status":"publish","type":"post","link":"https:\/\/newsinfoco.com.br\/inicio\/entidade-aciona-conselho-da-oab-para-pedir-fim-do-sigilo-do-caso-master\/","title":{"rendered":"Entidade aciona conselho da OAB para pedir fim do sigilo do caso Master"},"content":{"rendered":"<p>O Instituto\u00a0Movad\u00a0de Respeito \u00e0 Advocacia protocolou na quarta-feira (7) um requerimento ao conselho federal da\u00a0OAB\u00a0(Ordem dos Advogados do Brasil) para que o \u00f3rg\u00e3o pe\u00e7a a retirada do sigilo decretado pelo ministro\u00a0Dias Toffoli, do\u00a0STF\u00a0(Supremo Tribunal Federal), ao caso\u00a0Master.<\/p>\n<p>Em dezembro, Toffoli determinou que dilig\u00eancias e medidas relacionadas \u00e0 investiga\u00e7\u00e3o contra\u00a0Daniel Vorcaro\u00a0e o\u00a0Banco Master\u00a0sejam avaliadas pelo STF. Tamb\u00e9m\u00a0imp\u00f4s sigilo elevado ao caso, atendendo a um pedido da defesa para ocultar do p\u00fablico parte das informa\u00e7\u00f5es sobre o andamento processual.<\/p><div class=\"newsi-conteudo_19\" id=\"newsi-195100558\"><a href=\"https:\/\/www.instagram.com\/prefeituraalagoinhas?igsh=YzgzdDJ1bWR3aWI4\" aria-label=\"SAVE_20251006_221555\"><img loading=\"lazy\" decoding=\"async\" src=\"https:\/\/newsinfoco.com.br\/inicio\/wp-content\/uploads\/2025\/10\/SAVE_20251006_221555-rotated.jpg\" alt=\"\"  srcset=\"https:\/\/newsinfoco.com.br\/inicio\/wp-content\/uploads\/2025\/10\/SAVE_20251006_221555-rotated.jpg 1140w, https:\/\/newsinfoco.com.br\/inicio\/wp-content\/uploads\/2025\/10\/SAVE_20251006_221555-300x52.jpg 300w, https:\/\/newsinfoco.com.br\/inicio\/wp-content\/uploads\/2025\/10\/SAVE_20251006_221555-1024x177.jpg 1024w, https:\/\/newsinfoco.com.br\/inicio\/wp-content\/uploads\/2025\/10\/SAVE_20251006_221555-768x133.jpg 768w, https:\/\/newsinfoco.com.br\/inicio\/wp-content\/uploads\/2025\/10\/SAVE_20251006_221555-600x104.jpg 600w, https:\/\/newsinfoco.com.br\/inicio\/wp-content\/uploads\/2025\/10\/SAVE_20251006_221555-696x120.jpg 696w, https:\/\/newsinfoco.com.br\/inicio\/wp-content\/uploads\/2025\/10\/SAVE_20251006_221555-1068x185.jpg 1068w\" sizes=\"(max-width: 1140px) 100vw, 1140px\" width=\"1140\" height=\"197\"   \/><\/a><\/div>\n<p>A peti\u00e7\u00e3o, assinada pelo presidente do instituto, S\u00e9rgio Antunes Lima J\u00fanior, e pela vice-presidente, Daniella Martins Carvalho, argumenta que o segredo de justi\u00e7a deve ser exce\u00e7\u00e3o e que, em casos que envolvem o sistema financeiro e poss\u00edveis conflitos de interesse de agentes p\u00fablicos, a regra deve ser a publicidade.<\/p>\n<p>&#8220;A OAB, como guardi\u00e3 da Constitui\u00e7\u00e3o e dos princ\u00edpios democr\u00e1ticos, possui legitimidade e dever institucional de zelar pela transpar\u00eancia dos atos processuais que impactam a credibilidade da justi\u00e7a e o exerc\u00edcio da advocacia&#8221;, escrevem os advogados.<\/p>\n<div>\n<p>&#8220;Vale destacar que, eventualmente, e diante das apura\u00e7\u00f5es, milhares de cidad\u00e3os, consumidores e investidores poder\u00e3o pleitear direitos, atrav\u00e9s de seus respectivos advogados, dos mais diversos, o que, por ora, diante da imposi\u00e7\u00e3o de sigilo afeta, eventual atua\u00e7\u00e3o da advocacia&#8221;, continuam.<\/p>\n<div>Eles ressaltam ainda que h\u00e1 ind\u00edcios de que as investiga\u00e7\u00f5es n\u00e3o est\u00e3o restritas \u00e0 esfera criminal, &#8220;impactando outras \u00e1reas, especialmente a do consumidor&#8221;.<\/div>\n<\/div>\n<div><\/div>\n<div><\/div>\n<div>Danielle Brant, Folhapress<\/div>\n<div class='share-to-whatsapp-wrapper'><div class='share-on-whsp'>Share on: <\/div><a data-text='Entidade aciona conselho da OAB para pedir fim do sigilo do caso Master' data-link='https:\/\/newsinfoco.com.br\/inicio\/entidade-aciona-conselho-da-oab-para-pedir-fim-do-sigilo-do-caso-master\/' class='whatsapp-button whatsapp-share'>WhatsApp<\/a><div class='clear '><\/div><\/div>","protected":false},"excerpt":{"rendered":"<p>O Instituto\u00a0Movad\u00a0de Respeito \u00e0 Advocacia protocolou na quarta-feira (7) um requerimento ao conselho federal da\u00a0OAB\u00a0(Ordem dos Advogados do Brasil) para que o \u00f3rg\u00e3o pe\u00e7a a retirada do sigilo decretado pelo ministro\u00a0Dias Toffoli, do\u00a0STF\u00a0(Supremo Tribunal Federal), ao caso\u00a0Master. Em dezembro, Toffoli determinou que dilig\u00eancias e medidas relacionadas \u00e0 investiga\u00e7\u00e3o contra\u00a0Daniel Vorcaro\u00a0e o\u00a0Banco Master\u00a0sejam avaliadas pelo STF. [&hellip;]<\/p>\n","protected":false},"author":1,"featured_media":48592,"comment_status":"closed","ping_status":"closed","sticky":false,"template":"","format":"standard","meta":{"om_disable_all_campaigns":false,"_exactmetrics_skip_tracking":false,"_exactmetrics_sitenote_active":false,"_exactmetrics_sitenote_note":"","_exactmetrics_sitenote_category":0,"footnotes":""},"categories":[21],"tags":[],"class_list":["post-48591","post","type-post","status-publish","format-standard","has-post-thumbnail","hentry","category-brasil"],"aioseo_notices":[],"_links":{"self":[{"href":"https:\/\/newsinfoco.com.br\/inicio\/wp-json\/wp\/v2\/posts\/48591","targetHints":{"allow":["GET"]}}],"collection":[{"href":"https:\/\/newsinfoco.com.br\/inicio\/wp-json\/wp\/v2\/posts"}],"about":[{"href":"https:\/\/newsinfoco.com.br\/inicio\/wp-json\/wp\/v2\/types\/post"}],"author":[{"embeddable":true,"href":"https:\/\/newsinfoco.com.br\/inicio\/wp-json\/wp\/v2\/users\/1"}],"replies":[{"embeddable":true,"href":"https:\/\/newsinfoco.com.br\/inicio\/wp-json\/wp\/v2\/comments?post=48591"}],"version-history":[{"count":1,"href":"https:\/\/newsinfoco.com.br\/inicio\/wp-json\/wp\/v2\/posts\/48591\/revisions"}],"predecessor-version":[{"id":48593,"href":"https:\/\/newsinfoco.com.br\/inicio\/wp-json\/wp\/v2\/posts\/48591\/revisions\/48593"}],"wp:featuredmedia":[{"embeddable":true,"href":"https:\/\/newsinfoco.com.br\/inicio\/wp-json\/wp\/v2\/media\/48592"}],"wp:attachment":[{"href":"https:\/\/newsinfoco.com.br\/inicio\/wp-json\/wp\/v2\/media?parent=48591"}],"wp:term":[{"taxonomy":"category","embeddable":true,"href":"https:\/\/newsinfoco.com.br\/inicio\/wp-json\/wp\/v2\/categories?post=48591"},{"taxonomy":"post_tag","embeddable":true,"href":"https:\/\/newsinfoco.com.br\/inicio\/wp-json\/wp\/v2\/tags?post=48591"}],"curies":[{"name":"wp","href":"https:\/\/api.w.org\/{rel}","templated":true}]}}