{"id":48594,"date":"2026-01-11T22:15:14","date_gmt":"2026-01-12T01:15:14","guid":{"rendered":"https:\/\/newsinfoco.com.br\/inicio\/?p=48594"},"modified":"2026-01-11T22:15:14","modified_gmt":"2026-01-12T01:15:14","slug":"paulo-azi-afirma-que-conversas-sobre-montagem-da-chapa-de-acm-neto-vao-se-intensificar-em-fevereiro","status":"publish","type":"post","link":"https:\/\/newsinfoco.com.br\/inicio\/paulo-azi-afirma-que-conversas-sobre-montagem-da-chapa-de-acm-neto-vao-se-intensificar-em-fevereiro\/","title":{"rendered":"Paulo Azi afirma que conversas sobre montagem da chapa de ACM Neto v\u00e3o se intensificar em fevereiro"},"content":{"rendered":"<p>O deputado federal Paulo Azi (Uni\u00e3o Brasil) afirmou que as articula\u00e7\u00f5es para a forma\u00e7\u00e3o da chapa majorit\u00e1ria encabe\u00e7ada por ACM Neto (Uni\u00e3o Brasil) ao governo da Bahia devem avan\u00e7ar nos pr\u00f3ximos meses e destacou que o grupo da oposi\u00e7\u00e3o trabalha para apresentar uma composi\u00e7\u00e3o forte e competitiva para as elei\u00e7\u00f5es de 2026.<\/p>\n<p>Segundo o presidente estadual do Uni\u00e3o Brasil, o partido est\u00e1 totalmente empenhado na pr\u00e9-candidatura de ACM Neto, a quem atribui preparo pol\u00edtico e experi\u00eancia administrativa para liderar um novo projeto para o Estado.<\/p><div class=\"newsi-conteudo_19\" id=\"newsi-3191221923\"><a href=\"https:\/\/www.instagram.com\/prefeituraalagoinhas?igsh=YzgzdDJ1bWR3aWI4\" aria-label=\"SAVE_20251006_221555\"><img loading=\"lazy\" decoding=\"async\" src=\"https:\/\/newsinfoco.com.br\/inicio\/wp-content\/uploads\/2025\/10\/SAVE_20251006_221555-rotated.jpg\" alt=\"\"  srcset=\"https:\/\/newsinfoco.com.br\/inicio\/wp-content\/uploads\/2025\/10\/SAVE_20251006_221555-rotated.jpg 1140w, https:\/\/newsinfoco.com.br\/inicio\/wp-content\/uploads\/2025\/10\/SAVE_20251006_221555-300x52.jpg 300w, https:\/\/newsinfoco.com.br\/inicio\/wp-content\/uploads\/2025\/10\/SAVE_20251006_221555-1024x177.jpg 1024w, https:\/\/newsinfoco.com.br\/inicio\/wp-content\/uploads\/2025\/10\/SAVE_20251006_221555-768x133.jpg 768w, https:\/\/newsinfoco.com.br\/inicio\/wp-content\/uploads\/2025\/10\/SAVE_20251006_221555-600x104.jpg 600w, https:\/\/newsinfoco.com.br\/inicio\/wp-content\/uploads\/2025\/10\/SAVE_20251006_221555-696x120.jpg 696w, https:\/\/newsinfoco.com.br\/inicio\/wp-content\/uploads\/2025\/10\/SAVE_20251006_221555-1068x185.jpg 1068w\" sizes=\"(max-width: 1140px) 100vw, 1140px\" width=\"1140\" height=\"197\"   \/><\/a><\/div>\n<p>\u201cEstamos muito empenhados na candidatura de ACM Neto. Ele tem preparo pol\u00edtico, experi\u00eancia administrativa e vai representar um sentimento de mudan\u00e7a que j\u00e1 est\u00e1 no cora\u00e7\u00e3o dos baianos\u201d, afirmou em entrevista \u00e0 imprensa, esta semana, durante a posse do novo presidente do Tribunal de Contas do Estado (TCE), Gild\u00e1sio Penedo.<\/p>\n<p>Paulo Azi criticou a longa perman\u00eancia do PT no comando do governo estadual e defendeu um novo modelo de gest\u00e3o para a Bahia.<\/p>\n<p>\u201cS\u00e3o quase 20 anos de PT. H\u00e1 gera\u00e7\u00f5es que n\u00e3o conhecem outro modelo de gest\u00e3o. Defendemos um governo que foque na modernidade, na transpar\u00eancia e na aplica\u00e7\u00e3o dos recursos p\u00fablicos onde as pessoas realmente vivem\u201d, disse.<\/p>\n<p>De acordo com o deputado, as conversas para defini\u00e7\u00e3o da chapa majorit\u00e1ria \u2014 que inclui governador, vice-governador e candidatos ao Senado \u2014 devem se intensificar a partir de fevereiro, com di\u00e1logo entre partidos aliados e lideran\u00e7as pol\u00edticas que ainda n\u00e3o integram formalmente o grupo.<\/p>\n<p>\u201cA partir de fevereiro, as conversas v\u00e3o avan\u00e7ar efetivamente para que possamos apresentar \u00e0 popula\u00e7\u00e3o baiana uma chapa definida e competitiva, com ACM Neto ao governo, dois nomes ao Senado e o vice-governador ou vice-governadora\u201d, explicou.<\/p>\n<p>Ao comentar o cen\u00e1rio nacional, Paulo Azi avaliou que a elei\u00e7\u00e3o presidencial ainda est\u00e1 em aberto e que a defini\u00e7\u00e3o de alian\u00e7as depender\u00e1 do desfecho das articula\u00e7\u00f5es entre partidos do campo do centro e da direita.<\/p>\n<p>Perguntado se a candidatura do senador Fl\u00e1vio Bolsonaro (PL) ajudaria ou atrapalharia a candidatura de ACM Neto na Bahia, o deputado adotou um tom cauteloso.<\/p>\n<p>\u201cAinda estamos com um cen\u00e1rio muito aberto em rela\u00e7\u00e3o \u00e0 elei\u00e7\u00e3o presidencial. Existem in\u00fameros candidatos. O pr\u00f3prio Uni\u00e3o Brasil tem um pr\u00e9-candidato, que \u00e9 o governador Ronaldo Caiado. H\u00e1 outros nomes no campo do centro e da direita\u201d, afirmou.<\/p>\n<p>Segundo ele, o ideal seria a constru\u00e7\u00e3o de uma candidatura que consiga unificar esses setores.<\/p>\n<p>\u201cEu tor\u00e7o muito para que possamos sentar \u00e0 mesa e buscar um nome que agregue a todos. Se isso n\u00e3o for poss\u00edvel, cada partido deve lan\u00e7ar o seu candidato, mas com o compromisso de que todos estejam juntos com aquele que for ao segundo turno\u201d, concluiu.<\/p>\n<p>&nbsp;<\/p>\n<p>Fonte: Carine Andrade, Pol\u00edtica Livre<\/p>\n<div class='share-to-whatsapp-wrapper'><div class='share-on-whsp'>Share on: <\/div><a data-text='Paulo Azi afirma que conversas sobre montagem da chapa de ACM Neto v\u00e3o se intensificar em fevereiro' data-link='https:\/\/newsinfoco.com.br\/inicio\/paulo-azi-afirma-que-conversas-sobre-montagem-da-chapa-de-acm-neto-vao-se-intensificar-em-fevereiro\/' class='whatsapp-button whatsapp-share'>WhatsApp<\/a><div class='clear '><\/div><\/div>","protected":false},"excerpt":{"rendered":"<p>O deputado federal Paulo Azi (Uni\u00e3o Brasil) afirmou que as articula\u00e7\u00f5es para a forma\u00e7\u00e3o da chapa majorit\u00e1ria encabe\u00e7ada por ACM Neto (Uni\u00e3o Brasil) ao governo da Bahia devem avan\u00e7ar nos pr\u00f3ximos meses e destacou que o grupo da oposi\u00e7\u00e3o trabalha para apresentar uma composi\u00e7\u00e3o forte e competitiva para as elei\u00e7\u00f5es de 2026. Segundo o presidente [&hellip;]<\/p>\n","protected":false},"author":1,"featured_media":39902,"comment_status":"closed","ping_status":"closed","sticky":false,"template":"","format":"standard","meta":{"om_disable_all_campaigns":false,"_exactmetrics_skip_tracking":false,"_exactmetrics_sitenote_active":false,"_exactmetrics_sitenote_note":"","_exactmetrics_sitenote_category":0,"footnotes":""},"categories":[19],"tags":[],"class_list":["post-48594","post","type-post","status-publish","format-standard","has-post-thumbnail","hentry","category-bahia"],"aioseo_notices":[],"_links":{"self":[{"href":"https:\/\/newsinfoco.com.br\/inicio\/wp-json\/wp\/v2\/posts\/48594","targetHints":{"allow":["GET"]}}],"collection":[{"href":"https:\/\/newsinfoco.com.br\/inicio\/wp-json\/wp\/v2\/posts"}],"about":[{"href":"https:\/\/newsinfoco.com.br\/inicio\/wp-json\/wp\/v2\/types\/post"}],"author":[{"embeddable":true,"href":"https:\/\/newsinfoco.com.br\/inicio\/wp-json\/wp\/v2\/users\/1"}],"replies":[{"embeddable":true,"href":"https:\/\/newsinfoco.com.br\/inicio\/wp-json\/wp\/v2\/comments?post=48594"}],"version-history":[{"count":1,"href":"https:\/\/newsinfoco.com.br\/inicio\/wp-json\/wp\/v2\/posts\/48594\/revisions"}],"predecessor-version":[{"id":48595,"href":"https:\/\/newsinfoco.com.br\/inicio\/wp-json\/wp\/v2\/posts\/48594\/revisions\/48595"}],"wp:featuredmedia":[{"embeddable":true,"href":"https:\/\/newsinfoco.com.br\/inicio\/wp-json\/wp\/v2\/media\/39902"}],"wp:attachment":[{"href":"https:\/\/newsinfoco.com.br\/inicio\/wp-json\/wp\/v2\/media?parent=48594"}],"wp:term":[{"taxonomy":"category","embeddable":true,"href":"https:\/\/newsinfoco.com.br\/inicio\/wp-json\/wp\/v2\/categories?post=48594"},{"taxonomy":"post_tag","embeddable":true,"href":"https:\/\/newsinfoco.com.br\/inicio\/wp-json\/wp\/v2\/tags?post=48594"}],"curies":[{"name":"wp","href":"https:\/\/api.w.org\/{rel}","templated":true}]}}