{"id":48596,"date":"2026-01-11T22:18:58","date_gmt":"2026-01-12T01:18:58","guid":{"rendered":"https:\/\/newsinfoco.com.br\/inicio\/?p=48596"},"modified":"2026-01-11T22:18:58","modified_gmt":"2026-01-12T01:18:58","slug":"aliados-de-flavio-bolsonaro-apostam-em-marcal-por-alcance-digital-e-entrada-na-periferia","status":"publish","type":"post","link":"https:\/\/newsinfoco.com.br\/inicio\/aliados-de-flavio-bolsonaro-apostam-em-marcal-por-alcance-digital-e-entrada-na-periferia\/","title":{"rendered":"Aliados de Fl\u00e1vio Bolsonaro apostam em Mar\u00e7al por alcance digital e entrada na periferia"},"content":{"rendered":"<p>Aliados do senador\u00a0Fl\u00e1vio Bolsonaro (PL), pr\u00e9-candidato \u00e0 Presid\u00eancia da Rep\u00fablica, enxergam o influenciador\u00a0Pablo Mar\u00e7al (PRTB)\u00a0como uma carta na manga da campanha do filho de\u00a0Jair Bolsonaro (PL). Eles avaliam que o empres\u00e1rio, figura marcante da corrida eleitoral para a Prefeitura de S\u00e3o Paulo em 2024, pode entregar capilaridade digital e facilitar a entrada de Fl\u00e1vio entre os eleitores das periferias.<\/p>\n<p>Estrategistas de campanha especulam que Mar\u00e7al pode atuar como o &#8220;spin doctor&#8221; do senador, ou seja, um especialista em controlar e manipular a informa\u00e7\u00e3o. Por outro lado, o hist\u00f3rico do influenciador, que\u00a0ascendeu na campanha \u00e0 prefeitura\u00a0com provoca\u00e7\u00f5es, pol\u00eamicas e factoides,\u00a0e acabou ineleg\u00edvel, poderia prejudicar Fl\u00e1vio, que precisa reduzir a rejei\u00e7\u00e3o para se tornar vi\u00e1vel.<\/p><div class=\"newsi-conteudo_19\" id=\"newsi-1850791872\"><a href=\"https:\/\/www.instagram.com\/prefeituraalagoinhas?igsh=YzgzdDJ1bWR3aWI4\" aria-label=\"SAVE_20251006_221555\"><img loading=\"lazy\" decoding=\"async\" src=\"https:\/\/newsinfoco.com.br\/inicio\/wp-content\/uploads\/2025\/10\/SAVE_20251006_221555-rotated.jpg\" alt=\"\"  srcset=\"https:\/\/newsinfoco.com.br\/inicio\/wp-content\/uploads\/2025\/10\/SAVE_20251006_221555-rotated.jpg 1140w, https:\/\/newsinfoco.com.br\/inicio\/wp-content\/uploads\/2025\/10\/SAVE_20251006_221555-300x52.jpg 300w, https:\/\/newsinfoco.com.br\/inicio\/wp-content\/uploads\/2025\/10\/SAVE_20251006_221555-1024x177.jpg 1024w, https:\/\/newsinfoco.com.br\/inicio\/wp-content\/uploads\/2025\/10\/SAVE_20251006_221555-768x133.jpg 768w, https:\/\/newsinfoco.com.br\/inicio\/wp-content\/uploads\/2025\/10\/SAVE_20251006_221555-600x104.jpg 600w, https:\/\/newsinfoco.com.br\/inicio\/wp-content\/uploads\/2025\/10\/SAVE_20251006_221555-696x120.jpg 696w, https:\/\/newsinfoco.com.br\/inicio\/wp-content\/uploads\/2025\/10\/SAVE_20251006_221555-1068x185.jpg 1068w\" sizes=\"(max-width: 1140px) 100vw, 1140px\" width=\"1140\" height=\"197\"   \/><\/a><\/div>\n<p>No m\u00eas passado, o filho mais velho de Jair Bolsonaro surpreendeu quando, ap\u00f3s um encontro com empres\u00e1rios em S\u00e3o Paulo,\u00a0foi parar na sede da empresa\u00a0de Mar\u00e7al em Alphaville, uma esp\u00e9cie de meca onde o influenciador promove suas palestras. Fl\u00e1vio foi levado pelo empres\u00e1rio Filipe Sabar\u00e1, que tamb\u00e9m tem feito a ponte do senador\u00a0com a Faria Lima\u00a0e que coordenou o plano de governo de Mar\u00e7al em 2024.<\/p>\n<p>Em entrevista \u00e0 Folha em novembro, o influenciador havia dito que a direita era ref\u00e9m de Bolsonaro e que torcia pela ascens\u00e3o de um outsider para a Presid\u00eancia.<\/p>\n<p>Dias ap\u00f3s ter recebido Fl\u00e1vio, a reportagem perguntou a Mar\u00e7al por que decidiu apoi\u00e1-lo. Ele respondeu que o senador \u00e9 o \u00fanico Bolsonaro com &#8220;perfil presidenci\u00e1vel&#8221; e disse que pretende se engajar na campanha. &#8220;O cora\u00e7\u00e3o dele \u00e9 ensin\u00e1vel.&#8221;<\/p>\n<p>Sabar\u00e1, que foi pupilo do\u00a0ex-governador Jo\u00e3o Doria\u00a0e que depois se alinhou aos bolsonaristas, diz que o apoio de Mar\u00e7al refor\u00e7a a ades\u00e3o do p\u00fablico conservador a Fl\u00e1vio, com seu imp\u00e9rio digital \u2014apenas no Instagram, o influenciador tem quase 13 milh\u00f5es de seguidores.<\/p>\n<p>Ele tamb\u00e9m acredita que Mar\u00e7al pode ajudar o senador a conquistar espa\u00e7o nas periferias, por meio do discurso do empreendedorismo, muito marcado na fala do influenciador. &#8220;Tem muita gente conservadora nas periferias que vota na esquerda por causa de transfer\u00eancia de renda. Esse voto \u00e9 muito interessante e importante&#8221;, afirma.<\/p>\n<p>Nas elei\u00e7\u00f5es de 2024, Mar\u00e7al ganhou\u00a0na maior parte da zona leste\u00a0de S\u00e3o Paulo e em alguns distritos da zona norte. Na zona eleitoral da Vila Formosa, na zona leste, o influenciador teve 34,59% dos votos. Terminou a elei\u00e7\u00e3o com 28% dos votos, encostado em\u00a0Ricardo Nunes (MDB)\u00a0e\u00a0Guilherme Boulos (PSOL), que se enfrentaram no segundo turno.<\/p>\n<p>Professor de marketing pol\u00edtico na ESPM, com longo hist\u00f3rico em campanhas eleitorais, Marcelo Vitorino avalia que Mar\u00e7al entrega mais problemas do que solu\u00e7\u00f5es para Fl\u00e1vio. Ele diz que o influenciador conversa, em geral, com o mesmo p\u00fablico do senador. Para falar com a periferia, por exemplo, uma alternativa melhor seria caminhar com os evang\u00e9licos, que n\u00e3o t\u00eam uma carga negativa.<\/p>\n<p>Vitorino diz que o influenciador poderia ser \u00fatil na constru\u00e7\u00e3o da candidatura de uma figura pouco conhecida \u2013o oposto de Fl\u00e1vio. &#8220;Onde ele tem a agregar n\u00e3o \u00e9 onde o Fl\u00e1vio precisa. Ele precisa mostrar capacidade de unir pessoas em torno de um projeto. Isso o Mar\u00e7al n\u00e3o faz, muito pelo contr\u00e1rio&#8221;, afirma.<\/p>\n<p>Para o estrategista, a associa\u00e7\u00e3o com o influenciador poderia, inclusive, atrair mais rejei\u00e7\u00e3o para o senador. Pesquisa Genial\/Quaest de dezembro mostrou que 60% dos entrevistados diziam que n\u00e3o votariam em Fl\u00e1vio. O fator \u00e9 citado como um obst\u00e1culo central para a ades\u00e3o em massa do centr\u00e3o \u00e0 campanha, j\u00e1 que dificulta a vit\u00f3ria sobre o presidente Lula (PT) no segundo turno.<\/p>\n<p>&#8220;Mar\u00e7al sabe muito bem usar o algoritmos para se projetar, mas tamb\u00e9m comete trope\u00e7os. Ele mesmo est\u00e1 ineleg\u00edvel pelas manobras que fez na disputa municipal&#8221;, diz. &#8220;[Se eu fosse o marqueteiro da campanha] o usaria de forma limitada e com supervis\u00e3o. Pode at\u00e9 ganhar, mas depois perde o mandato porque infringiu regras.&#8221;<\/p>\n<p>A visita \u00e0 meca de Mar\u00e7al j\u00e1 acrescentou ao vocabul\u00e1rio de Fl\u00e1vio express\u00f5es do influenciador. Em entrevista ao blogueiro bolsonarista Paulo Figueiredo, divulgada na quarta-feira (7), o senador afirmou que seu sonho \u00e9 &#8220;virar a chave da prosperidade na cabe\u00e7a do povo brasileiro&#8221;.<\/p>\n<p>Fl\u00e1vio falava sobre a necessidade de mudar a mentalidade de pessoas que est\u00e3o felizes em receber o Bolsa Fam\u00edlia. &#8220;Isso que me motiva, virar essa mentalidade. Olha, a gente pode, a gente consegue. Depende de n\u00f3s&#8221;, disse. Figueiredo percebeu a digital de Mar\u00e7al e perguntou: &#8220;Teu novo amigo Pablo Mar\u00e7al chama de virar o c\u00f3digo, n\u00e3o \u00e9 isso?&#8221;.<\/p>\n<p>O senador respondeu que o influenciador o recebeu de bra\u00e7os abertos. &#8220;A gente j\u00e1 tinha trocado algumas ideias um tempo atr\u00e1s. Ele falou: \u2018O que voc\u00ea quer que eu te ajude?\u2019. Ele estava dando uma palestra, [falei] \u2018Vamos l\u00e1, vou pedir para o seu p\u00fablico orar comigo\u2019. Ele abriu o palco dele, o que ele n\u00e3o faria para qualquer um.&#8221;<\/p>\n<p>Naquele dia, a plateia de Mar\u00e7al ovacionou de p\u00e9 o senador. Em v\u00eddeo divulgado nas redes, Fl\u00e1vio aponta para o bra\u00e7o, sinalizando estar arrepiado. &#8220;As portas est\u00e3o abertas para voc\u00ea, vamos para a guerra juntos&#8221;, disse Mar\u00e7al.<\/p>\n<p>O senador falou algumas palavras e come\u00e7ou uma ora\u00e7\u00e3o: &#8220;Sou coberto em Cristo, o inimigo n\u00e3o me v\u00ea, ele v\u00ea Jesus&#8221;.<\/p>\n<p>O influenciador afirmou que aquele ato n\u00e3o era pol\u00edtico, mas prof\u00e9tico. &#8220;As pessoas n\u00e3o est\u00e3o acreditando que ele tem total capacidade, s\u00f3 que essas pessoas n\u00e3o o conhecem.&#8221;<\/p>\n<p>Mar\u00e7al e a fam\u00edlia Bolsonaro se aproximaram em 2022, quando chegaram a negociar o uso do conhecimento digital do influenciador a favor da reelei\u00e7\u00e3o do ent\u00e3o presidente. Na campanha pela Prefeitura de S\u00e3o Paulo,\u00a0Mar\u00e7al amea\u00e7ou a hegemonia\u00a0de Bolsonaro entre seus eleitores, conquistando esses votos mesmo depois que a fam\u00edlia se posicionou a favor do prefeito Ricardo Nunes.<\/p>\n<p>Preocupados\u00a0com o avan\u00e7o do influenciador, o ex-deputado federal\u00a0Eduardo Bolsonaro (PL) e o vereador Carlos Bolsonaro (PL) abriram fogo contra Mar\u00e7al, que chegou a chamar o segundo de &#8220;retardado&#8221;. O apoio dos bolsonaristas ao empres\u00e1rio, por\u00e9m, levou a fam\u00edlia a recuar para reduzir os danos pol\u00edticos com o epis\u00f3dio.<\/p>\n<p>&nbsp;<\/p>\n<p>fonte: Ana Luiza Albuquerque, Folhpress<\/p>\n<div class='share-to-whatsapp-wrapper'><div class='share-on-whsp'>Share on: <\/div><a data-text='Aliados de Fl\u00e1vio Bolsonaro apostam em Mar\u00e7al por alcance digital e entrada na periferia' data-link='https:\/\/newsinfoco.com.br\/inicio\/aliados-de-flavio-bolsonaro-apostam-em-marcal-por-alcance-digital-e-entrada-na-periferia\/' class='whatsapp-button whatsapp-share'>WhatsApp<\/a><div class='clear '><\/div><\/div>","protected":false},"excerpt":{"rendered":"<p>Aliados do senador\u00a0Fl\u00e1vio Bolsonaro (PL), pr\u00e9-candidato \u00e0 Presid\u00eancia da Rep\u00fablica, enxergam o influenciador\u00a0Pablo Mar\u00e7al (PRTB)\u00a0como uma carta na manga da campanha do filho de\u00a0Jair Bolsonaro (PL). Eles avaliam que o empres\u00e1rio, figura marcante da corrida eleitoral para a Prefeitura de S\u00e3o Paulo em 2024, pode entregar capilaridade digital e facilitar a entrada de Fl\u00e1vio entre [&hellip;]<\/p>\n","protected":false},"author":1,"featured_media":48597,"comment_status":"closed","ping_status":"closed","sticky":false,"template":"","format":"standard","meta":{"om_disable_all_campaigns":false,"_exactmetrics_skip_tracking":false,"_exactmetrics_sitenote_active":false,"_exactmetrics_sitenote_note":"","_exactmetrics_sitenote_category":0,"footnotes":""},"categories":[21],"tags":[],"class_list":["post-48596","post","type-post","status-publish","format-standard","has-post-thumbnail","hentry","category-brasil"],"aioseo_notices":[],"_links":{"self":[{"href":"https:\/\/newsinfoco.com.br\/inicio\/wp-json\/wp\/v2\/posts\/48596","targetHints":{"allow":["GET"]}}],"collection":[{"href":"https:\/\/newsinfoco.com.br\/inicio\/wp-json\/wp\/v2\/posts"}],"about":[{"href":"https:\/\/newsinfoco.com.br\/inicio\/wp-json\/wp\/v2\/types\/post"}],"author":[{"embeddable":true,"href":"https:\/\/newsinfoco.com.br\/inicio\/wp-json\/wp\/v2\/users\/1"}],"replies":[{"embeddable":true,"href":"https:\/\/newsinfoco.com.br\/inicio\/wp-json\/wp\/v2\/comments?post=48596"}],"version-history":[{"count":1,"href":"https:\/\/newsinfoco.com.br\/inicio\/wp-json\/wp\/v2\/posts\/48596\/revisions"}],"predecessor-version":[{"id":48598,"href":"https:\/\/newsinfoco.com.br\/inicio\/wp-json\/wp\/v2\/posts\/48596\/revisions\/48598"}],"wp:featuredmedia":[{"embeddable":true,"href":"https:\/\/newsinfoco.com.br\/inicio\/wp-json\/wp\/v2\/media\/48597"}],"wp:attachment":[{"href":"https:\/\/newsinfoco.com.br\/inicio\/wp-json\/wp\/v2\/media?parent=48596"}],"wp:term":[{"taxonomy":"category","embeddable":true,"href":"https:\/\/newsinfoco.com.br\/inicio\/wp-json\/wp\/v2\/categories?post=48596"},{"taxonomy":"post_tag","embeddable":true,"href":"https:\/\/newsinfoco.com.br\/inicio\/wp-json\/wp\/v2\/tags?post=48596"}],"curies":[{"name":"wp","href":"https:\/\/api.w.org\/{rel}","templated":true}]}}