{"id":48603,"date":"2026-01-11T22:28:26","date_gmt":"2026-01-12T01:28:26","guid":{"rendered":"https:\/\/newsinfoco.com.br\/inicio\/?p=48603"},"modified":"2026-01-11T22:28:26","modified_gmt":"2026-01-12T01:28:26","slug":"jaques-wagner-defende-consenso-na-formacao-da-chapa-ao-senado-e-nega-negociacao-envolvendo-al-ba-e-familia-coronel","status":"publish","type":"post","link":"https:\/\/newsinfoco.com.br\/inicio\/jaques-wagner-defende-consenso-na-formacao-da-chapa-ao-senado-e-nega-negociacao-envolvendo-al-ba-e-familia-coronel\/","title":{"rendered":"Jaques Wagner defende consenso na forma\u00e7\u00e3o da chapa ao Senado e nega negocia\u00e7\u00e3o envolvendo AL-BA e fam\u00edlia Coronel"},"content":{"rendered":"<p>O senador Jaques Wagner (PT) afirmou que a forma\u00e7\u00e3o da chapa governista ao Senado ser\u00e1 definida com consenso e unidade, destacando que o grupo pol\u00edtico iniciado em 2007 deve manter a coes\u00e3o. Segundo ele, as discuss\u00f5es envolvem a vaga do governador, as duas vagas de senador e os suplentes.<\/p>\n<p>\u201cEstamos discutindo, tem a vaga do governador, a vaga dos dois senadores, vaga de suplentes, e se a gente tiver bom senso e maturidade, der valor \u00e0quilo que mais importa, esse grupo que come\u00e7ou em 2007 s\u00f3 fez todo mundo crescer. Esse grupo \u00e9 f\u00e9rtil, quem entra aqui dentro cresce, quem planta aqui dentro colhe\u201d, disse Wagner.<\/p><div class=\"newsi-conteudo_19\" id=\"newsi-2964221731\"><a href=\"https:\/\/www.instagram.com\/prefeituraalagoinhas?igsh=YzgzdDJ1bWR3aWI4\" aria-label=\"SAVE_20251006_221555\"><img loading=\"lazy\" decoding=\"async\" src=\"https:\/\/newsinfoco.com.br\/inicio\/wp-content\/uploads\/2025\/10\/SAVE_20251006_221555-rotated.jpg\" alt=\"\"  srcset=\"https:\/\/newsinfoco.com.br\/inicio\/wp-content\/uploads\/2025\/10\/SAVE_20251006_221555-rotated.jpg 1140w, https:\/\/newsinfoco.com.br\/inicio\/wp-content\/uploads\/2025\/10\/SAVE_20251006_221555-300x52.jpg 300w, https:\/\/newsinfoco.com.br\/inicio\/wp-content\/uploads\/2025\/10\/SAVE_20251006_221555-1024x177.jpg 1024w, https:\/\/newsinfoco.com.br\/inicio\/wp-content\/uploads\/2025\/10\/SAVE_20251006_221555-768x133.jpg 768w, https:\/\/newsinfoco.com.br\/inicio\/wp-content\/uploads\/2025\/10\/SAVE_20251006_221555-600x104.jpg 600w, https:\/\/newsinfoco.com.br\/inicio\/wp-content\/uploads\/2025\/10\/SAVE_20251006_221555-696x120.jpg 696w, https:\/\/newsinfoco.com.br\/inicio\/wp-content\/uploads\/2025\/10\/SAVE_20251006_221555-1068x185.jpg 1068w\" sizes=\"(max-width: 1140px) 100vw, 1140px\" width=\"1140\" height=\"197\"   \/><\/a><\/div>\n<div id=\"firstHalf\">\n<p>O senador afirmou que o di\u00e1logo tem sido conduzido com equil\u00edbrio e que n\u00e3o v\u00ea motivo para divis\u00f5es internas. \u201cN\u00e3o vejo motivo para trabalhar com cis\u00e3o. \u00c9 \u00f3bvio que h\u00e1 um aperto, tr\u00eas bons nomes para duas vagas, mas a gente vai resolver. O importante \u00e9 que a Bahia leve, a partir do ano que vem, dois senadores de muita pujan\u00e7a, de muita seguran\u00e7a, para defender os interesses do povo baiano e do governo do presidente Lula\u201d, completou.<\/p>\n<p>Wagner tamb\u00e9m comentou que as conversas com Otto Alencar (PSD), \u00c2ngelo Coronel (PSD) e Diego Coronel (PSD) t\u00eam ocorrido de forma cont\u00ednua. \u201cJ\u00e1 tem muito tempo que a gente est\u00e1 amassando esse barro. Todo mundo reconhece que uma chapa com dois ex-governadores e um governador \u00e9 uma chapa de muito peso pol\u00edtico. Os tr\u00eas j\u00e1 estiveram juntos com Jer\u00f4nimo [Rodrigues]. Quem est\u00e1 apostando em racha vai queimar a l\u00edngua\u201d, afirmou.<\/p>\n<p>O senador ainda negou que haja qualquer tipo de negocia\u00e7\u00e3o relacionada \u00e0 presid\u00eancia da Assembleia Legislativa da Bahia (Alba) ou \u00e0 fam\u00edlia Coronel como parte da composi\u00e7\u00e3o da chapa.<\/p>\n<p>\u201cNunca negociei, todas as conversas que tive n\u00e3o passaram por isso. A fam\u00edlia at\u00e9 disse que n\u00e3o tem interesse em vice, e a presid\u00eancia da Assembleia depende de uma elei\u00e7\u00e3o secreta dentro da Casa, no ano que vem, que ser\u00e1 com uma composi\u00e7\u00e3o diferente. Colocar isso na mesa \u00e9 in\u00f3cuo, n\u00e3o tem sentido. Vamos resolver essa quest\u00e3o dentro da chapa mesmo, sem mexer em outros cantos\u201d, pontuou.<\/p>\n<\/div>\n<p>&nbsp;<\/p>\n<p>Fonte: Bahianoticias<\/p>\n<div class='share-to-whatsapp-wrapper'><div class='share-on-whsp'>Share on: <\/div><a data-text='Jaques Wagner defende consenso na forma\u00e7\u00e3o da chapa ao Senado e nega negocia\u00e7\u00e3o envolvendo AL-BA e fam\u00edlia Coronel' data-link='https:\/\/newsinfoco.com.br\/inicio\/jaques-wagner-defende-consenso-na-formacao-da-chapa-ao-senado-e-nega-negociacao-envolvendo-al-ba-e-familia-coronel\/' class='whatsapp-button whatsapp-share'>WhatsApp<\/a><div class='clear '><\/div><\/div>","protected":false},"excerpt":{"rendered":"<p>O senador Jaques Wagner (PT) afirmou que a forma\u00e7\u00e3o da chapa governista ao Senado ser\u00e1 definida com consenso e unidade, destacando que o grupo pol\u00edtico iniciado em 2007 deve manter a coes\u00e3o. Segundo ele, as discuss\u00f5es envolvem a vaga do governador, as duas vagas de senador e os suplentes. \u201cEstamos discutindo, tem a vaga do [&hellip;]<\/p>\n","protected":false},"author":1,"featured_media":47124,"comment_status":"closed","ping_status":"closed","sticky":false,"template":"","format":"standard","meta":{"om_disable_all_campaigns":false,"_exactmetrics_skip_tracking":false,"_exactmetrics_sitenote_active":false,"_exactmetrics_sitenote_note":"","_exactmetrics_sitenote_category":0,"footnotes":""},"categories":[19],"tags":[],"class_list":["post-48603","post","type-post","status-publish","format-standard","has-post-thumbnail","hentry","category-bahia"],"aioseo_notices":[],"_links":{"self":[{"href":"https:\/\/newsinfoco.com.br\/inicio\/wp-json\/wp\/v2\/posts\/48603","targetHints":{"allow":["GET"]}}],"collection":[{"href":"https:\/\/newsinfoco.com.br\/inicio\/wp-json\/wp\/v2\/posts"}],"about":[{"href":"https:\/\/newsinfoco.com.br\/inicio\/wp-json\/wp\/v2\/types\/post"}],"author":[{"embeddable":true,"href":"https:\/\/newsinfoco.com.br\/inicio\/wp-json\/wp\/v2\/users\/1"}],"replies":[{"embeddable":true,"href":"https:\/\/newsinfoco.com.br\/inicio\/wp-json\/wp\/v2\/comments?post=48603"}],"version-history":[{"count":1,"href":"https:\/\/newsinfoco.com.br\/inicio\/wp-json\/wp\/v2\/posts\/48603\/revisions"}],"predecessor-version":[{"id":48604,"href":"https:\/\/newsinfoco.com.br\/inicio\/wp-json\/wp\/v2\/posts\/48603\/revisions\/48604"}],"wp:featuredmedia":[{"embeddable":true,"href":"https:\/\/newsinfoco.com.br\/inicio\/wp-json\/wp\/v2\/media\/47124"}],"wp:attachment":[{"href":"https:\/\/newsinfoco.com.br\/inicio\/wp-json\/wp\/v2\/media?parent=48603"}],"wp:term":[{"taxonomy":"category","embeddable":true,"href":"https:\/\/newsinfoco.com.br\/inicio\/wp-json\/wp\/v2\/categories?post=48603"},{"taxonomy":"post_tag","embeddable":true,"href":"https:\/\/newsinfoco.com.br\/inicio\/wp-json\/wp\/v2\/tags?post=48603"}],"curies":[{"name":"wp","href":"https:\/\/api.w.org\/{rel}","templated":true}]}}