{"id":48605,"date":"2026-01-11T22:30:26","date_gmt":"2026-01-12T01:30:26","guid":{"rendered":"https:\/\/newsinfoco.com.br\/inicio\/?p=48605"},"modified":"2026-01-11T22:30:26","modified_gmt":"2026-01-12T01:30:26","slug":"sisu-2026-abre-consulta-de-vagas-com-nota-do-enem-inscricoes-comecam-em-19-de-janeiro","status":"publish","type":"post","link":"https:\/\/newsinfoco.com.br\/inicio\/sisu-2026-abre-consulta-de-vagas-com-nota-do-enem-inscricoes-comecam-em-19-de-janeiro\/","title":{"rendered":"Sisu 2026 abre consulta de vagas com nota do enem; inscri\u00e7\u00f5es come\u00e7am em 19 de janeiro"},"content":{"rendered":"<p>Os estudantes que participaram do Exame Nacional do Ensino M\u00e9dio (Enem) j\u00e1 podem consultar as vagas dispon\u00edveis para o Sistema de Sele\u00e7\u00e3o Unificada (Sisu) 2026. As informa\u00e7\u00f5es foram liberadas neste domingo (11) pelo Minist\u00e9rio da Educa\u00e7\u00e3o (MEC) e est\u00e3o dispon\u00edveis no<strong><a href=\"https:\/\/sisualuno.mec.gov.br\/login\">\u00a0site oficial do programa<\/a><\/strong>.<\/p>\n<p>Nesta etapa, os candidatos podem realizar apenas a pesquisa pr\u00e9via, consultando vagas por curso, institui\u00e7\u00e3o de ensino ou munic\u00edpio, al\u00e9m de verificar regras espec\u00edficas de cada universidade, como notas m\u00ednimas exigidas e crit\u00e9rios para o sistema de cotas. As inscri\u00e7\u00f5es ainda n\u00e3o est\u00e3o abertas.<\/p><div class=\"newsi-conteudo_19\" id=\"newsi-1902965242\"><a href=\"https:\/\/www.instagram.com\/prefeituraalagoinhas?igsh=YzgzdDJ1bWR3aWI4\" aria-label=\"SAVE_20251006_221555\"><img loading=\"lazy\" decoding=\"async\" src=\"https:\/\/newsinfoco.com.br\/inicio\/wp-content\/uploads\/2025\/10\/SAVE_20251006_221555-rotated.jpg\" alt=\"\"  srcset=\"https:\/\/newsinfoco.com.br\/inicio\/wp-content\/uploads\/2025\/10\/SAVE_20251006_221555-rotated.jpg 1140w, https:\/\/newsinfoco.com.br\/inicio\/wp-content\/uploads\/2025\/10\/SAVE_20251006_221555-300x52.jpg 300w, https:\/\/newsinfoco.com.br\/inicio\/wp-content\/uploads\/2025\/10\/SAVE_20251006_221555-1024x177.jpg 1024w, https:\/\/newsinfoco.com.br\/inicio\/wp-content\/uploads\/2025\/10\/SAVE_20251006_221555-768x133.jpg 768w, https:\/\/newsinfoco.com.br\/inicio\/wp-content\/uploads\/2025\/10\/SAVE_20251006_221555-600x104.jpg 600w, https:\/\/newsinfoco.com.br\/inicio\/wp-content\/uploads\/2025\/10\/SAVE_20251006_221555-696x120.jpg 696w, https:\/\/newsinfoco.com.br\/inicio\/wp-content\/uploads\/2025\/10\/SAVE_20251006_221555-1068x185.jpg 1068w\" sizes=\"(max-width: 1140px) 100vw, 1140px\" width=\"1140\" height=\"197\"   \/><\/a><\/div>\n<div id=\"firstHalf\">\n<p>O per\u00edodo oficial de inscri\u00e7\u00f5es ter\u00e1 in\u00edcio no dia 19 de janeiro e seguir\u00e1 at\u00e9 23 de janeiro, \u00e0s 23h59. O resultado da chamada regular ser\u00e1 divulgado em 29 de janeiro.<\/p>\n<p>Segundo o MEC, esta ser\u00e1 a maior edi\u00e7\u00e3o do Sisu j\u00e1 realizada, com a oferta de mais de 274,8 mil vagas, distribu\u00eddas em 7.399 cursos de 136 institui\u00e7\u00f5es p\u00fablicas de ensino superior em todo o pa\u00eds. O curso de Pedagogia lidera o n\u00famero de vagas, com 10.145 oportunidades, seguido por Administra\u00e7\u00e3o e Matem\u00e1tica.<\/p>\n<p>Desde 2024, o Sisu passou a contar com apenas um processo seletivo anual, substituindo o modelo anterior, que previa sele\u00e7\u00f5es semestrais.<\/p>\n<ul>\n<li>Cronograma do Sisu 2026<\/li>\n<li>Inscri\u00e7\u00f5es: 19 a 23 de janeiro<\/li>\n<li>Resultado da chamada regular: 29 de janeiro<\/li>\n<li>Matr\u00edculas: a partir de 2 de fevereiro<\/li>\n<li>Manifesta\u00e7\u00e3o de interesse na lista de espera: 29 de janeiro a 2 de fevereiro<\/li>\n<\/ul>\n<\/div>\n<p>&nbsp;<\/p>\n<p>fonte: Bahianoticias<\/p>\n<div id=\"secondHalf\">\n<div id=\"Div_MeioPost_Desktop_Mobile_Advision2\" data-google-query-id=\"CPKj1ZjohJIDFUE4HgAd1hM8gw\"><\/div>\n<\/div>\n<div class='share-to-whatsapp-wrapper'><div class='share-on-whsp'>Share on: <\/div><a data-text='Sisu 2026 abre consulta de vagas com nota do enem; inscri\u00e7\u00f5es come\u00e7am em 19 de janeiro' data-link='https:\/\/newsinfoco.com.br\/inicio\/sisu-2026-abre-consulta-de-vagas-com-nota-do-enem-inscricoes-comecam-em-19-de-janeiro\/' class='whatsapp-button whatsapp-share'>WhatsApp<\/a><div class='clear '><\/div><\/div>","protected":false},"excerpt":{"rendered":"<p>Os estudantes que participaram do Exame Nacional do Ensino M\u00e9dio (Enem) j\u00e1 podem consultar as vagas dispon\u00edveis para o Sistema de Sele\u00e7\u00e3o Unificada (Sisu) 2026. As informa\u00e7\u00f5es foram liberadas neste domingo (11) pelo Minist\u00e9rio da Educa\u00e7\u00e3o (MEC) e est\u00e3o dispon\u00edveis no\u00a0site oficial do programa. Nesta etapa, os candidatos podem realizar apenas a pesquisa pr\u00e9via, consultando [&hellip;]<\/p>\n","protected":false},"author":1,"featured_media":38666,"comment_status":"closed","ping_status":"closed","sticky":false,"template":"","format":"standard","meta":{"om_disable_all_campaigns":false,"_exactmetrics_skip_tracking":false,"_exactmetrics_sitenote_active":false,"_exactmetrics_sitenote_note":"","_exactmetrics_sitenote_category":0,"footnotes":""},"categories":[21],"tags":[],"class_list":["post-48605","post","type-post","status-publish","format-standard","has-post-thumbnail","hentry","category-brasil"],"aioseo_notices":[],"_links":{"self":[{"href":"https:\/\/newsinfoco.com.br\/inicio\/wp-json\/wp\/v2\/posts\/48605","targetHints":{"allow":["GET"]}}],"collection":[{"href":"https:\/\/newsinfoco.com.br\/inicio\/wp-json\/wp\/v2\/posts"}],"about":[{"href":"https:\/\/newsinfoco.com.br\/inicio\/wp-json\/wp\/v2\/types\/post"}],"author":[{"embeddable":true,"href":"https:\/\/newsinfoco.com.br\/inicio\/wp-json\/wp\/v2\/users\/1"}],"replies":[{"embeddable":true,"href":"https:\/\/newsinfoco.com.br\/inicio\/wp-json\/wp\/v2\/comments?post=48605"}],"version-history":[{"count":1,"href":"https:\/\/newsinfoco.com.br\/inicio\/wp-json\/wp\/v2\/posts\/48605\/revisions"}],"predecessor-version":[{"id":48606,"href":"https:\/\/newsinfoco.com.br\/inicio\/wp-json\/wp\/v2\/posts\/48605\/revisions\/48606"}],"wp:featuredmedia":[{"embeddable":true,"href":"https:\/\/newsinfoco.com.br\/inicio\/wp-json\/wp\/v2\/media\/38666"}],"wp:attachment":[{"href":"https:\/\/newsinfoco.com.br\/inicio\/wp-json\/wp\/v2\/media?parent=48605"}],"wp:term":[{"taxonomy":"category","embeddable":true,"href":"https:\/\/newsinfoco.com.br\/inicio\/wp-json\/wp\/v2\/categories?post=48605"},{"taxonomy":"post_tag","embeddable":true,"href":"https:\/\/newsinfoco.com.br\/inicio\/wp-json\/wp\/v2\/tags?post=48605"}],"curies":[{"name":"wp","href":"https:\/\/api.w.org\/{rel}","templated":true}]}}