{"id":48607,"date":"2026-01-11T22:40:36","date_gmt":"2026-01-12T01:40:36","guid":{"rendered":"https:\/\/newsinfoco.com.br\/inicio\/?p=48607"},"modified":"2026-01-11T22:40:36","modified_gmt":"2026-01-12T01:40:36","slug":"rede-de-farmacia-e-flagrada-usando-correntes-no-passeio-publico-e-obriga-pedestres-a-caminhar-pela-rua-em-alagoinhas-smt-ja-iniciou-medidas-para-notificar-a-rede-de-farmacia-pela-irregularidade","status":"publish","type":"post","link":"https:\/\/newsinfoco.com.br\/inicio\/rede-de-farmacia-e-flagrada-usando-correntes-no-passeio-publico-e-obriga-pedestres-a-caminhar-pela-rua-em-alagoinhas-smt-ja-iniciou-medidas-para-notificar-a-rede-de-farmacia-pela-irregularidade\/","title":{"rendered":"Rede de farm\u00e1cia \u00e9 flagrada usando correntes no passeio p\u00fablico e obriga pedestres a caminhar pela rua em Alagoinhas; SMT j\u00e1 iniciou medidas para notificar a rede de farm\u00e1cia pela irregularidade"},"content":{"rendered":"<p>V\u00eddeos que circulam nas redes sociais e tamb\u00e9m foram encaminhados \u00e0 reda\u00e7\u00e3o do portal Se Liga Alagoinhas denunciam uma situa\u00e7\u00e3o irregular envolvendo uma rede de farm\u00e1cias localizada no munic\u00edpio de Alagoinhas. As imagens mostram correntes instaladas no passeio p\u00fablico, impedindo a livre passagem de pedestres e obrigando pessoas a desviar pela via destinada ao tr\u00e1fego de ve\u00edculos.<\/p>\n<p>A pr\u00e1tica configura obstru\u00e7\u00e3o indevida de bem p\u00fablico de uso comum do povo. De acordo com o artigo 99, inciso I, do C\u00f3digo Civil, o passeio p\u00fablico \u00e9 destinado \u00e0 livre circula\u00e7\u00e3o de pedestres, sendo vedada qualquer utiliza\u00e7\u00e3o que restrinja esse direito coletivo.<\/p><div class=\"newsi-conteudo_19\" id=\"newsi-212372687\"><a href=\"https:\/\/www.instagram.com\/prefeituraalagoinhas?igsh=YzgzdDJ1bWR3aWI4\" aria-label=\"SAVE_20251006_221555\"><img loading=\"lazy\" decoding=\"async\" src=\"https:\/\/newsinfoco.com.br\/inicio\/wp-content\/uploads\/2025\/10\/SAVE_20251006_221555-rotated.jpg\" alt=\"\"  srcset=\"https:\/\/newsinfoco.com.br\/inicio\/wp-content\/uploads\/2025\/10\/SAVE_20251006_221555-rotated.jpg 1140w, https:\/\/newsinfoco.com.br\/inicio\/wp-content\/uploads\/2025\/10\/SAVE_20251006_221555-300x52.jpg 300w, https:\/\/newsinfoco.com.br\/inicio\/wp-content\/uploads\/2025\/10\/SAVE_20251006_221555-1024x177.jpg 1024w, https:\/\/newsinfoco.com.br\/inicio\/wp-content\/uploads\/2025\/10\/SAVE_20251006_221555-768x133.jpg 768w, https:\/\/newsinfoco.com.br\/inicio\/wp-content\/uploads\/2025\/10\/SAVE_20251006_221555-600x104.jpg 600w, https:\/\/newsinfoco.com.br\/inicio\/wp-content\/uploads\/2025\/10\/SAVE_20251006_221555-696x120.jpg 696w, https:\/\/newsinfoco.com.br\/inicio\/wp-content\/uploads\/2025\/10\/SAVE_20251006_221555-1068x185.jpg 1068w\" sizes=\"(max-width: 1140px) 100vw, 1140px\" width=\"1140\" height=\"197\"   \/><\/a><\/div>\n<p>Em resposta oficial enviada \u00e0 reda\u00e7\u00e3o do Se Liga Alagoinhas, o superintendente da Superintend\u00eancia Municipal de Tr\u00e2nsito, Pedro Sobral, informou que o caso j\u00e1 foi encaminhado ao setor jur\u00eddico da SMT e que a empresa ser\u00e1 notificada pela infra\u00e7\u00e3o constatada.<\/p>\n<p>Especialistas em legisla\u00e7\u00e3o de tr\u00e2nsito explicam que o Conselho Nacional de Tr\u00e2nsito permite estacionamento exclusivo apenas em propriedade privada, desde que localizado integralmente dentro do terreno do estabelecimento, com acesso controlado e sem qualquer interfer\u00eancia na via p\u00fablica. A reserva de vagas em ruas, cal\u00e7adas ou recuos do passeio, mesmo com placas de exclusividade para clientes, \u00e9 considerada irregular.<\/p>\n<p>A SMT refor\u00e7a que transformar recuos ou cal\u00e7adas em \u00e1reas de estacionamento privado \u00e9 ilegal e compromete o direito de ir e vir da popula\u00e7\u00e3o. O \u00f3rg\u00e3o orienta que den\u00fancias semelhantes continuem sendo encaminhadas para que as medidas cab\u00edveis sejam adotadas e o ordenamento urbano seja preservado em Alagoinhas.<\/p>\n<p>&nbsp;<\/p>\n<p>Fonte: Se Liga Alagoinhas<\/p>\n<div class='share-to-whatsapp-wrapper'><div class='share-on-whsp'>Share on: <\/div><a data-text='Rede de farm\u00e1cia \u00e9 flagrada usando correntes no passeio p\u00fablico e obriga pedestres a caminhar pela rua em Alagoinhas; SMT j\u00e1 iniciou medidas para notificar a rede de farm\u00e1cia pela irregularidade' data-link='https:\/\/newsinfoco.com.br\/inicio\/rede-de-farmacia-e-flagrada-usando-correntes-no-passeio-publico-e-obriga-pedestres-a-caminhar-pela-rua-em-alagoinhas-smt-ja-iniciou-medidas-para-notificar-a-rede-de-farmacia-pela-irregularidade\/' class='whatsapp-button whatsapp-share'>WhatsApp<\/a><div class='clear '><\/div><\/div>","protected":false},"excerpt":{"rendered":"<p>V\u00eddeos que circulam nas redes sociais e tamb\u00e9m foram encaminhados \u00e0 reda\u00e7\u00e3o do portal Se Liga Alagoinhas denunciam uma situa\u00e7\u00e3o irregular envolvendo uma rede de farm\u00e1cias localizada no munic\u00edpio de Alagoinhas. As imagens mostram correntes instaladas no passeio p\u00fablico, impedindo a livre passagem de pedestres e obrigando pessoas a desviar pela via destinada ao tr\u00e1fego [&hellip;]<\/p>\n","protected":false},"author":1,"featured_media":48608,"comment_status":"closed","ping_status":"closed","sticky":false,"template":"","format":"standard","meta":{"om_disable_all_campaigns":false,"_exactmetrics_skip_tracking":false,"_exactmetrics_sitenote_active":false,"_exactmetrics_sitenote_note":"","_exactmetrics_sitenote_category":0,"footnotes":""},"categories":[38,30],"tags":[],"class_list":["post-48607","post","type-post","status-publish","format-standard","has-post-thumbnail","hentry","category-alagoinhas-e-regiao","category-destaque"],"aioseo_notices":[],"_links":{"self":[{"href":"https:\/\/newsinfoco.com.br\/inicio\/wp-json\/wp\/v2\/posts\/48607","targetHints":{"allow":["GET"]}}],"collection":[{"href":"https:\/\/newsinfoco.com.br\/inicio\/wp-json\/wp\/v2\/posts"}],"about":[{"href":"https:\/\/newsinfoco.com.br\/inicio\/wp-json\/wp\/v2\/types\/post"}],"author":[{"embeddable":true,"href":"https:\/\/newsinfoco.com.br\/inicio\/wp-json\/wp\/v2\/users\/1"}],"replies":[{"embeddable":true,"href":"https:\/\/newsinfoco.com.br\/inicio\/wp-json\/wp\/v2\/comments?post=48607"}],"version-history":[{"count":1,"href":"https:\/\/newsinfoco.com.br\/inicio\/wp-json\/wp\/v2\/posts\/48607\/revisions"}],"predecessor-version":[{"id":48609,"href":"https:\/\/newsinfoco.com.br\/inicio\/wp-json\/wp\/v2\/posts\/48607\/revisions\/48609"}],"wp:featuredmedia":[{"embeddable":true,"href":"https:\/\/newsinfoco.com.br\/inicio\/wp-json\/wp\/v2\/media\/48608"}],"wp:attachment":[{"href":"https:\/\/newsinfoco.com.br\/inicio\/wp-json\/wp\/v2\/media?parent=48607"}],"wp:term":[{"taxonomy":"category","embeddable":true,"href":"https:\/\/newsinfoco.com.br\/inicio\/wp-json\/wp\/v2\/categories?post=48607"},{"taxonomy":"post_tag","embeddable":true,"href":"https:\/\/newsinfoco.com.br\/inicio\/wp-json\/wp\/v2\/tags?post=48607"}],"curies":[{"name":"wp","href":"https:\/\/api.w.org\/{rel}","templated":true}]}}