{"id":48613,"date":"2026-01-11T22:44:29","date_gmt":"2026-01-12T01:44:29","guid":{"rendered":"https:\/\/newsinfoco.com.br\/inicio\/?p=48613"},"modified":"2026-01-11T22:44:29","modified_gmt":"2026-01-12T01:44:29","slug":"policial-alagoinhense-morto-em-confronto-e-sepultado-em-alagoinhas-com-honras-militares","status":"publish","type":"post","link":"https:\/\/newsinfoco.com.br\/inicio\/policial-alagoinhense-morto-em-confronto-e-sepultado-em-alagoinhas-com-honras-militares\/","title":{"rendered":"Policial alagoinhense morto em confronto \u00e9 sepultado em Alagoinhas com honras militares"},"content":{"rendered":"<p data-start=\"379\" data-end=\"679\">Um policial militar e um suspeito morreram ap\u00f3s um confronto ocorrido durante uma persegui\u00e7\u00e3o policial na regi\u00e3o sisaleira da Bahia. O caso foi registrado na noite da \u00faltima sexta-feira (9), no munic\u00edpio de Santaluz, e mobilizou equipes do 16\u00ba Batalh\u00e3o da Pol\u00edcia Militar (BPM), com sede em Serrinha.<\/p>\n<p data-start=\"681\" data-end=\"1226\">O policial foi identificado como soldado Eduardo C\u00e9sar do Nascimento Filho, de 43 anos, natural de Alagoinhas e lotado no 16\u00ba BPM. Durante a a\u00e7\u00e3o, ele foi atingido por um disparo de arma de fogo na perna. O militar foi socorrido pelo Servi\u00e7o de Atendimento M\u00f3vel de Urg\u00eancia (Samu), levado inicialmente para uma unidade de sa\u00fade da regi\u00e3o e, em seguida, transferido para o Hospital Geral Cl\u00e9riston Andrade (HGCA), em Feira de Santana. Apesar dos esfor\u00e7os m\u00e9dicos, ele n\u00e3o resistiu aos ferimentos e morreu na manh\u00e3 de s\u00e1bado (10).<\/p><div class=\"newsi-conteudo_19\" id=\"newsi-2365430945\"><a href=\"https:\/\/www.instagram.com\/prefeituraalagoinhas?igsh=YzgzdDJ1bWR3aWI4\" aria-label=\"SAVE_20251006_221555\"><img loading=\"lazy\" decoding=\"async\" src=\"https:\/\/newsinfoco.com.br\/inicio\/wp-content\/uploads\/2025\/10\/SAVE_20251006_221555-rotated.jpg\" alt=\"\"  srcset=\"https:\/\/newsinfoco.com.br\/inicio\/wp-content\/uploads\/2025\/10\/SAVE_20251006_221555-rotated.jpg 1140w, https:\/\/newsinfoco.com.br\/inicio\/wp-content\/uploads\/2025\/10\/SAVE_20251006_221555-300x52.jpg 300w, https:\/\/newsinfoco.com.br\/inicio\/wp-content\/uploads\/2025\/10\/SAVE_20251006_221555-1024x177.jpg 1024w, https:\/\/newsinfoco.com.br\/inicio\/wp-content\/uploads\/2025\/10\/SAVE_20251006_221555-768x133.jpg 768w, https:\/\/newsinfoco.com.br\/inicio\/wp-content\/uploads\/2025\/10\/SAVE_20251006_221555-600x104.jpg 600w, https:\/\/newsinfoco.com.br\/inicio\/wp-content\/uploads\/2025\/10\/SAVE_20251006_221555-696x120.jpg 696w, https:\/\/newsinfoco.com.br\/inicio\/wp-content\/uploads\/2025\/10\/SAVE_20251006_221555-1068x185.jpg 1068w\" sizes=\"(max-width: 1140px) 100vw, 1140px\" width=\"1140\" height=\"197\"   \/><\/a><\/div>\n<h3 data-start=\"1228\" data-end=\"1279\"><strong>Sepultamento em Alagoinhas com honras militares<\/strong><\/h3>\n<p data-start=\"1281\" data-end=\"1680\">O corpo do soldado da Pol\u00edcia Militar da Bahia, Eduardo C\u00e9sar do Nascimento Filho, foi sepultado no meio da manh\u00e3 deste domingo (11), no Cemit\u00e9rio Pra\u00e7a da Saudade, em Alagoinhas, cidade onde o policial nasceu. O sepultamento ocorreu sob forte como\u00e7\u00e3o e contou com honras militares, prestadas pela corpora\u00e7\u00e3o como forma de reconhecimento pelos servi\u00e7os dedicados \u00e0 seguran\u00e7a p\u00fablica.<\/p>\n<p data-start=\"1682\" data-end=\"2001\">Durante a cerim\u00f4nia, colegas de farda formaram guarda de honra, realizaram contin\u00eancia ao caix\u00e3o coberto com a bandeira da Bahia e acompanharam o cortejo f\u00fanebre, em um ritual marcado por respeito, disciplina e despedida solene. Familiares, amigos e representantes da Pol\u00edcia Militar tamb\u00e9m estiveram presentes.<\/p>\n<p data-start=\"2003\" data-end=\"2161\">Tamb\u00e9m participou da cerim\u00f4nia o Comandante-Geral da Pol\u00edcia Militar da Bahia (PMBA), coronel Magalh\u00e3es, que se manifestou por meio de suas redes sociais:<\/p>\n<p data-start=\"2165\" data-end=\"2339\"><strong><em>\u201cDespedi-me de um policial militar que honrou a farda at\u00e9 o \u00faltimo instante. O soldado Nascimento partiu cumprindo seu dever, com bravura, lealdade e respeito \u00e0 Corpora\u00e7\u00e3o.<\/em><\/strong><\/p>\n<p data-start=\"2346\" data-end=\"2619\"><strong><em>Estar ali, ao lado da tropa, dos familiares e dos irm\u00e3os de farda, refor\u00e7ou o sentimento de uni\u00e3o que nos move e a responsabilidade que carregamos ao seguir adiante. Sua hist\u00f3ria passa a integrar a mem\u00f3ria da Pol\u00edcia Militar da Bahia e ser\u00e1 lembrada com honra e gratid\u00e3o.<\/em><\/strong><\/p>\n<p data-start=\"2626\" data-end=\"2780\"><strong><em>Seguiremos com a saudade, mas tamb\u00e9m com o compromisso de manter vivos os valores que ele representou em vida: coragem, dedica\u00e7\u00e3o e esp\u00edrito de servi\u00e7o.<\/em><\/strong><\/p>\n<p data-start=\"2787\" data-end=\"2956\"><strong><em>Manifesto minha solidariedade e minhas mais sinceras condol\u00eancias aos familiares, amigos e companheiros de farda, pedindo a Deus que conceda conforto e amparo a todos.<\/em><\/strong><\/p>\n<p data-start=\"2963\" data-end=\"3064\"><strong><em>Que o legado do soldado Nascimento permane\u00e7a vivo e siga inspirando gera\u00e7\u00f5es de policiais militares.\u201d<\/em><\/strong><\/p>\n<h3 data-start=\"3066\" data-end=\"3094\"><strong>Como ocorreu o confronto<\/strong><\/h3>\n<p data-start=\"3096\" data-end=\"3475\">De acordo com a Pol\u00edcia Militar, a ocorr\u00eancia teve in\u00edcio ap\u00f3s as guarni\u00e7\u00f5es receberem a informa\u00e7\u00e3o de um roubo de ve\u00edculo no munic\u00edpio de Gavi\u00e3o, com os suspeitos seguindo em dire\u00e7\u00e3o a Santaluz. Ao localizarem o autom\u00f3vel, os policiais deram ordem de parada, que n\u00e3o foi obedecida. Os ocupantes passaram a atirar contra a guarni\u00e7\u00e3o e fugiram, dando in\u00edcio a uma persegui\u00e7\u00e3o.<\/p>\n<p data-start=\"3477\" data-end=\"3769\">Durante a fuga, o ve\u00edculo dos suspeitos colidiu. Um dos homens foi contido por moradores e preso. O outro tentou escapar atirando novamente contra os policiais, foi localizado, entrou em confronto com as guarni\u00e7\u00f5es, acabou baleado, foi socorrido, mas tamb\u00e9m n\u00e3o resistiu e morreu no hospital.<\/p>\n<p data-start=\"3771\" data-end=\"4019\">Na a\u00e7\u00e3o, foram apreendidos um rev\u00f3lver calibre .38, muni\u00e7\u00f5es, R$ 750 em dinheiro, al\u00e9m de um autom\u00f3vel e uma motocicleta com restri\u00e7\u00e3o de roubo. A ocorr\u00eancia foi registrada na Delegacia Territorial de Serrinha, onde o caso ser\u00e1 investigado.<\/p>\n<p data-start=\"4021\" data-end=\"4201\">Em nota, a Pol\u00edcia Militar da Bahia lamentou a morte do soldado Eduardo C\u00e9sar, destacou sua dedica\u00e7\u00e3o ao servi\u00e7o p\u00fablico e se solidarizou com familiares, amigos e colegas de farda.<\/p>\n<p data-start=\"4021\" data-end=\"4201\">\n<p data-start=\"4021\" data-end=\"4201\">Fonte: Alagonews<\/p>\n<div class='share-to-whatsapp-wrapper'><div class='share-on-whsp'>Share on: <\/div><a data-text='Policial alagoinhense morto em confronto \u00e9 sepultado em Alagoinhas com honras militares' data-link='https:\/\/newsinfoco.com.br\/inicio\/policial-alagoinhense-morto-em-confronto-e-sepultado-em-alagoinhas-com-honras-militares\/' class='whatsapp-button whatsapp-share'>WhatsApp<\/a><div class='clear '><\/div><\/div>","protected":false},"excerpt":{"rendered":"<p>Um policial militar e um suspeito morreram ap\u00f3s um confronto ocorrido durante uma persegui\u00e7\u00e3o policial na regi\u00e3o sisaleira da Bahia. O caso foi registrado na noite da \u00faltima sexta-feira (9), no munic\u00edpio de Santaluz, e mobilizou equipes do 16\u00ba Batalh\u00e3o da Pol\u00edcia Militar (BPM), com sede em Serrinha. O policial foi identificado como soldado Eduardo [&hellip;]<\/p>\n","protected":false},"author":1,"featured_media":48614,"comment_status":"closed","ping_status":"closed","sticky":false,"template":"","format":"standard","meta":{"om_disable_all_campaigns":false,"_exactmetrics_skip_tracking":false,"_exactmetrics_sitenote_active":false,"_exactmetrics_sitenote_note":"","_exactmetrics_sitenote_category":0,"footnotes":""},"categories":[38,30,167],"tags":[],"class_list":["post-48613","post","type-post","status-publish","format-standard","has-post-thumbnail","hentry","category-alagoinhas-e-regiao","category-destaque","category-exclusivas"],"aioseo_notices":[],"_links":{"self":[{"href":"https:\/\/newsinfoco.com.br\/inicio\/wp-json\/wp\/v2\/posts\/48613","targetHints":{"allow":["GET"]}}],"collection":[{"href":"https:\/\/newsinfoco.com.br\/inicio\/wp-json\/wp\/v2\/posts"}],"about":[{"href":"https:\/\/newsinfoco.com.br\/inicio\/wp-json\/wp\/v2\/types\/post"}],"author":[{"embeddable":true,"href":"https:\/\/newsinfoco.com.br\/inicio\/wp-json\/wp\/v2\/users\/1"}],"replies":[{"embeddable":true,"href":"https:\/\/newsinfoco.com.br\/inicio\/wp-json\/wp\/v2\/comments?post=48613"}],"version-history":[{"count":1,"href":"https:\/\/newsinfoco.com.br\/inicio\/wp-json\/wp\/v2\/posts\/48613\/revisions"}],"predecessor-version":[{"id":48615,"href":"https:\/\/newsinfoco.com.br\/inicio\/wp-json\/wp\/v2\/posts\/48613\/revisions\/48615"}],"wp:featuredmedia":[{"embeddable":true,"href":"https:\/\/newsinfoco.com.br\/inicio\/wp-json\/wp\/v2\/media\/48614"}],"wp:attachment":[{"href":"https:\/\/newsinfoco.com.br\/inicio\/wp-json\/wp\/v2\/media?parent=48613"}],"wp:term":[{"taxonomy":"category","embeddable":true,"href":"https:\/\/newsinfoco.com.br\/inicio\/wp-json\/wp\/v2\/categories?post=48613"},{"taxonomy":"post_tag","embeddable":true,"href":"https:\/\/newsinfoco.com.br\/inicio\/wp-json\/wp\/v2\/tags?post=48613"}],"curies":[{"name":"wp","href":"https:\/\/api.w.org\/{rel}","templated":true}]}}