{"id":48616,"date":"2026-01-11T22:48:13","date_gmt":"2026-01-12T01:48:13","guid":{"rendered":"https:\/\/newsinfoco.com.br\/inicio\/?p=48616"},"modified":"2026-01-11T22:48:13","modified_gmt":"2026-01-12T01:48:13","slug":"alagoinhas-da-inicio-a-tarifa-zero-e-amplia-acesso-ao-transporte-publico","status":"publish","type":"post","link":"https:\/\/newsinfoco.com.br\/inicio\/alagoinhas-da-inicio-a-tarifa-zero-e-amplia-acesso-ao-transporte-publico\/","title":{"rendered":"Alagoinhas d\u00e1 in\u00edcio \u00e0 Tarifa Zero e amplia acesso ao transporte p\u00fablico"},"content":{"rendered":"<p>A partir de hoje, dia 11 de janeiro, entra em pr\u00e1tica a Tarifa Zero, seguindo o decreto assinado pelo prefeito Gustavo Carmo em 30 de dezembro do ano passado, que estabelece a gratuidade do transporte p\u00fablico urbano tanto aos domingos quanto em feriados. A decis\u00e3o contribuir\u00e1 para a mobilidade e a economia dos usu\u00e1rios dos \u00f4nibus coletivos.<\/p>\n<p data-start=\"392\" data-end=\"743\">Ao todo, ser\u00e3o disponibilizadas 15 linhas gratuitas, sendo estas: 21 de Setembro, Barreiro, Urupiara, Mangal\u00f4, Vila S\u00e3o Pedro, Miguel Velho, 2 de Julho, Baixa da Santinha, Jardim Petrolar\/Parque Floresta, Santa Terezinha\/Fim de Linha, Pra\u00e7a Kennedy\/Alagoinhas IV, Terminal\/Rodovi\u00e1ria, Urbis\/Rua do Catu, Linha Verde\/Pra\u00e7a Calu e Av. Silva\/Atakarejo.<\/p><div class=\"newsi-conteudo_19\" id=\"newsi-3155636790\"><a href=\"https:\/\/www.instagram.com\/prefeituraalagoinhas?igsh=YzgzdDJ1bWR3aWI4\" aria-label=\"SAVE_20251006_221555\"><img loading=\"lazy\" decoding=\"async\" src=\"https:\/\/newsinfoco.com.br\/inicio\/wp-content\/uploads\/2025\/10\/SAVE_20251006_221555-rotated.jpg\" alt=\"\"  srcset=\"https:\/\/newsinfoco.com.br\/inicio\/wp-content\/uploads\/2025\/10\/SAVE_20251006_221555-rotated.jpg 1140w, https:\/\/newsinfoco.com.br\/inicio\/wp-content\/uploads\/2025\/10\/SAVE_20251006_221555-300x52.jpg 300w, https:\/\/newsinfoco.com.br\/inicio\/wp-content\/uploads\/2025\/10\/SAVE_20251006_221555-1024x177.jpg 1024w, https:\/\/newsinfoco.com.br\/inicio\/wp-content\/uploads\/2025\/10\/SAVE_20251006_221555-768x133.jpg 768w, https:\/\/newsinfoco.com.br\/inicio\/wp-content\/uploads\/2025\/10\/SAVE_20251006_221555-600x104.jpg 600w, https:\/\/newsinfoco.com.br\/inicio\/wp-content\/uploads\/2025\/10\/SAVE_20251006_221555-696x120.jpg 696w, https:\/\/newsinfoco.com.br\/inicio\/wp-content\/uploads\/2025\/10\/SAVE_20251006_221555-1068x185.jpg 1068w\" sizes=\"(max-width: 1140px) 100vw, 1140px\" width=\"1140\" height=\"197\"   \/><\/a><\/div>\n<p data-start=\"745\" data-end=\"1109\">Indo em dire\u00e7\u00e3o ao trabalho, Jos\u00e9 Juliano Souza Santana Santos contou que n\u00e3o estava ciente da gratuidade do transporte coletivo, mas aprovou a ideia. \u201cAcho que a gratuidade \u00e9 um passo para a evolu\u00e7\u00e3o no acesso ao transporte. Foi uma surpresa agrad\u00e1vel, e agora \u00e9 vermos o que o governo da cidade far\u00e1 para melhorar ainda mais o nosso transporte p\u00fablico\u201d, disse.<\/p>\n<p data-start=\"1111\" data-end=\"1695\">Tamb\u00e9m recebendo com surpresa a informa\u00e7\u00e3o da Tarifa Zero, Gabriele Andrade dos Santos contou que, ao passar pela catraca do \u00f4nibus e tentar efetivar o pagamento, foi informada que n\u00e3o seria necess\u00e1rio o pagamento. \u201cFui pegar o \u00f4nibus hoje, \u00e0s 5h da manh\u00e3, e quando eu entrei, o cobrador falou que a passagem era gr\u00e1tis. Fiquei bem surpresa porque eu n\u00e3o sabia e sempre estava acostumada a pagar a passagem aos domingos e nos feriados tamb\u00e9m. Isso vai facilitar muito mais, principalmente para quem precisa trabalhar. Achei essa iniciativa incr\u00edvel\u201d, pontuou.<\/p>\n<p data-start=\"1697\" data-end=\"1984\">Para Regina Braga de Souza, a not\u00edcia j\u00e1 era de conhecimento h\u00e1 alguns dias. \u201cEssa ideia \u00e9 muito boa, tendo o \u00f4nibus, e ainda gr\u00e1tis, est\u00e1 tudo certo. Isso vai facilitar os nossos domingos e feriados, porque as pessoas aproveitar\u00e3o para circularem com maior comodidade pela cidade\u201d, enfatizou.<\/p>\n<p data-start=\"1986\" data-end=\"2349\">Itamara Alves de Jesus, que trabalha como cobradora de \u00f4nibus, contou que os passageiros inicialmente n\u00e3o acreditam que podem passar livremente pela catraca. \u201cEles estranham, entregam o dinheiro da passagem, mas a gente informa que n\u00e3o precisa pagar, e que agora a catraca estar\u00e1 liberada aos domingos e feriados. Est\u00e1 sendo uma \u00f3tima novidade para os passageiros.\u201d<\/p>\n<p data-start=\"2351\" data-end=\"2391\"><strong data-start=\"2351\" data-end=\"2389\">Mais acesso e respeito \u00e0 popula\u00e7\u00e3o<\/strong><\/p>\n<p data-start=\"2393\" data-end=\"2883\">\u201cQueremos que todos os alagoinhenses e turistas possam desfrutar de nossa cidade, visitar suas fam\u00edlias, acessar espa\u00e7os de lazer e cultura, independentemente de sua condi\u00e7\u00e3o financeira. \u00c9 um investimento no bem-estar e na qualidade de vida da nossa popula\u00e7\u00e3o e uma forma de tornar Alagoinhas mais din\u00e2mica e acess\u00edvel para todos\u201d, afirmou Gustavo Carmo.<\/p>\n<p data-start=\"2885\" data-end=\"3744\" data-is-last-node=\"\" data-is-only-node=\"\">De acordo com o secret\u00e1rio municipal de Mobilidade Urbana e Ordem P\u00fablica, Hilton Ribeiro, as primeiras horas do Programa Tarifa Zero funcionaram normalmente, seguindo o cronograma das linhas e facilitando o cotidiano dos usu\u00e1rios.<\/p>\n<p>\u201cTemos visto motoristas e cobradores devidamente instru\u00eddos, orientando os passageiros que n\u00e3o haver\u00e1 a cobran\u00e7a da passagem aos domingos e feriados, e agora \u00e9 aguardar a receptividade da popula\u00e7\u00e3o. Faremos um processo de avalia\u00e7\u00e3o cont\u00ednuo, para termos realmente uma ideia de como a popula\u00e7\u00e3o vem aderindo ao Tarifa Zero. Eu n\u00e3o tenho d\u00favidas de que \u00e9 um programa de relev\u00e2ncia dentro do Governo Gustavo Carmo e que as pessoas, aos poucos, v\u00e3o entender que o transporte p\u00fablico \u00e9 um mecanismo que atende realmente a popula\u00e7\u00e3o e deve ser visto como prioridade para o processo da mobilidade urbana de nossa cidade\u201d, finalizou.<\/p>\n<p><a class=\"group1 cboxElement\" href=\"https:\/\/www.alagoinhas.ba.gov.br\/wp-content\/uploads\/2026\/01\/WhatsApp-Image-2026-01-11-at-06.12.58.jpeg\"><img loading=\"lazy\" decoding=\"async\" class=\"aligncenter size-full wp-image-86457\" src=\"https:\/\/www.alagoinhas.ba.gov.br\/wp-content\/uploads\/2026\/01\/WhatsApp-Image-2026-01-11-at-06.12.58.jpeg\" sizes=\"auto, (max-width: 1600px) 100vw, 1600px\" srcset=\"https:\/\/www.alagoinhas.ba.gov.br\/wp-content\/uploads\/2026\/01\/WhatsApp-Image-2026-01-11-at-06.12.58.jpeg 1600w, https:\/\/www.alagoinhas.ba.gov.br\/wp-content\/uploads\/2026\/01\/WhatsApp-Image-2026-01-11-at-06.12.58-300x225.jpeg 300w, https:\/\/www.alagoinhas.ba.gov.br\/wp-content\/uploads\/2026\/01\/WhatsApp-Image-2026-01-11-at-06.12.58-768x576.jpeg 768w, https:\/\/www.alagoinhas.ba.gov.br\/wp-content\/uploads\/2026\/01\/WhatsApp-Image-2026-01-11-at-06.12.58-1024x768.jpeg 1024w, https:\/\/www.alagoinhas.ba.gov.br\/wp-content\/uploads\/2026\/01\/WhatsApp-Image-2026-01-11-at-06.12.58-24x18.jpeg 24w\" alt=\"\" width=\"1600\" height=\"1200\" \/><\/a><\/p>\n<p><a class=\"group1 cboxElement\" href=\"https:\/\/www.alagoinhas.ba.gov.br\/wp-content\/uploads\/2026\/01\/WhatsApp-Image-2026-01-11-at-06.12.58-1.jpeg\"><img loading=\"lazy\" decoding=\"async\" class=\"aligncenter size-full wp-image-86456\" src=\"https:\/\/www.alagoinhas.ba.gov.br\/wp-content\/uploads\/2026\/01\/WhatsApp-Image-2026-01-11-at-06.12.58-1.jpeg\" sizes=\"auto, (max-width: 1600px) 100vw, 1600px\" srcset=\"https:\/\/www.alagoinhas.ba.gov.br\/wp-content\/uploads\/2026\/01\/WhatsApp-Image-2026-01-11-at-06.12.58-1.jpeg 1600w, https:\/\/www.alagoinhas.ba.gov.br\/wp-content\/uploads\/2026\/01\/WhatsApp-Image-2026-01-11-at-06.12.58-1-300x225.jpeg 300w, https:\/\/www.alagoinhas.ba.gov.br\/wp-content\/uploads\/2026\/01\/WhatsApp-Image-2026-01-11-at-06.12.58-1-768x576.jpeg 768w, https:\/\/www.alagoinhas.ba.gov.br\/wp-content\/uploads\/2026\/01\/WhatsApp-Image-2026-01-11-at-06.12.58-1-1024x768.jpeg 1024w, https:\/\/www.alagoinhas.ba.gov.br\/wp-content\/uploads\/2026\/01\/WhatsApp-Image-2026-01-11-at-06.12.58-1-24x18.jpeg 24w\" alt=\"\" width=\"1600\" height=\"1200\" \/><\/a><\/p>\n<p><a class=\"group1 cboxElement\" href=\"https:\/\/www.alagoinhas.ba.gov.br\/wp-content\/uploads\/2026\/01\/WhatsApp-Image-2026-01-11-at-06.12.59.jpeg\"><img loading=\"lazy\" decoding=\"async\" class=\"aligncenter size-full wp-image-86455\" src=\"https:\/\/www.alagoinhas.ba.gov.br\/wp-content\/uploads\/2026\/01\/WhatsApp-Image-2026-01-11-at-06.12.59.jpeg\" sizes=\"auto, (max-width: 1600px) 100vw, 1600px\" srcset=\"https:\/\/www.alagoinhas.ba.gov.br\/wp-content\/uploads\/2026\/01\/WhatsApp-Image-2026-01-11-at-06.12.59.jpeg 1600w, https:\/\/www.alagoinhas.ba.gov.br\/wp-content\/uploads\/2026\/01\/WhatsApp-Image-2026-01-11-at-06.12.59-300x225.jpeg 300w, https:\/\/www.alagoinhas.ba.gov.br\/wp-content\/uploads\/2026\/01\/WhatsApp-Image-2026-01-11-at-06.12.59-768x576.jpeg 768w, https:\/\/www.alagoinhas.ba.gov.br\/wp-content\/uploads\/2026\/01\/WhatsApp-Image-2026-01-11-at-06.12.59-1024x768.jpeg 1024w, https:\/\/www.alagoinhas.ba.gov.br\/wp-content\/uploads\/2026\/01\/WhatsApp-Image-2026-01-11-at-06.12.59-24x18.jpeg 24w\" alt=\"\" width=\"1600\" height=\"1200\" \/><\/a><\/p>\n<p><a class=\"group1 cboxElement\" href=\"https:\/\/www.alagoinhas.ba.gov.br\/wp-content\/uploads\/2026\/01\/WhatsApp-Image-2026-01-11-at-06.12.53.jpeg\"><img loading=\"lazy\" decoding=\"async\" class=\"aligncenter size-full wp-image-86459\" src=\"https:\/\/www.alagoinhas.ba.gov.br\/wp-content\/uploads\/2026\/01\/WhatsApp-Image-2026-01-11-at-06.12.53.jpeg\" sizes=\"auto, (max-width: 1600px) 100vw, 1600px\" srcset=\"https:\/\/www.alagoinhas.ba.gov.br\/wp-content\/uploads\/2026\/01\/WhatsApp-Image-2026-01-11-at-06.12.53.jpeg 1600w, https:\/\/www.alagoinhas.ba.gov.br\/wp-content\/uploads\/2026\/01\/WhatsApp-Image-2026-01-11-at-06.12.53-300x225.jpeg 300w, https:\/\/www.alagoinhas.ba.gov.br\/wp-content\/uploads\/2026\/01\/WhatsApp-Image-2026-01-11-at-06.12.53-768x576.jpeg 768w, https:\/\/www.alagoinhas.ba.gov.br\/wp-content\/uploads\/2026\/01\/WhatsApp-Image-2026-01-11-at-06.12.53-1024x768.jpeg 1024w, https:\/\/www.alagoinhas.ba.gov.br\/wp-content\/uploads\/2026\/01\/WhatsApp-Image-2026-01-11-at-06.12.53-24x18.jpeg 24w\" alt=\"\" width=\"1600\" height=\"1200\" \/><\/a><\/p>\n<h5>Gabriele Andrade dos Santos<\/h5>\n<h5><a class=\"group1 cboxElement\" href=\"https:\/\/www.alagoinhas.ba.gov.br\/wp-content\/uploads\/2026\/01\/WhatsApp-Image-2026-01-11-at-06.12.53-1.jpeg\"><img loading=\"lazy\" decoding=\"async\" class=\"aligncenter size-full wp-image-86458\" src=\"https:\/\/www.alagoinhas.ba.gov.br\/wp-content\/uploads\/2026\/01\/WhatsApp-Image-2026-01-11-at-06.12.53-1.jpeg\" sizes=\"auto, (max-width: 1600px) 100vw, 1600px\" srcset=\"https:\/\/www.alagoinhas.ba.gov.br\/wp-content\/uploads\/2026\/01\/WhatsApp-Image-2026-01-11-at-06.12.53-1.jpeg 1600w, https:\/\/www.alagoinhas.ba.gov.br\/wp-content\/uploads\/2026\/01\/WhatsApp-Image-2026-01-11-at-06.12.53-1-300x225.jpeg 300w, https:\/\/www.alagoinhas.ba.gov.br\/wp-content\/uploads\/2026\/01\/WhatsApp-Image-2026-01-11-at-06.12.53-1-768x576.jpeg 768w, https:\/\/www.alagoinhas.ba.gov.br\/wp-content\/uploads\/2026\/01\/WhatsApp-Image-2026-01-11-at-06.12.53-1-1024x768.jpeg 1024w, https:\/\/www.alagoinhas.ba.gov.br\/wp-content\/uploads\/2026\/01\/WhatsApp-Image-2026-01-11-at-06.12.53-1-24x18.jpeg 24w\" alt=\"\" width=\"1600\" height=\"1200\" \/><\/a><\/h5>\n<h5>Jos\u00e9 Juliano Souza Santana Santos<\/h5>\n<h5><a class=\"group1 cboxElement\" href=\"https:\/\/www.alagoinhas.ba.gov.br\/wp-content\/uploads\/2026\/01\/WhatsApp-Image-2026-01-11-at-08.35.58.jpeg\"><img loading=\"lazy\" decoding=\"async\" class=\"aligncenter size-full wp-image-86454\" src=\"https:\/\/www.alagoinhas.ba.gov.br\/wp-content\/uploads\/2026\/01\/WhatsApp-Image-2026-01-11-at-08.35.58.jpeg\" sizes=\"auto, (max-width: 1600px) 100vw, 1600px\" srcset=\"https:\/\/www.alagoinhas.ba.gov.br\/wp-content\/uploads\/2026\/01\/WhatsApp-Image-2026-01-11-at-08.35.58.jpeg 1600w, https:\/\/www.alagoinhas.ba.gov.br\/wp-content\/uploads\/2026\/01\/WhatsApp-Image-2026-01-11-at-08.35.58-300x225.jpeg 300w, https:\/\/www.alagoinhas.ba.gov.br\/wp-content\/uploads\/2026\/01\/WhatsApp-Image-2026-01-11-at-08.35.58-768x576.jpeg 768w, https:\/\/www.alagoinhas.ba.gov.br\/wp-content\/uploads\/2026\/01\/WhatsApp-Image-2026-01-11-at-08.35.58-1024x768.jpeg 1024w, https:\/\/www.alagoinhas.ba.gov.br\/wp-content\/uploads\/2026\/01\/WhatsApp-Image-2026-01-11-at-08.35.58-24x18.jpeg 24w\" alt=\"\" width=\"1600\" height=\"1200\" \/><\/a><\/h5>\n<h5>Hilton Ribeiro<\/h5>\n<h5><a class=\"group1 cboxElement\" href=\"https:\/\/www.alagoinhas.ba.gov.br\/wp-content\/uploads\/2026\/01\/WhatsApp-Image-2026-01-11-at-08.35.58-1.jpeg\"><img loading=\"lazy\" decoding=\"async\" class=\"aligncenter size-full wp-image-86453\" src=\"https:\/\/www.alagoinhas.ba.gov.br\/wp-content\/uploads\/2026\/01\/WhatsApp-Image-2026-01-11-at-08.35.58-1.jpeg\" sizes=\"auto, (max-width: 1600px) 100vw, 1600px\" srcset=\"https:\/\/www.alagoinhas.ba.gov.br\/wp-content\/uploads\/2026\/01\/WhatsApp-Image-2026-01-11-at-08.35.58-1.jpeg 1600w, https:\/\/www.alagoinhas.ba.gov.br\/wp-content\/uploads\/2026\/01\/WhatsApp-Image-2026-01-11-at-08.35.58-1-300x225.jpeg 300w, https:\/\/www.alagoinhas.ba.gov.br\/wp-content\/uploads\/2026\/01\/WhatsApp-Image-2026-01-11-at-08.35.58-1-768x576.jpeg 768w, https:\/\/www.alagoinhas.ba.gov.br\/wp-content\/uploads\/2026\/01\/WhatsApp-Image-2026-01-11-at-08.35.58-1-1024x768.jpeg 1024w, https:\/\/www.alagoinhas.ba.gov.br\/wp-content\/uploads\/2026\/01\/WhatsApp-Image-2026-01-11-at-08.35.58-1-24x18.jpeg 24w\" alt=\"\" width=\"1600\" height=\"1200\" \/><\/a><\/h5>\n<h5>Equipe Semorp<\/h5>\n<p><a class=\"group1 cboxElement\" href=\"https:\/\/www.alagoinhas.ba.gov.br\/wp-content\/uploads\/2026\/01\/WhatsApp-Image-2026-01-11-at-06.12.52-1.jpeg\"><img loading=\"lazy\" decoding=\"async\" class=\"aligncenter size-full wp-image-86460\" src=\"https:\/\/www.alagoinhas.ba.gov.br\/wp-content\/uploads\/2026\/01\/WhatsApp-Image-2026-01-11-at-06.12.52-1.jpeg\" sizes=\"auto, (max-width: 1600px) 100vw, 1600px\" srcset=\"https:\/\/www.alagoinhas.ba.gov.br\/wp-content\/uploads\/2026\/01\/WhatsApp-Image-2026-01-11-at-06.12.52-1.jpeg 1600w, https:\/\/www.alagoinhas.ba.gov.br\/wp-content\/uploads\/2026\/01\/WhatsApp-Image-2026-01-11-at-06.12.52-1-300x225.jpeg 300w, https:\/\/www.alagoinhas.ba.gov.br\/wp-content\/uploads\/2026\/01\/WhatsApp-Image-2026-01-11-at-06.12.52-1-768x576.jpeg 768w, https:\/\/www.alagoinhas.ba.gov.br\/wp-content\/uploads\/2026\/01\/WhatsApp-Image-2026-01-11-at-06.12.52-1-1024x768.jpeg 1024w, https:\/\/www.alagoinhas.ba.gov.br\/wp-content\/uploads\/2026\/01\/WhatsApp-Image-2026-01-11-at-06.12.52-1-24x18.jpeg 24w\" alt=\"\" width=\"1600\" height=\"1200\" \/><\/a><\/p>\n<h6>Fotos: Secom Alagoinhas<\/h6>\n<div align=\"right\"><\/div>\n<div class='share-to-whatsapp-wrapper'><div class='share-on-whsp'>Share on: <\/div><a data-text='Alagoinhas d\u00e1 in\u00edcio \u00e0 Tarifa Zero e amplia acesso ao transporte p\u00fablico' data-link='https:\/\/newsinfoco.com.br\/inicio\/alagoinhas-da-inicio-a-tarifa-zero-e-amplia-acesso-ao-transporte-publico\/' class='whatsapp-button whatsapp-share'>WhatsApp<\/a><div class='clear '><\/div><\/div>","protected":false},"excerpt":{"rendered":"<p>A partir de hoje, dia 11 de janeiro, entra em pr\u00e1tica a Tarifa Zero, seguindo o decreto assinado pelo prefeito Gustavo Carmo em 30 de dezembro do ano passado, que estabelece a gratuidade do transporte p\u00fablico urbano tanto aos domingos quanto em feriados. A decis\u00e3o contribuir\u00e1 para a mobilidade e a economia dos usu\u00e1rios dos [&hellip;]<\/p>\n","protected":false},"author":1,"featured_media":48617,"comment_status":"closed","ping_status":"closed","sticky":false,"template":"","format":"standard","meta":{"om_disable_all_campaigns":false,"_exactmetrics_skip_tracking":false,"_exactmetrics_sitenote_active":false,"_exactmetrics_sitenote_note":"","_exactmetrics_sitenote_category":0,"footnotes":""},"categories":[38,30,167],"tags":[],"class_list":["post-48616","post","type-post","status-publish","format-standard","has-post-thumbnail","hentry","category-alagoinhas-e-regiao","category-destaque","category-exclusivas"],"aioseo_notices":[],"_links":{"self":[{"href":"https:\/\/newsinfoco.com.br\/inicio\/wp-json\/wp\/v2\/posts\/48616","targetHints":{"allow":["GET"]}}],"collection":[{"href":"https:\/\/newsinfoco.com.br\/inicio\/wp-json\/wp\/v2\/posts"}],"about":[{"href":"https:\/\/newsinfoco.com.br\/inicio\/wp-json\/wp\/v2\/types\/post"}],"author":[{"embeddable":true,"href":"https:\/\/newsinfoco.com.br\/inicio\/wp-json\/wp\/v2\/users\/1"}],"replies":[{"embeddable":true,"href":"https:\/\/newsinfoco.com.br\/inicio\/wp-json\/wp\/v2\/comments?post=48616"}],"version-history":[{"count":1,"href":"https:\/\/newsinfoco.com.br\/inicio\/wp-json\/wp\/v2\/posts\/48616\/revisions"}],"predecessor-version":[{"id":48618,"href":"https:\/\/newsinfoco.com.br\/inicio\/wp-json\/wp\/v2\/posts\/48616\/revisions\/48618"}],"wp:featuredmedia":[{"embeddable":true,"href":"https:\/\/newsinfoco.com.br\/inicio\/wp-json\/wp\/v2\/media\/48617"}],"wp:attachment":[{"href":"https:\/\/newsinfoco.com.br\/inicio\/wp-json\/wp\/v2\/media?parent=48616"}],"wp:term":[{"taxonomy":"category","embeddable":true,"href":"https:\/\/newsinfoco.com.br\/inicio\/wp-json\/wp\/v2\/categories?post=48616"},{"taxonomy":"post_tag","embeddable":true,"href":"https:\/\/newsinfoco.com.br\/inicio\/wp-json\/wp\/v2\/tags?post=48616"}],"curies":[{"name":"wp","href":"https:\/\/api.w.org\/{rel}","templated":true}]}}