{"id":4862,"date":"2018-06-06T10:40:34","date_gmt":"2018-06-06T13:40:34","guid":{"rendered":"http:\/\/newsinfoco.com.br\/?p=4862"},"modified":"2018-06-06T15:24:28","modified_gmt":"2018-06-06T18:24:28","slug":"defesa-de-lula-pede-suspensao-de-condenacao-ao-stj-e-stf","status":"publish","type":"post","link":"https:\/\/newsinfoco.com.br\/inicio\/defesa-de-lula-pede-suspensao-de-condenacao-ao-stj-e-stf\/","title":{"rendered":"Defesa de Lula pede suspens\u00e3o de condena\u00e7\u00e3o ao STJ e STF"},"content":{"rendered":"<p class=\" \" style=\"text-align: justify;\"><span style=\"color: #000000;\">A defesa do ex-presidente Luiz In\u00e1cio Lula da Silva entrou com novo pedido no Supremo Tribunal Federal (STF) e no Superior Tribunal de Justi\u00e7a (STJ) para que possa recorrer em liberdade contra sua condena\u00e7\u00e3o na segunda inst\u00e2ncia por corrup\u00e7\u00e3o e lavagem de dinheiro, no caso do tr\u00edplex no Guaruj\u00e1.\u00a0\u00a0<\/span><\/p>\n<p style=\"text-align: justify;\"><span style=\"color: #000000;\">A defesa alega que\u00a0<a style=\"color: #000000;\" href=\"http:\/\/ultimosegundo.ig.com.br\/politica\/2018-05-21\/lula-pre-candidatura-dia-27.html\" target=\"_blank\" rel=\"noopener\"><strong>Lula<\/strong>\u00a0\u00e9 pr\u00e9-candidato \u00e0 Presid\u00eancia da Rep\u00fablica pelo PT<\/a>\u00a0, sendo l\u00edder em pesquisas de inten\u00e7\u00e3o de voto. \u201cAssim, al\u00e9m de ver sua liberdade tolhida indevidamente, corre s\u00e9rio risco de ter, da mesma forma, seus direitos pol\u00edticos cerceados, o que, em vista do processo eleitoral em curso, mostra-se grav\u00edssimo e irrevers\u00edvel\u201d, escreveram os advogados.<\/span><\/p><div class=\"newsi-conteudo_19\" id=\"newsi-3852156396\"><a href=\"https:\/\/www.instagram.com\/prefeituraalagoinhas?igsh=YzgzdDJ1bWR3aWI4\" aria-label=\"SAVE_20251006_221555\"><img loading=\"lazy\" decoding=\"async\" src=\"https:\/\/newsinfoco.com.br\/inicio\/wp-content\/uploads\/2025\/10\/SAVE_20251006_221555-rotated.jpg\" alt=\"\"  srcset=\"https:\/\/newsinfoco.com.br\/inicio\/wp-content\/uploads\/2025\/10\/SAVE_20251006_221555-rotated.jpg 1140w, https:\/\/newsinfoco.com.br\/inicio\/wp-content\/uploads\/2025\/10\/SAVE_20251006_221555-300x52.jpg 300w, https:\/\/newsinfoco.com.br\/inicio\/wp-content\/uploads\/2025\/10\/SAVE_20251006_221555-1024x177.jpg 1024w, https:\/\/newsinfoco.com.br\/inicio\/wp-content\/uploads\/2025\/10\/SAVE_20251006_221555-768x133.jpg 768w, https:\/\/newsinfoco.com.br\/inicio\/wp-content\/uploads\/2025\/10\/SAVE_20251006_221555-600x104.jpg 600w, https:\/\/newsinfoco.com.br\/inicio\/wp-content\/uploads\/2025\/10\/SAVE_20251006_221555-696x120.jpg 696w, https:\/\/newsinfoco.com.br\/inicio\/wp-content\/uploads\/2025\/10\/SAVE_20251006_221555-1068x185.jpg 1068w\" sizes=\"(max-width: 1140px) 100vw, 1140px\" width=\"1140\" height=\"197\"   \/><\/a><\/div>\n<p style=\"text-align: justify;\"><span style=\"color: #000000;\">As pe\u00e7as s\u00e3o assinadas pela equipe de oito advogados do ex-presidente, entre eles o ex-ministro do STF Sep\u00falveda Pertence e Cristiano Zanin Martins, respons\u00e1vel pela maioria das sustenta\u00e7\u00f5es orais em julgamentos do petista.<\/span><\/p>\n<p style=\"text-align: justify;\"><span style=\"color: #000000;\">A defesa quer que as apela\u00e7\u00f5es contra a condena\u00e7\u00e3o, destinadas ao Supremo e ao STJ, tenham efeito suspensivo sobre a execu\u00e7\u00e3o de pena, o que resultaria na liberta\u00e7\u00e3o do ex-presidente. Tal efeito suspensivo foi negado, no in\u00edcio do m\u00eas passado, pela vice-presidente do Tribunal Regional Federal da 4\u00aa Regi\u00e3o (TRF4), ministra Maria de F\u00e1tima Freitas Laberr\u00e8re.<\/span><\/p>\n<p style=\"text-align: justify;\"><span style=\"color: #000000;\">A magistrada \u00e9 a respons\u00e1vel por analisar a admissibilidade dos recursos extraordin\u00e1rio e especial, destinados respectivamente ao STF e STJ, contra a condena\u00e7\u00e3o. Antes de serem encaminhados \u00e0s inst\u00e2ncias superiores, tais recursos precisam passar pelo crivo do segundo grau. \u00a0\u00a0<\/span><\/p>\n<h3 style=\"text-align: justify;\"><span style=\"color: #000000;\">Advogados apontam irregularidades no processo<\/span><\/h3>\n<p style=\"text-align: justify;\"><span style=\"color: #000000;\">Para dar corpo ao novo pedido, a defesa volta a citar diversas supostas\u00a0irregularidades no processo que levou \u00e0 condena\u00e7\u00e3o do ex-presidente, entre eles o argumento de que Moro n\u00e3o poderia ter sido o juiz respons\u00e1vel pelo caso, pois o pr\u00f3prio magistrado teria admitido na senten\u00e7a que os fatos investigados n\u00e3o teriam conex\u00e3o com contratos na Petrobras.<\/span><\/p>\n<p style=\"text-align: justify;\"><span style=\"color: #000000;\">A defesa volta a alegar falta de imparcialidade do juiz e dos procuradores, citando epis\u00f3dios como a condu\u00e7\u00e3o coercitiva do petista e a divulga\u00e7\u00e3o do \u00e1udio de uma conversa entre ele e a ex-presidente Dilma Rousseff como provas dessa parcialidade.\u00a0\u201cO requerente foi tratado como culpado desde a fase pr\u00e9-processual; jamais lhe foi assegurada a presun\u00e7\u00e3o constitucional de inoc\u00eancia\u201d, diz o texto.<\/span><\/p>\n<p style=\"text-align: justify;\"><span style=\"color: #000000;\">Diante os argumentos, os advogados defendem que o ex-presidente seja solto devido \u00e0 \u201cvis\u00edvel probabilidade de \u00eaxito\u201d dos recursos extraordin\u00e1rio e especial nas inst\u00e2ncias superiores, o que anularia a condena\u00e7\u00e3o.<\/span><\/p>\n<p style=\"text-align: justify;\"><span style=\"color: #000000;\">\u201cOs dias em que requerente \u00e9 mantido indevidamente detido jamais lhe ser\u00e3o devolvidos\u201d, escreveram os advogados. \u201cDe t\u00e3o grave a situa\u00e7\u00e3o, sequer existe mais o \u2018iminente perigo\u2019 de dano, eis que o dano j\u00e1 est\u00e1 consolidado, e seus perversos efeitos aumentam a cada dia em que o requerente se mant\u00e9m injustamente no c\u00e1rcere\u201d, acrescenta o texto.<\/span><\/p>\n<p style=\"text-align: justify;\"><span style=\"color: #000000;\">O ex-presidente\u00a0est\u00e1 preso desde 7 de abril na Superintend\u00eancia da Pol\u00edcia Federal em Curitiba, onde cumpre sua pena de 12 anos e um m\u00eas imposta pelo juiz S\u00e9rgio Moro, da 13\u00aa Vara Federal da capital paranaense.<\/span><\/p>\n<p style=\"text-align: justify;\"><span style=\"color: #000000;\"><strong>Lula<\/strong>\u00a0foi\u00a0<a style=\"color: #000000;\" href=\"http:\/\/ultimosegundo.ig.com.br\/politica\/2018-04-07\/lula-primeiro-ex-presidente-preso.html\" target=\"_blank\" rel=\"noopener\">preso ap\u00f3s ter sua condena\u00e7\u00e3o confirmada pela segunda inst\u00e2ncia<\/a>\u00a0, de acordo com entendimento atual do Supremo Tribunal Federal (STF), que permite o cumprimento de pena mesmo que ainda reste a possibilidade de recurso a inst\u00e2ncias superiores.<\/span><\/p>\n<h6 style=\"text-align: right;\">Fonte:ig<\/h6>\n<div class='share-to-whatsapp-wrapper'><div class='share-on-whsp'>Share on: <\/div><a data-text='Defesa de Lula pede suspens\u00e3o de condena\u00e7\u00e3o ao STJ e STF' data-link='https:\/\/newsinfoco.com.br\/inicio\/defesa-de-lula-pede-suspensao-de-condenacao-ao-stj-e-stf\/' class='whatsapp-button whatsapp-share'>WhatsApp<\/a><div class='clear '><\/div><\/div>","protected":false},"excerpt":{"rendered":"<p>A defesa do ex-presidente Luiz In\u00e1cio Lula da Silva entrou com novo pedido no Supremo Tribunal Federal (STF) e no Superior Tribunal de Justi\u00e7a (STJ) para que possa recorrer em liberdade contra sua condena\u00e7\u00e3o na segunda inst\u00e2ncia por corrup\u00e7\u00e3o e lavagem de dinheiro, no caso do tr\u00edplex no Guaruj\u00e1.\u00a0\u00a0 A defesa alega que\u00a0Lula\u00a0\u00e9 pr\u00e9-candidato \u00e0 [&hellip;]<\/p>\n","protected":false},"author":1,"featured_media":4863,"comment_status":"open","ping_status":"open","sticky":false,"template":"","format":"standard","meta":{"om_disable_all_campaigns":false,"_exactmetrics_skip_tracking":false,"_exactmetrics_sitenote_active":false,"_exactmetrics_sitenote_note":"","_exactmetrics_sitenote_category":0,"footnotes":""},"categories":[21],"tags":[],"class_list":["post-4862","post","type-post","status-publish","format-standard","has-post-thumbnail","hentry","category-brasil"],"aioseo_notices":[],"_links":{"self":[{"href":"https:\/\/newsinfoco.com.br\/inicio\/wp-json\/wp\/v2\/posts\/4862","targetHints":{"allow":["GET"]}}],"collection":[{"href":"https:\/\/newsinfoco.com.br\/inicio\/wp-json\/wp\/v2\/posts"}],"about":[{"href":"https:\/\/newsinfoco.com.br\/inicio\/wp-json\/wp\/v2\/types\/post"}],"author":[{"embeddable":true,"href":"https:\/\/newsinfoco.com.br\/inicio\/wp-json\/wp\/v2\/users\/1"}],"replies":[{"embeddable":true,"href":"https:\/\/newsinfoco.com.br\/inicio\/wp-json\/wp\/v2\/comments?post=4862"}],"version-history":[{"count":0,"href":"https:\/\/newsinfoco.com.br\/inicio\/wp-json\/wp\/v2\/posts\/4862\/revisions"}],"wp:featuredmedia":[{"embeddable":true,"href":"https:\/\/newsinfoco.com.br\/inicio\/wp-json\/wp\/v2\/media\/4863"}],"wp:attachment":[{"href":"https:\/\/newsinfoco.com.br\/inicio\/wp-json\/wp\/v2\/media?parent=4862"}],"wp:term":[{"taxonomy":"category","embeddable":true,"href":"https:\/\/newsinfoco.com.br\/inicio\/wp-json\/wp\/v2\/categories?post=4862"},{"taxonomy":"post_tag","embeddable":true,"href":"https:\/\/newsinfoco.com.br\/inicio\/wp-json\/wp\/v2\/tags?post=4862"}],"curies":[{"name":"wp","href":"https:\/\/api.w.org\/{rel}","templated":true}]}}