{"id":48622,"date":"2026-01-13T22:05:17","date_gmt":"2026-01-14T01:05:17","guid":{"rendered":"https:\/\/newsinfoco.com.br\/inicio\/?p=48622"},"modified":"2026-01-13T22:05:17","modified_gmt":"2026-01-14T01:05:17","slug":"parceria-entre-prefeitura-e-parque-cacique-arrecada-cerca-de-tres-toneladas-de-alimentos-em-acao-solidaria","status":"publish","type":"post","link":"https:\/\/newsinfoco.com.br\/inicio\/parceria-entre-prefeitura-e-parque-cacique-arrecada-cerca-de-tres-toneladas-de-alimentos-em-acao-solidaria\/","title":{"rendered":"Parceria entre Prefeitura e Parque Cacique arrecada cerca de tr\u00eas toneladas de alimentos em a\u00e7\u00e3o solid\u00e1ria"},"content":{"rendered":"<p>Uma parceria entre o Parque de Divers\u00f5es Cacique e a Prefeitura de Alagoinhas resultou na arrecada\u00e7\u00e3o de aproximadamente 3 mil quilos de alimentos. Em uma a\u00e7\u00e3o solid\u00e1ria realizada nessa segunda-feira, 12, os ingressos para os brinquedos do parque foram trocados por alimentos n\u00e3o-perec\u00edveis, sendo que cada quilo doado garantiu dois bilhetes aos participantes.<\/p>\n<p>Os alimentos arrecadados foram destinados \u00e0 Secretaria Municipal de Desenvolvimento Social (Sedes) e beneficiar\u00e3o institui\u00e7\u00f5es que integram a rede socioassistencial de Alagoinhas, como as Institui\u00e7\u00f5es de Longa Perman\u00eancia para Idosos, a Associa\u00e7\u00e3o Pestalozzi, a Pastoral do Menor, a Apae e a Associa\u00e7\u00e3o de Pais e Amigos do Autista de Alagoinhas (Ama).<\/p><div class=\"newsi-conteudo_19\" id=\"newsi-4230714674\"><a href=\"https:\/\/www.instagram.com\/prefeituraalagoinhas?igsh=YzgzdDJ1bWR3aWI4\" aria-label=\"SAVE_20251006_221555\"><img loading=\"lazy\" decoding=\"async\" src=\"https:\/\/newsinfoco.com.br\/inicio\/wp-content\/uploads\/2025\/10\/SAVE_20251006_221555-rotated.jpg\" alt=\"\"  srcset=\"https:\/\/newsinfoco.com.br\/inicio\/wp-content\/uploads\/2025\/10\/SAVE_20251006_221555-rotated.jpg 1140w, https:\/\/newsinfoco.com.br\/inicio\/wp-content\/uploads\/2025\/10\/SAVE_20251006_221555-300x52.jpg 300w, https:\/\/newsinfoco.com.br\/inicio\/wp-content\/uploads\/2025\/10\/SAVE_20251006_221555-1024x177.jpg 1024w, https:\/\/newsinfoco.com.br\/inicio\/wp-content\/uploads\/2025\/10\/SAVE_20251006_221555-768x133.jpg 768w, https:\/\/newsinfoco.com.br\/inicio\/wp-content\/uploads\/2025\/10\/SAVE_20251006_221555-600x104.jpg 600w, https:\/\/newsinfoco.com.br\/inicio\/wp-content\/uploads\/2025\/10\/SAVE_20251006_221555-696x120.jpg 696w, https:\/\/newsinfoco.com.br\/inicio\/wp-content\/uploads\/2025\/10\/SAVE_20251006_221555-1068x185.jpg 1068w\" sizes=\"(max-width: 1140px) 100vw, 1140px\" width=\"1140\" height=\"197\"   \/><\/a><\/div>\n<p>Segundo a diretora de Prote\u00e7\u00e3o Social da Sedes, Leidiane Rocha, todo o material passar\u00e1 por triagem antes da distribui\u00e7\u00e3o. \u201cN\u00f3s vamos verificar a validade dos alimentos, fazer a contabilidade e, assim, realizar a devida distribui\u00e7\u00e3o, de acordo com o n\u00famero de beneficiados, as condi\u00e7\u00f5es de armazenamento e a necessidade de cada uma das institui\u00e7\u00f5es\u201d, explicou.<\/p>\n<p>A Equipe da Sedes esteve no local, acompanhando a arrecada\u00e7\u00e3o, orientando a popula\u00e7\u00e3o e prestando informa\u00e7\u00f5es sobre a destina\u00e7\u00e3o dos donativos. A atua\u00e7\u00e3o dos profissionais da secretaria contribuiu para dar transpar\u00eancia e credibilidade \u00e0 iniciativa.<\/p>\n<p>A secret\u00e1ria municipal de Desenvolvimento Social, Lianne Carmo, destacou a relev\u00e2ncia da parceria e agradeceu o gesto de solidariedade. \u201cEssa iniciativa traduz, na pr\u00e1tica, o quanto a uni\u00e3o entre o poder p\u00fablico e a iniciativa privada pode transformar realidades. Recebemos essa doa\u00e7\u00e3o com profunda gratid\u00e3o, pois ela fortalece a nossa rede socioassistencial e assegura alimento e dignidade \u00e0s institui\u00e7\u00f5es e \u00e0s pessoas que mais precisam. Cada parceria como essa reafirma o compromisso coletivo com o cuidado, a prote\u00e7\u00e3o social e a promo\u00e7\u00e3o da cidadania\u201d, afirmou.<\/p>\n<p>A propriet\u00e1ria do Parque Cacique, Nilma Iara Ramos, destacou a longa rela\u00e7\u00e3o da empresa com Alagoinhas. Com sede em Feira de Santana, o parque se instala no munic\u00edpio h\u00e1 mais de 50 anos e j\u00e1 faz parte da tradi\u00e7\u00e3o local. Para ela, a a\u00e7\u00e3o tamb\u00e9m simboliza uma homenagem ao marido, falecido no ano passado, que tinha o desejo de realizar a iniciativa. \u201cPara n\u00f3s \u00e9 um prazer colaborar com o povo de Alagoinhas, \u00e9 uma forma de agradecer pelo acolhimento das pessoas. Isso que nos motivou a promover essa a\u00e7\u00e3o e estou muito feliz com o resultado\u201d, disse.<\/p>\n<p>A popula\u00e7\u00e3o tamb\u00e9m aprovou a iniciativa. A auxiliar de classe Bianca Costa levou o sobrinho Davi, de 4 anos, para se divertir no parque, e elogiou a proposta solid\u00e1ria: \u201cAchei maravilhoso, melhor do que pagar o valor normal e n\u00e3o ajudar ningu\u00e9m. A gente sabe que assim, estamos ajudando a alimentar algu\u00e9m que necessita muito\u201d.<\/p>\n<p>&nbsp;<\/p>\n<div class='share-to-whatsapp-wrapper'><div class='share-on-whsp'>Share on: <\/div><a data-text='Parceria entre Prefeitura e Parque Cacique arrecada cerca de tr\u00eas toneladas de alimentos em a\u00e7\u00e3o solid\u00e1ria' data-link='https:\/\/newsinfoco.com.br\/inicio\/parceria-entre-prefeitura-e-parque-cacique-arrecada-cerca-de-tres-toneladas-de-alimentos-em-acao-solidaria\/' class='whatsapp-button whatsapp-share'>WhatsApp<\/a><div class='clear '><\/div><\/div>","protected":false},"excerpt":{"rendered":"<p>Uma parceria entre o Parque de Divers\u00f5es Cacique e a Prefeitura de Alagoinhas resultou na arrecada\u00e7\u00e3o de aproximadamente 3 mil quilos de alimentos. Em uma a\u00e7\u00e3o solid\u00e1ria realizada nessa segunda-feira, 12, os ingressos para os brinquedos do parque foram trocados por alimentos n\u00e3o-perec\u00edveis, sendo que cada quilo doado garantiu dois bilhetes aos participantes. Os alimentos [&hellip;]<\/p>\n","protected":false},"author":1,"featured_media":48623,"comment_status":"closed","ping_status":"closed","sticky":false,"template":"","format":"standard","meta":{"om_disable_all_campaigns":false,"_exactmetrics_skip_tracking":false,"_exactmetrics_sitenote_active":false,"_exactmetrics_sitenote_note":"","_exactmetrics_sitenote_category":0,"footnotes":""},"categories":[38,30,167],"tags":[],"class_list":["post-48622","post","type-post","status-publish","format-standard","has-post-thumbnail","hentry","category-alagoinhas-e-regiao","category-destaque","category-exclusivas"],"aioseo_notices":[],"_links":{"self":[{"href":"https:\/\/newsinfoco.com.br\/inicio\/wp-json\/wp\/v2\/posts\/48622","targetHints":{"allow":["GET"]}}],"collection":[{"href":"https:\/\/newsinfoco.com.br\/inicio\/wp-json\/wp\/v2\/posts"}],"about":[{"href":"https:\/\/newsinfoco.com.br\/inicio\/wp-json\/wp\/v2\/types\/post"}],"author":[{"embeddable":true,"href":"https:\/\/newsinfoco.com.br\/inicio\/wp-json\/wp\/v2\/users\/1"}],"replies":[{"embeddable":true,"href":"https:\/\/newsinfoco.com.br\/inicio\/wp-json\/wp\/v2\/comments?post=48622"}],"version-history":[{"count":1,"href":"https:\/\/newsinfoco.com.br\/inicio\/wp-json\/wp\/v2\/posts\/48622\/revisions"}],"predecessor-version":[{"id":48624,"href":"https:\/\/newsinfoco.com.br\/inicio\/wp-json\/wp\/v2\/posts\/48622\/revisions\/48624"}],"wp:featuredmedia":[{"embeddable":true,"href":"https:\/\/newsinfoco.com.br\/inicio\/wp-json\/wp\/v2\/media\/48623"}],"wp:attachment":[{"href":"https:\/\/newsinfoco.com.br\/inicio\/wp-json\/wp\/v2\/media?parent=48622"}],"wp:term":[{"taxonomy":"category","embeddable":true,"href":"https:\/\/newsinfoco.com.br\/inicio\/wp-json\/wp\/v2\/categories?post=48622"},{"taxonomy":"post_tag","embeddable":true,"href":"https:\/\/newsinfoco.com.br\/inicio\/wp-json\/wp\/v2\/tags?post=48622"}],"curies":[{"name":"wp","href":"https:\/\/api.w.org\/{rel}","templated":true}]}}