{"id":48625,"date":"2026-01-13T22:06:48","date_gmt":"2026-01-14T01:06:48","guid":{"rendered":"https:\/\/newsinfoco.com.br\/inicio\/?p=48625"},"modified":"2026-01-13T22:06:48","modified_gmt":"2026-01-14T01:06:48","slug":"prefeitura-de-alagoinhas-conclui-pavimentacao-de-ruas-no-parque-morada-do-sol","status":"publish","type":"post","link":"https:\/\/newsinfoco.com.br\/inicio\/prefeitura-de-alagoinhas-conclui-pavimentacao-de-ruas-no-parque-morada-do-sol\/","title":{"rendered":"Prefeitura de Alagoinhas conclui pavimenta\u00e7\u00e3o de ruas no Parque Morada do Sol"},"content":{"rendered":"<p>A Prefeitura de Alagoinhas concluiu, nesta ter\u00e7a-feira, 13, a obra de pavimenta\u00e7\u00e3o de ruas no Parque Morada do Sol, na regi\u00e3o da Rua do Catu. Os trabalhos tiveram in\u00edcio na \u00faltima sexta-feira, 9, e contemplaram nove vias transversais, totalizando 652 metros de pavimenta\u00e7\u00e3o asf\u00e1ltica.<\/p>\n<p>As interven\u00e7\u00f5es foram realizadas com a aplica\u00e7\u00e3o de asfalto quente, do tipo CBUQ (Concreto Betuminoso Usinado a Quente), material reconhecido por sua durabilidade e resist\u00eancia. De acordo com Anderson Fabiano, encarregado de laborat\u00f3rio da empresa respons\u00e1vel pela execu\u00e7\u00e3o da obra, todas as etapas t\u00e9cnicas necess\u00e1rias foram cumpridas. \u201cEm todas as vias foram feitos os trabalhos de execu\u00e7\u00e3o do subleito, de base, a imprima\u00e7\u00e3o do solo, pintura de liga\u00e7\u00e3o e a aplica\u00e7\u00e3o do asfalto\u201d, explicou.<\/p><div class=\"newsi-conteudo_19\" id=\"newsi-3213024881\"><a href=\"https:\/\/www.instagram.com\/prefeituraalagoinhas?igsh=YzgzdDJ1bWR3aWI4\" aria-label=\"SAVE_20251006_221555\"><img loading=\"lazy\" decoding=\"async\" src=\"https:\/\/newsinfoco.com.br\/inicio\/wp-content\/uploads\/2025\/10\/SAVE_20251006_221555-rotated.jpg\" alt=\"\"  srcset=\"https:\/\/newsinfoco.com.br\/inicio\/wp-content\/uploads\/2025\/10\/SAVE_20251006_221555-rotated.jpg 1140w, https:\/\/newsinfoco.com.br\/inicio\/wp-content\/uploads\/2025\/10\/SAVE_20251006_221555-300x52.jpg 300w, https:\/\/newsinfoco.com.br\/inicio\/wp-content\/uploads\/2025\/10\/SAVE_20251006_221555-1024x177.jpg 1024w, https:\/\/newsinfoco.com.br\/inicio\/wp-content\/uploads\/2025\/10\/SAVE_20251006_221555-768x133.jpg 768w, https:\/\/newsinfoco.com.br\/inicio\/wp-content\/uploads\/2025\/10\/SAVE_20251006_221555-600x104.jpg 600w, https:\/\/newsinfoco.com.br\/inicio\/wp-content\/uploads\/2025\/10\/SAVE_20251006_221555-696x120.jpg 696w, https:\/\/newsinfoco.com.br\/inicio\/wp-content\/uploads\/2025\/10\/SAVE_20251006_221555-1068x185.jpg 1068w\" sizes=\"(max-width: 1140px) 100vw, 1140px\" width=\"1140\" height=\"197\"   \/><\/a><\/div>\n<p>Foram pavimentadas as travessas das Rosas, do Jasmim, Girassol, das Orqu\u00eddeas, das Margaridas, das Hort\u00eansias, dos L\u00edrios, al\u00e9m da travessa Inferior Rua B e da Inferior N\u00famero 2.<\/p>\n<p>Para os moradores, a obra representa uma melhoria significativa na qualidade de vida. A pedagoga M\u00e1rcia Suely, que reside no local h\u00e1 mais de 15 anos, destaca que a pavimenta\u00e7\u00e3o era um desejo antigo da comunidade. \u201cFoi um ganho muito grande para n\u00f3s. Era uma poeira intensa antes. Em pouco tempo de gest\u00e3o, j\u00e1 foi feito algo que j\u00e1 ansi\u00e1vamos h\u00e1 muito tempo\u201d, afirmou.<\/p>\n<p>O prefeito Gustavo Carmo acompanhou a conclus\u00e3o dos servi\u00e7os e ressaltou a import\u00e2ncia da obra para a mobilidade urbana e o bem-estar da popula\u00e7\u00e3o. \u201cFicamos muito felizes com a rea\u00e7\u00e3o positiva dos moradores e satisfeitos com os avan\u00e7os que temos conquistado desde janeiro. A pavimenta\u00e7\u00e3o dessas transversais garante mais dignidade, seguran\u00e7a e valoriza\u00e7\u00e3o dos bairros. Nosso compromisso \u00e9 continuar levando esse tipo de interven\u00e7\u00e3o para outras regi\u00f5es da cidade, atendendo demandas da popula\u00e7\u00e3o\u201d, declarou o prefeito.<\/p>\n<p><a class=\"group1 cboxElement\" href=\"https:\/\/www.alagoinhas.ba.gov.br\/wp-content\/uploads\/2026\/01\/WhatsApp-Image-2026-01-13-at-13.55.14-1.jpeg\"><img loading=\"lazy\" decoding=\"async\" class=\"aligncenter size-full wp-image-86490\" src=\"https:\/\/www.alagoinhas.ba.gov.br\/wp-content\/uploads\/2026\/01\/WhatsApp-Image-2026-01-13-at-13.55.14-1.jpeg\" sizes=\"auto, (max-width: 1399px) 100vw, 1399px\" srcset=\"https:\/\/www.alagoinhas.ba.gov.br\/wp-content\/uploads\/2026\/01\/WhatsApp-Image-2026-01-13-at-13.55.14-1.jpeg 1399w, https:\/\/www.alagoinhas.ba.gov.br\/wp-content\/uploads\/2026\/01\/WhatsApp-Image-2026-01-13-at-13.55.14-1-300x200.jpeg 300w, https:\/\/www.alagoinhas.ba.gov.br\/wp-content\/uploads\/2026\/01\/WhatsApp-Image-2026-01-13-at-13.55.14-1-768x512.jpeg 768w, https:\/\/www.alagoinhas.ba.gov.br\/wp-content\/uploads\/2026\/01\/WhatsApp-Image-2026-01-13-at-13.55.14-1-1024x682.jpeg 1024w, https:\/\/www.alagoinhas.ba.gov.br\/wp-content\/uploads\/2026\/01\/WhatsApp-Image-2026-01-13-at-13.55.14-1-24x16.jpeg 24w\" alt=\"\" width=\"1399\" height=\"932\" \/><\/a><\/p>\n<p><a class=\"group1 cboxElement\" href=\"https:\/\/www.alagoinhas.ba.gov.br\/wp-content\/uploads\/2026\/01\/WhatsApp-Image-2026-01-13-at-14.13.29.jpeg\"><img loading=\"lazy\" decoding=\"async\" class=\"aligncenter size-full wp-image-86492\" src=\"https:\/\/www.alagoinhas.ba.gov.br\/wp-content\/uploads\/2026\/01\/WhatsApp-Image-2026-01-13-at-14.13.29.jpeg\" sizes=\"auto, (max-width: 1549px) 100vw, 1549px\" srcset=\"https:\/\/www.alagoinhas.ba.gov.br\/wp-content\/uploads\/2026\/01\/WhatsApp-Image-2026-01-13-at-14.13.29.jpeg 1549w, https:\/\/www.alagoinhas.ba.gov.br\/wp-content\/uploads\/2026\/01\/WhatsApp-Image-2026-01-13-at-14.13.29-300x190.jpeg 300w, https:\/\/www.alagoinhas.ba.gov.br\/wp-content\/uploads\/2026\/01\/WhatsApp-Image-2026-01-13-at-14.13.29-768x486.jpeg 768w, https:\/\/www.alagoinhas.ba.gov.br\/wp-content\/uploads\/2026\/01\/WhatsApp-Image-2026-01-13-at-14.13.29-1024x648.jpeg 1024w, https:\/\/www.alagoinhas.ba.gov.br\/wp-content\/uploads\/2026\/01\/WhatsApp-Image-2026-01-13-at-14.13.29-24x15.jpeg 24w\" alt=\"\" width=\"1549\" height=\"980\" \/><\/a><\/p>\n<div class='share-to-whatsapp-wrapper'><div class='share-on-whsp'>Share on: <\/div><a data-text='Prefeitura de Alagoinhas conclui pavimenta\u00e7\u00e3o de ruas no Parque Morada do Sol' data-link='https:\/\/newsinfoco.com.br\/inicio\/prefeitura-de-alagoinhas-conclui-pavimentacao-de-ruas-no-parque-morada-do-sol\/' class='whatsapp-button whatsapp-share'>WhatsApp<\/a><div class='clear '><\/div><\/div>","protected":false},"excerpt":{"rendered":"<p>A Prefeitura de Alagoinhas concluiu, nesta ter\u00e7a-feira, 13, a obra de pavimenta\u00e7\u00e3o de ruas no Parque Morada do Sol, na regi\u00e3o da Rua do Catu. Os trabalhos tiveram in\u00edcio na \u00faltima sexta-feira, 9, e contemplaram nove vias transversais, totalizando 652 metros de pavimenta\u00e7\u00e3o asf\u00e1ltica. As interven\u00e7\u00f5es foram realizadas com a aplica\u00e7\u00e3o de asfalto quente, do [&hellip;]<\/p>\n","protected":false},"author":1,"featured_media":48626,"comment_status":"closed","ping_status":"closed","sticky":false,"template":"","format":"standard","meta":{"om_disable_all_campaigns":false,"_exactmetrics_skip_tracking":false,"_exactmetrics_sitenote_active":false,"_exactmetrics_sitenote_note":"","_exactmetrics_sitenote_category":0,"footnotes":""},"categories":[38,167],"tags":[],"class_list":["post-48625","post","type-post","status-publish","format-standard","has-post-thumbnail","hentry","category-alagoinhas-e-regiao","category-exclusivas"],"aioseo_notices":[],"_links":{"self":[{"href":"https:\/\/newsinfoco.com.br\/inicio\/wp-json\/wp\/v2\/posts\/48625","targetHints":{"allow":["GET"]}}],"collection":[{"href":"https:\/\/newsinfoco.com.br\/inicio\/wp-json\/wp\/v2\/posts"}],"about":[{"href":"https:\/\/newsinfoco.com.br\/inicio\/wp-json\/wp\/v2\/types\/post"}],"author":[{"embeddable":true,"href":"https:\/\/newsinfoco.com.br\/inicio\/wp-json\/wp\/v2\/users\/1"}],"replies":[{"embeddable":true,"href":"https:\/\/newsinfoco.com.br\/inicio\/wp-json\/wp\/v2\/comments?post=48625"}],"version-history":[{"count":1,"href":"https:\/\/newsinfoco.com.br\/inicio\/wp-json\/wp\/v2\/posts\/48625\/revisions"}],"predecessor-version":[{"id":48627,"href":"https:\/\/newsinfoco.com.br\/inicio\/wp-json\/wp\/v2\/posts\/48625\/revisions\/48627"}],"wp:featuredmedia":[{"embeddable":true,"href":"https:\/\/newsinfoco.com.br\/inicio\/wp-json\/wp\/v2\/media\/48626"}],"wp:attachment":[{"href":"https:\/\/newsinfoco.com.br\/inicio\/wp-json\/wp\/v2\/media?parent=48625"}],"wp:term":[{"taxonomy":"category","embeddable":true,"href":"https:\/\/newsinfoco.com.br\/inicio\/wp-json\/wp\/v2\/categories?post=48625"},{"taxonomy":"post_tag","embeddable":true,"href":"https:\/\/newsinfoco.com.br\/inicio\/wp-json\/wp\/v2\/tags?post=48625"}],"curies":[{"name":"wp","href":"https:\/\/api.w.org\/{rel}","templated":true}]}}