{"id":48629,"date":"2026-01-19T20:21:23","date_gmt":"2026-01-19T23:21:23","guid":{"rendered":"https:\/\/newsinfoco.com.br\/inicio\/?p=48629"},"modified":"2026-01-19T20:21:23","modified_gmt":"2026-01-19T23:21:23","slug":"guarda-civil-municipal-inicia-curso-de-armamento-e-tiro-com-foco-na-qualificacao-profissional","status":"publish","type":"post","link":"https:\/\/newsinfoco.com.br\/inicio\/guarda-civil-municipal-inicia-curso-de-armamento-e-tiro-com-foco-na-qualificacao-profissional\/","title":{"rendered":"Guarda Civil Municipal inicia curso de Armamento e Tiro com foco na qualifica\u00e7\u00e3o profissional"},"content":{"rendered":"<p>Come\u00e7ou nesta segunda-feira, 19, o curso de forma\u00e7\u00e3o em Armamento e Tiro destinado aos agentes da Guarda Civil Municipal (GCM) de Alagoinhas. A capacita\u00e7\u00e3o acontece no Sindicato dos Comerci\u00e1rios e integra o conte\u00fado do curso de forma\u00e7\u00e3o da corpora\u00e7\u00e3o, com carga hor\u00e1ria total de 80 horas, divididas entre atividades te\u00f3ricas e pr\u00e1ticas, a fim de alcan\u00e7ar aprimoramento t\u00e9cnico e operacional da GCM, garantindo uma atua\u00e7\u00e3o cada vez mais preparada e segura.<\/p>\n<p>O curso est\u00e1 sendo ministrado pelo instrutor Classe Distinta da Guarda Civil Municipal de Salvador, Samuel Rodrigues, e tem com o respaldo da Pol\u00edcia Federal. De acordo com o instrutor, a capacita\u00e7\u00e3o tem como objetivo aprofundar os conhecimentos adquiridos anteriormente pelos agentes. \u201cO curso ter\u00e1 foco na parte t\u00e9cnica e t\u00e1tica, para relembrar tudo o que foi ensinado no curso de forma\u00e7\u00e3o, dando um salto maior em rela\u00e7\u00e3o ao que foi apresentado inicialmente\u201d, explica Samuel.<\/p><div class=\"newsi-conteudo_19\" id=\"newsi-3671634205\"><a href=\"https:\/\/www.instagram.com\/prefeituraalagoinhas?igsh=YzgzdDJ1bWR3aWI4\" aria-label=\"SAVE_20251006_221555\"><img loading=\"lazy\" decoding=\"async\" src=\"https:\/\/newsinfoco.com.br\/inicio\/wp-content\/uploads\/2025\/10\/SAVE_20251006_221555-rotated.jpg\" alt=\"\"  srcset=\"https:\/\/newsinfoco.com.br\/inicio\/wp-content\/uploads\/2025\/10\/SAVE_20251006_221555-rotated.jpg 1140w, https:\/\/newsinfoco.com.br\/inicio\/wp-content\/uploads\/2025\/10\/SAVE_20251006_221555-300x52.jpg 300w, https:\/\/newsinfoco.com.br\/inicio\/wp-content\/uploads\/2025\/10\/SAVE_20251006_221555-1024x177.jpg 1024w, https:\/\/newsinfoco.com.br\/inicio\/wp-content\/uploads\/2025\/10\/SAVE_20251006_221555-768x133.jpg 768w, https:\/\/newsinfoco.com.br\/inicio\/wp-content\/uploads\/2025\/10\/SAVE_20251006_221555-600x104.jpg 600w, https:\/\/newsinfoco.com.br\/inicio\/wp-content\/uploads\/2025\/10\/SAVE_20251006_221555-696x120.jpg 696w, https:\/\/newsinfoco.com.br\/inicio\/wp-content\/uploads\/2025\/10\/SAVE_20251006_221555-1068x185.jpg 1068w\" sizes=\"(max-width: 1140px) 100vw, 1140px\" width=\"1140\" height=\"197\"   \/><\/a><\/div>\n<p>Para o secret\u00e1rio Hilton Ribeiro, investir na qualifica\u00e7\u00e3o dos agentes \u00e9 uma prioridade da gest\u00e3o. \u201cA Guarda Civil \u00e9 essencial em toda a estrutura funcional do munic\u00edpio e tem todo o apre\u00e7o do prefeito Gustavo Carmo, que tamb\u00e9m deseja o aprimoramento dessa institui\u00e7\u00e3o. Nosso objetivo \u00e9 qualificar a atua\u00e7\u00e3o de todos os guardas, para que possam defender sua pr\u00f3pria vida, a do colega e proteger efetivamente a sociedade\u201d, destaca o secret\u00e1rio.<\/p>\n<p>A comandante da GCM de Alagoinhas, Silv\u00e2nia Soares, ressalta a import\u00e2ncia do preparo cont\u00ednuo da corpora\u00e7\u00e3o. \u201cEsse curso \u00e9 fundamental para que a Guarda Civil esteja plenamente preparada para utilizar o armamento da institui\u00e7\u00e3o com responsabilidade, t\u00e9cnica e seguran\u00e7a. A capacita\u00e7\u00e3o permanente fortalece a atua\u00e7\u00e3o dos agentes, amplia a confian\u00e7a da popula\u00e7\u00e3o e contribui diretamente para a oferta de um servi\u00e7o mais eficiente, profissional e comprometido com a prote\u00e7\u00e3o da cidade e dos cidad\u00e3os\u201d, afirma.<\/p>\n<p><a class=\"group1 cboxElement\" href=\"https:\/\/www.alagoinhas.ba.gov.br\/wp-content\/uploads\/2026\/01\/WhatsApp-Image-2026-01-19-at-09.52.18.jpeg\"><img loading=\"lazy\" decoding=\"async\" class=\"aligncenter size-full wp-image-86567\" src=\"https:\/\/www.alagoinhas.ba.gov.br\/wp-content\/uploads\/2026\/01\/WhatsApp-Image-2026-01-19-at-09.52.18.jpeg\" sizes=\"auto, (max-width: 1600px) 100vw, 1600px\" srcset=\"https:\/\/www.alagoinhas.ba.gov.br\/wp-content\/uploads\/2026\/01\/WhatsApp-Image-2026-01-19-at-09.52.18.jpeg 1600w, https:\/\/www.alagoinhas.ba.gov.br\/wp-content\/uploads\/2026\/01\/WhatsApp-Image-2026-01-19-at-09.52.18-300x200.jpeg 300w, https:\/\/www.alagoinhas.ba.gov.br\/wp-content\/uploads\/2026\/01\/WhatsApp-Image-2026-01-19-at-09.52.18-768x512.jpeg 768w, https:\/\/www.alagoinhas.ba.gov.br\/wp-content\/uploads\/2026\/01\/WhatsApp-Image-2026-01-19-at-09.52.18-1024x682.jpeg 1024w, https:\/\/www.alagoinhas.ba.gov.br\/wp-content\/uploads\/2026\/01\/WhatsApp-Image-2026-01-19-at-09.52.18-24x16.jpeg 24w\" alt=\"\" width=\"1600\" height=\"1066\" \/><\/a><\/p>\n<p><a class=\"group1 cboxElement\" href=\"https:\/\/www.alagoinhas.ba.gov.br\/wp-content\/uploads\/2026\/01\/WhatsApp-Image-2026-01-19-at-09.53.39.jpeg\"><img loading=\"lazy\" decoding=\"async\" class=\"aligncenter size-full wp-image-86565\" src=\"https:\/\/www.alagoinhas.ba.gov.br\/wp-content\/uploads\/2026\/01\/WhatsApp-Image-2026-01-19-at-09.53.39.jpeg\" sizes=\"auto, (max-width: 1600px) 100vw, 1600px\" srcset=\"https:\/\/www.alagoinhas.ba.gov.br\/wp-content\/uploads\/2026\/01\/WhatsApp-Image-2026-01-19-at-09.53.39.jpeg 1600w, https:\/\/www.alagoinhas.ba.gov.br\/wp-content\/uploads\/2026\/01\/WhatsApp-Image-2026-01-19-at-09.53.39-300x200.jpeg 300w, https:\/\/www.alagoinhas.ba.gov.br\/wp-content\/uploads\/2026\/01\/WhatsApp-Image-2026-01-19-at-09.53.39-768x512.jpeg 768w, https:\/\/www.alagoinhas.ba.gov.br\/wp-content\/uploads\/2026\/01\/WhatsApp-Image-2026-01-19-at-09.53.39-1024x682.jpeg 1024w, https:\/\/www.alagoinhas.ba.gov.br\/wp-content\/uploads\/2026\/01\/WhatsApp-Image-2026-01-19-at-09.53.39-24x16.jpeg 24w\" alt=\"\" width=\"1600\" height=\"1066\" \/><\/a><\/p>\n<h5><strong>Fotos: Roberto Fonseca\/Secom\/Alagoinhas<\/strong><\/h5>\n<div align=\"right\"><\/div>\n<div class='share-to-whatsapp-wrapper'><div class='share-on-whsp'>Share on: <\/div><a data-text='Guarda Civil Municipal inicia curso de Armamento e Tiro com foco na qualifica\u00e7\u00e3o profissional' data-link='https:\/\/newsinfoco.com.br\/inicio\/guarda-civil-municipal-inicia-curso-de-armamento-e-tiro-com-foco-na-qualificacao-profissional\/' class='whatsapp-button whatsapp-share'>WhatsApp<\/a><div class='clear '><\/div><\/div>","protected":false},"excerpt":{"rendered":"<p>Come\u00e7ou nesta segunda-feira, 19, o curso de forma\u00e7\u00e3o em Armamento e Tiro destinado aos agentes da Guarda Civil Municipal (GCM) de Alagoinhas. A capacita\u00e7\u00e3o acontece no Sindicato dos Comerci\u00e1rios e integra o conte\u00fado do curso de forma\u00e7\u00e3o da corpora\u00e7\u00e3o, com carga hor\u00e1ria total de 80 horas, divididas entre atividades te\u00f3ricas e pr\u00e1ticas, a fim de [&hellip;]<\/p>\n","protected":false},"author":1,"featured_media":48630,"comment_status":"closed","ping_status":"closed","sticky":false,"template":"","format":"standard","meta":{"om_disable_all_campaigns":false,"_exactmetrics_skip_tracking":false,"_exactmetrics_sitenote_active":false,"_exactmetrics_sitenote_note":"","_exactmetrics_sitenote_category":0,"footnotes":""},"categories":[38,30],"tags":[],"class_list":["post-48629","post","type-post","status-publish","format-standard","has-post-thumbnail","hentry","category-alagoinhas-e-regiao","category-destaque"],"aioseo_notices":[],"_links":{"self":[{"href":"https:\/\/newsinfoco.com.br\/inicio\/wp-json\/wp\/v2\/posts\/48629","targetHints":{"allow":["GET"]}}],"collection":[{"href":"https:\/\/newsinfoco.com.br\/inicio\/wp-json\/wp\/v2\/posts"}],"about":[{"href":"https:\/\/newsinfoco.com.br\/inicio\/wp-json\/wp\/v2\/types\/post"}],"author":[{"embeddable":true,"href":"https:\/\/newsinfoco.com.br\/inicio\/wp-json\/wp\/v2\/users\/1"}],"replies":[{"embeddable":true,"href":"https:\/\/newsinfoco.com.br\/inicio\/wp-json\/wp\/v2\/comments?post=48629"}],"version-history":[{"count":1,"href":"https:\/\/newsinfoco.com.br\/inicio\/wp-json\/wp\/v2\/posts\/48629\/revisions"}],"predecessor-version":[{"id":48631,"href":"https:\/\/newsinfoco.com.br\/inicio\/wp-json\/wp\/v2\/posts\/48629\/revisions\/48631"}],"wp:featuredmedia":[{"embeddable":true,"href":"https:\/\/newsinfoco.com.br\/inicio\/wp-json\/wp\/v2\/media\/48630"}],"wp:attachment":[{"href":"https:\/\/newsinfoco.com.br\/inicio\/wp-json\/wp\/v2\/media?parent=48629"}],"wp:term":[{"taxonomy":"category","embeddable":true,"href":"https:\/\/newsinfoco.com.br\/inicio\/wp-json\/wp\/v2\/categories?post=48629"},{"taxonomy":"post_tag","embeddable":true,"href":"https:\/\/newsinfoco.com.br\/inicio\/wp-json\/wp\/v2\/tags?post=48629"}],"curies":[{"name":"wp","href":"https:\/\/api.w.org\/{rel}","templated":true}]}}