{"id":48632,"date":"2026-01-19T20:22:46","date_gmt":"2026-01-19T23:22:46","guid":{"rendered":"https:\/\/newsinfoco.com.br\/inicio\/?p=48632"},"modified":"2026-01-19T20:23:50","modified_gmt":"2026-01-19T23:23:50","slug":"alagoinhas-investe-em-educacao-de-tempo-integral-para-beneficiar-estudantes-e-familias","status":"publish","type":"post","link":"https:\/\/newsinfoco.com.br\/inicio\/alagoinhas-investe-em-educacao-de-tempo-integral-para-beneficiar-estudantes-e-familias\/","title":{"rendered":"Alagoinhas investe em educa\u00e7\u00e3o de tempo integral para beneficiar estudantes e fam\u00edlias"},"content":{"rendered":"<p>A partir da iniciativa da cria\u00e7\u00e3o da Escola do Campo, a Prefeitura de Alagoinhas ampliou a oferta da educa\u00e7\u00e3o em tempo integral, principalmente, para crian\u00e7as da zona rural. Esta modalidade de ensino tem se consolidado como um pilar para a transforma\u00e7\u00e3o da educa\u00e7\u00e3o.<\/p>\n<p>Um dos benef\u00edcios centrais da educa\u00e7\u00e3o integral \u00e9 a melhoria da qualidade da aprendizagem. \u201cO tempo estendido na escola possibilita a aplica\u00e7\u00e3o de abordagens pedag\u00f3gicas mais ricas e diversificadas, com espa\u00e7os ampliados para aulas, projetos investigativos e interdisciplinares com discuss\u00f5es e a amplia\u00e7\u00e3o dos saberes. Tudo isso contribui para a recomposi\u00e7\u00e3o das aprendizagens nas diversas \u00e1reas e o sucesso do fazer pedag\u00f3gico\u201d, explica a secret\u00e1ria de Educa\u00e7\u00e3o de Alagoinhas, Rita Bastos.<\/p><div class=\"newsi-conteudo_19\" id=\"newsi-1203487543\"><a href=\"https:\/\/www.instagram.com\/prefeituraalagoinhas?igsh=YzgzdDJ1bWR3aWI4\" aria-label=\"SAVE_20251006_221555\"><img loading=\"lazy\" decoding=\"async\" src=\"https:\/\/newsinfoco.com.br\/inicio\/wp-content\/uploads\/2025\/10\/SAVE_20251006_221555-rotated.jpg\" alt=\"\"  srcset=\"https:\/\/newsinfoco.com.br\/inicio\/wp-content\/uploads\/2025\/10\/SAVE_20251006_221555-rotated.jpg 1140w, https:\/\/newsinfoco.com.br\/inicio\/wp-content\/uploads\/2025\/10\/SAVE_20251006_221555-300x52.jpg 300w, https:\/\/newsinfoco.com.br\/inicio\/wp-content\/uploads\/2025\/10\/SAVE_20251006_221555-1024x177.jpg 1024w, https:\/\/newsinfoco.com.br\/inicio\/wp-content\/uploads\/2025\/10\/SAVE_20251006_221555-768x133.jpg 768w, https:\/\/newsinfoco.com.br\/inicio\/wp-content\/uploads\/2025\/10\/SAVE_20251006_221555-600x104.jpg 600w, https:\/\/newsinfoco.com.br\/inicio\/wp-content\/uploads\/2025\/10\/SAVE_20251006_221555-696x120.jpg 696w, https:\/\/newsinfoco.com.br\/inicio\/wp-content\/uploads\/2025\/10\/SAVE_20251006_221555-1068x185.jpg 1068w\" sizes=\"(max-width: 1140px) 100vw, 1140px\" width=\"1140\" height=\"197\"   \/><\/a><\/div>\n<p>A amplia\u00e7\u00e3o do tempo pedag\u00f3gico possibilita, por exemplo, um trabalho com as diversas linguagens art\u00edsticas e culturais, como a capoeira que fortalece os la\u00e7os com a ancestralidade e o sentido de pertencimento.<\/p>\n<p>\u201cManter as crian\u00e7as mais tempo na escola tamb\u00e9m reduz os custos das fam\u00edlias com alimenta\u00e7\u00e3o \u2013 j\u00e1 que os estudantes passam a ter tr\u00eas refei\u00e7\u00f5es di\u00e1rias \u2013 e permite que os pais tenham mais tranquilidade para realizar suas atividades profissionais, enquanto os filhos permanecem em um local seguro e educativo durante todo o dia\u201d, comenta Anne Nascimento, diretora de Desenvolvimento e Gest\u00e3o Escolar do munic\u00edpio.<\/p>\n<p>O ensino integral tamb\u00e9m promove o desenvolvimento de habilidades socioemocionais das crian\u00e7as, que passam a interagir mais com outros colegas e professores, em um ambiente mais extenso e adequado para o est\u00edmulo \u00e0 capacidade de trabalho em equipe, empatia, respeito, resolu\u00e7\u00e3o de conflitos, autoconhecimento, autorregula\u00e7\u00e3o e resili\u00eancia. O acesso ampliado a atividades culturais e esportivas, como oficinas de arte, m\u00fasica, teatro e dan\u00e7a, estimula a criatividade e promove um estilo de vida ativo e saud\u00e1vel.<\/p>\n<p><strong>Redu\u00e7\u00e3o da evas\u00e3o<\/strong><\/p>\n<p>Investir no ensino em tempo integral tamb\u00e9m \u00e9 contribuir para reduzir a evas\u00e3o escolar, pois um ambiente acolhedor, com proposta pedag\u00f3gica rica, atividades diversas e suporte personalizado torna a escola mais atraente, mant\u00e9m os estudantes engajados e reduz as chances de abandono.<\/p>\n<p>\u201cCom mais tempo de conviv\u00eancia com as crian\u00e7as, os professores passam a conhecer suas necessidades individuais e estilos de aprendizagem, e a oferecer um apoio pedag\u00f3gico mais direcionado, principalmente, para estudantes com defici\u00eancia ou que necessitam de aten\u00e7\u00e3o extra\u201d, diz a secret\u00e1ria Rita Bastos.<\/p>\n<div class='share-to-whatsapp-wrapper'><div class='share-on-whsp'>Share on: <\/div><a data-text='Alagoinhas investe em educa\u00e7\u00e3o de tempo integral para beneficiar estudantes e fam\u00edlias' data-link='https:\/\/newsinfoco.com.br\/inicio\/alagoinhas-investe-em-educacao-de-tempo-integral-para-beneficiar-estudantes-e-familias\/' class='whatsapp-button whatsapp-share'>WhatsApp<\/a><div class='clear '><\/div><\/div>","protected":false},"excerpt":{"rendered":"<p>A partir da iniciativa da cria\u00e7\u00e3o da Escola do Campo, a Prefeitura de Alagoinhas ampliou a oferta da educa\u00e7\u00e3o em tempo integral, principalmente, para crian\u00e7as da zona rural. Esta modalidade de ensino tem se consolidado como um pilar para a transforma\u00e7\u00e3o da educa\u00e7\u00e3o. Um dos benef\u00edcios centrais da educa\u00e7\u00e3o integral \u00e9 a melhoria da qualidade [&hellip;]<\/p>\n","protected":false},"author":1,"featured_media":48634,"comment_status":"closed","ping_status":"closed","sticky":false,"template":"","format":"standard","meta":{"om_disable_all_campaigns":false,"_exactmetrics_skip_tracking":false,"_exactmetrics_sitenote_active":false,"_exactmetrics_sitenote_note":"","_exactmetrics_sitenote_category":0,"footnotes":""},"categories":[38,30,167],"tags":[],"class_list":["post-48632","post","type-post","status-publish","format-standard","has-post-thumbnail","hentry","category-alagoinhas-e-regiao","category-destaque","category-exclusivas"],"aioseo_notices":[],"_links":{"self":[{"href":"https:\/\/newsinfoco.com.br\/inicio\/wp-json\/wp\/v2\/posts\/48632","targetHints":{"allow":["GET"]}}],"collection":[{"href":"https:\/\/newsinfoco.com.br\/inicio\/wp-json\/wp\/v2\/posts"}],"about":[{"href":"https:\/\/newsinfoco.com.br\/inicio\/wp-json\/wp\/v2\/types\/post"}],"author":[{"embeddable":true,"href":"https:\/\/newsinfoco.com.br\/inicio\/wp-json\/wp\/v2\/users\/1"}],"replies":[{"embeddable":true,"href":"https:\/\/newsinfoco.com.br\/inicio\/wp-json\/wp\/v2\/comments?post=48632"}],"version-history":[{"count":1,"href":"https:\/\/newsinfoco.com.br\/inicio\/wp-json\/wp\/v2\/posts\/48632\/revisions"}],"predecessor-version":[{"id":48633,"href":"https:\/\/newsinfoco.com.br\/inicio\/wp-json\/wp\/v2\/posts\/48632\/revisions\/48633"}],"wp:featuredmedia":[{"embeddable":true,"href":"https:\/\/newsinfoco.com.br\/inicio\/wp-json\/wp\/v2\/media\/48634"}],"wp:attachment":[{"href":"https:\/\/newsinfoco.com.br\/inicio\/wp-json\/wp\/v2\/media?parent=48632"}],"wp:term":[{"taxonomy":"category","embeddable":true,"href":"https:\/\/newsinfoco.com.br\/inicio\/wp-json\/wp\/v2\/categories?post=48632"},{"taxonomy":"post_tag","embeddable":true,"href":"https:\/\/newsinfoco.com.br\/inicio\/wp-json\/wp\/v2\/tags?post=48632"}],"curies":[{"name":"wp","href":"https:\/\/api.w.org\/{rel}","templated":true}]}}