{"id":48635,"date":"2026-01-21T22:32:04","date_gmt":"2026-01-22T01:32:04","guid":{"rendered":"https:\/\/newsinfoco.com.br\/inicio\/?p=48635"},"modified":"2026-01-21T22:32:04","modified_gmt":"2026-01-22T01:32:04","slug":"alagoinhas-prorroga-vacinacao-contra-hpv-para-jovens-de-ate-19-anos","status":"publish","type":"post","link":"https:\/\/newsinfoco.com.br\/inicio\/alagoinhas-prorroga-vacinacao-contra-hpv-para-jovens-de-ate-19-anos\/","title":{"rendered":"Alagoinhas prorroga vacina\u00e7\u00e3o contra HPV para jovens de at\u00e9 19 anos"},"content":{"rendered":"<p>A Secretaria Municipal de Sa\u00fade de Alagoinhas prorrogou campanha de vacina\u00e7\u00e3o contra o Papilomav\u00edrus Humano (HPV) at\u00e9 junho de 2026. A medida busca ampliar a cobertura vacinal de adolescentes na faixa et\u00e1ria de 15 a 19 anos que n\u00e3o receberam o imunizante na idade preconizada pelo Minist\u00e9rio da Sa\u00fade.<\/p>\n<p>&nbsp;<\/p>\n<p>A vacina, que previne diversos tipos de c\u00e2ncer e outras doen\u00e7as sexualmente transmiss\u00edveis, continua dispon\u00edvel no calend\u00e1rio de rotina para crian\u00e7as e adolescentes de 9 a 14 anos, de ambos os sexos.<\/p><div class=\"newsi-conteudo_19\" id=\"newsi-800449908\"><a href=\"https:\/\/www.instagram.com\/prefeituraalagoinhas?igsh=YzgzdDJ1bWR3aWI4\" aria-label=\"SAVE_20251006_221555\"><img loading=\"lazy\" decoding=\"async\" src=\"https:\/\/newsinfoco.com.br\/inicio\/wp-content\/uploads\/2025\/10\/SAVE_20251006_221555-rotated.jpg\" alt=\"\"  srcset=\"https:\/\/newsinfoco.com.br\/inicio\/wp-content\/uploads\/2025\/10\/SAVE_20251006_221555-rotated.jpg 1140w, https:\/\/newsinfoco.com.br\/inicio\/wp-content\/uploads\/2025\/10\/SAVE_20251006_221555-300x52.jpg 300w, https:\/\/newsinfoco.com.br\/inicio\/wp-content\/uploads\/2025\/10\/SAVE_20251006_221555-1024x177.jpg 1024w, https:\/\/newsinfoco.com.br\/inicio\/wp-content\/uploads\/2025\/10\/SAVE_20251006_221555-768x133.jpg 768w, https:\/\/newsinfoco.com.br\/inicio\/wp-content\/uploads\/2025\/10\/SAVE_20251006_221555-600x104.jpg 600w, https:\/\/newsinfoco.com.br\/inicio\/wp-content\/uploads\/2025\/10\/SAVE_20251006_221555-696x120.jpg 696w, https:\/\/newsinfoco.com.br\/inicio\/wp-content\/uploads\/2025\/10\/SAVE_20251006_221555-1068x185.jpg 1068w\" sizes=\"(max-width: 1140px) 100vw, 1140px\" width=\"1140\" height=\"197\"   \/><\/a><\/div>\n<p>&nbsp;<\/p>\n<p>A imuniza\u00e7\u00e3o ocorre em todas as unidades de sa\u00fade do munic\u00edpio, com atendimento nos turnos matutino, das 7h30 \u00e0s 12h, e vespertino, 13h \u00e0s 16h. Para garantir a dose, o jovem deve comparecer \u00e0 unidade acompanhado dos pais ou respons\u00e1veis, portando documento de identidade, CPF e cart\u00e3o de vacina\u00e7\u00e3o.<\/p>\n<p>&nbsp;<\/p>\n<p>A prorroga\u00e7\u00e3o \u00e9 uma oportunidade para que o p\u00fablico jovem atualize seu esquema vacinal e garanta prote\u00e7\u00e3o a longo prazo contra os riscos associados ao v\u00edrus.<\/p>\n<p>&nbsp;<\/p>\n<p><a class=\"group1 cboxElement\" href=\"https:\/\/www.alagoinhas.ba.gov.br\/wp-content\/uploads\/2026\/01\/WhatsApp-Image-2026-01-21-at-10.01.08.jpeg\"><img loading=\"lazy\" decoding=\"async\" class=\"aligncenter size-full wp-image-86597\" src=\"https:\/\/www.alagoinhas.ba.gov.br\/wp-content\/uploads\/2026\/01\/WhatsApp-Image-2026-01-21-at-10.01.08.jpeg\" sizes=\"auto, (max-width: 1080px) 100vw, 1080px\" srcset=\"https:\/\/www.alagoinhas.ba.gov.br\/wp-content\/uploads\/2026\/01\/WhatsApp-Image-2026-01-21-at-10.01.08.jpeg 1080w, https:\/\/www.alagoinhas.ba.gov.br\/wp-content\/uploads\/2026\/01\/WhatsApp-Image-2026-01-21-at-10.01.08-225x300.jpeg 225w, https:\/\/www.alagoinhas.ba.gov.br\/wp-content\/uploads\/2026\/01\/WhatsApp-Image-2026-01-21-at-10.01.08-768x1024.jpeg 768w, https:\/\/www.alagoinhas.ba.gov.br\/wp-content\/uploads\/2026\/01\/WhatsApp-Image-2026-01-21-at-10.01.08-18x24.jpeg 18w\" alt=\"\" width=\"1080\" height=\"1440\" \/><\/a><\/p>\n<div align=\"right\">\n<p>&nbsp;<\/p>\n<\/div>\n<div class='share-to-whatsapp-wrapper'><div class='share-on-whsp'>Share on: <\/div><a data-text='Alagoinhas prorroga vacina\u00e7\u00e3o contra HPV para jovens de at\u00e9 19 anos' data-link='https:\/\/newsinfoco.com.br\/inicio\/alagoinhas-prorroga-vacinacao-contra-hpv-para-jovens-de-ate-19-anos\/' class='whatsapp-button whatsapp-share'>WhatsApp<\/a><div class='clear '><\/div><\/div>","protected":false},"excerpt":{"rendered":"<p>A Secretaria Municipal de Sa\u00fade de Alagoinhas prorrogou campanha de vacina\u00e7\u00e3o contra o Papilomav\u00edrus Humano (HPV) at\u00e9 junho de 2026. A medida busca ampliar a cobertura vacinal de adolescentes na faixa et\u00e1ria de 15 a 19 anos que n\u00e3o receberam o imunizante na idade preconizada pelo Minist\u00e9rio da Sa\u00fade. &nbsp; A vacina, que previne diversos [&hellip;]<\/p>\n","protected":false},"author":1,"featured_media":48636,"comment_status":"closed","ping_status":"closed","sticky":false,"template":"","format":"standard","meta":{"om_disable_all_campaigns":false,"_exactmetrics_skip_tracking":false,"_exactmetrics_sitenote_active":false,"_exactmetrics_sitenote_note":"","_exactmetrics_sitenote_category":0,"footnotes":""},"categories":[38,30,167],"tags":[],"class_list":["post-48635","post","type-post","status-publish","format-standard","has-post-thumbnail","hentry","category-alagoinhas-e-regiao","category-destaque","category-exclusivas"],"aioseo_notices":[],"_links":{"self":[{"href":"https:\/\/newsinfoco.com.br\/inicio\/wp-json\/wp\/v2\/posts\/48635","targetHints":{"allow":["GET"]}}],"collection":[{"href":"https:\/\/newsinfoco.com.br\/inicio\/wp-json\/wp\/v2\/posts"}],"about":[{"href":"https:\/\/newsinfoco.com.br\/inicio\/wp-json\/wp\/v2\/types\/post"}],"author":[{"embeddable":true,"href":"https:\/\/newsinfoco.com.br\/inicio\/wp-json\/wp\/v2\/users\/1"}],"replies":[{"embeddable":true,"href":"https:\/\/newsinfoco.com.br\/inicio\/wp-json\/wp\/v2\/comments?post=48635"}],"version-history":[{"count":2,"href":"https:\/\/newsinfoco.com.br\/inicio\/wp-json\/wp\/v2\/posts\/48635\/revisions"}],"predecessor-version":[{"id":48638,"href":"https:\/\/newsinfoco.com.br\/inicio\/wp-json\/wp\/v2\/posts\/48635\/revisions\/48638"}],"wp:featuredmedia":[{"embeddable":true,"href":"https:\/\/newsinfoco.com.br\/inicio\/wp-json\/wp\/v2\/media\/48636"}],"wp:attachment":[{"href":"https:\/\/newsinfoco.com.br\/inicio\/wp-json\/wp\/v2\/media?parent=48635"}],"wp:term":[{"taxonomy":"category","embeddable":true,"href":"https:\/\/newsinfoco.com.br\/inicio\/wp-json\/wp\/v2\/categories?post=48635"},{"taxonomy":"post_tag","embeddable":true,"href":"https:\/\/newsinfoco.com.br\/inicio\/wp-json\/wp\/v2\/tags?post=48635"}],"curies":[{"name":"wp","href":"https:\/\/api.w.org\/{rel}","templated":true}]}}