{"id":48639,"date":"2026-01-21T22:33:53","date_gmt":"2026-01-22T01:33:53","guid":{"rendered":"https:\/\/newsinfoco.com.br\/inicio\/?p=48639"},"modified":"2026-01-21T22:33:53","modified_gmt":"2026-01-22T01:33:53","slug":"smt-esclarece-criterios-tecnicos-para-implantacao-de-lombadas-em-alagoinhas","status":"publish","type":"post","link":"https:\/\/newsinfoco.com.br\/inicio\/smt-esclarece-criterios-tecnicos-para-implantacao-de-lombadas-em-alagoinhas\/","title":{"rendered":"SMT esclarece crit\u00e9rios t\u00e9cnicos para implanta\u00e7\u00e3o de lombadas em Alagoinhas"},"content":{"rendered":"<p>A Superintend\u00eancia Municipal de Tr\u00e2nsito de Alagoinhas (SMT) divulgou nota t\u00e9cnica para esclarecer \u00e0 popula\u00e7\u00e3o os crit\u00e9rios t\u00e9cnicos, legais e operacionais utilizados na implanta\u00e7\u00e3o de ondula\u00e7\u00f5es transversais (conhecidas popularmente como lombadas), nas vias urbanas do munic\u00edpio.<\/p>\n<p>Segundo o \u00f3rg\u00e3o, a implanta\u00e7\u00e3o das Ondula\u00e7\u00f5es Transversais Tipo B segue rigorosamente o que determina o C\u00f3digo de Tr\u00e2nsito Brasileiro (Lei n\u00ba 9.503\/1997), as resolu\u00e7\u00f5es vigentes do Conselho Nacional de Tr\u00e2nsito (Contran) e os manuais brasileiros de sinaliza\u00e7\u00e3o de tr\u00e2nsito, tanto vertical quanto horizontal.<\/p><div class=\"newsi-conteudo_19\" id=\"newsi-997780482\"><a href=\"https:\/\/www.instagram.com\/prefeituraalagoinhas?igsh=YzgzdDJ1bWR3aWI4\" aria-label=\"SAVE_20251006_221555\"><img loading=\"lazy\" decoding=\"async\" src=\"https:\/\/newsinfoco.com.br\/inicio\/wp-content\/uploads\/2025\/10\/SAVE_20251006_221555-rotated.jpg\" alt=\"\"  srcset=\"https:\/\/newsinfoco.com.br\/inicio\/wp-content\/uploads\/2025\/10\/SAVE_20251006_221555-rotated.jpg 1140w, https:\/\/newsinfoco.com.br\/inicio\/wp-content\/uploads\/2025\/10\/SAVE_20251006_221555-300x52.jpg 300w, https:\/\/newsinfoco.com.br\/inicio\/wp-content\/uploads\/2025\/10\/SAVE_20251006_221555-1024x177.jpg 1024w, https:\/\/newsinfoco.com.br\/inicio\/wp-content\/uploads\/2025\/10\/SAVE_20251006_221555-768x133.jpg 768w, https:\/\/newsinfoco.com.br\/inicio\/wp-content\/uploads\/2025\/10\/SAVE_20251006_221555-600x104.jpg 600w, https:\/\/newsinfoco.com.br\/inicio\/wp-content\/uploads\/2025\/10\/SAVE_20251006_221555-696x120.jpg 696w, https:\/\/newsinfoco.com.br\/inicio\/wp-content\/uploads\/2025\/10\/SAVE_20251006_221555-1068x185.jpg 1068w\" sizes=\"(max-width: 1140px) 100vw, 1140px\" width=\"1140\" height=\"197\"   \/><\/a><\/div>\n<p>As ondula\u00e7\u00f5es transversais s\u00e3o dispositivos f\u00edsicos de modera\u00e7\u00e3o de velocidade utilizados em vias urbanas coletoras ou locais com maior fluxo de ve\u00edculos e pedestres. O objetivo principal \u00e9 reduzir a velocidade dos ve\u00edculos, aumentar a seguran\u00e7a vi\u00e1ria, minimizar riscos de acidentes e atropelamentos e organizar o tr\u00e1fego em \u00e1reas sens\u00edveis, como escolas, creches, unidades de sa\u00fade e zonas residenciais.<\/p>\n<p>A SMT refor\u00e7a que nenhuma lombada \u00e9 implantada sem sinaliza\u00e7\u00e3o vertical pr\u00e9via. Antes da execu\u00e7\u00e3o do dispositivo, s\u00e3o instaladas placas de advert\u00eancia em conformidade com o Manual Brasileiro de Sinaliza\u00e7\u00e3o de Tr\u00e2nsito, respeitando dist\u00e2ncia regulamentar, altura adequada e uso de material retrorrefletivo, garantindo visibilidade em per\u00edodo noturno e em condi\u00e7\u00f5es adversas de ilumina\u00e7\u00e3o.<\/p>\n<p>Em rela\u00e7\u00e3o \u00e0 sinaliza\u00e7\u00e3o horizontal, a Superintend\u00eancia explica que a pintura vi\u00e1ria tamb\u00e9m obedece crit\u00e9rios t\u00e9cnicos rigorosos. Ap\u00f3s a execu\u00e7\u00e3o do pavimento asf\u00e1ltico, \u00e9 necess\u00e1rio respeitar o tempo de cura do asfalto, per\u00edodo em que o material ainda libera componentes que comprometem a ader\u00eancia da tinta. Al\u00e9m disso, fatores clim\u00e1ticos como chuva, alta umidade ou superf\u00edcie molhada impedem a aplica\u00e7\u00e3o da sinaliza\u00e7\u00e3o, a fim de assegurar qualidade e durabilidade do servi\u00e7o.<\/p>\n<p>A escolha dos locais para implanta\u00e7\u00e3o das ondula\u00e7\u00f5es transversais \u00e9 baseada em estudos t\u00e9cnicos de engenharia de tr\u00e1fego, que consideram hist\u00f3rico de acidentes, excesso recorrente de velocidade, volume de tr\u00e1fego, caracter\u00edsticas geom\u00e9tricas das vias e intensa circula\u00e7\u00e3o de pedestres. De acordo com a SMT, as decis\u00f5es n\u00e3o s\u00e3o arbitr\u00e1rias, mas fundamentadas em an\u00e1lise t\u00e9cnica criteriosa.<\/p>\n<p>A equipe t\u00e9cnica do \u00f3rg\u00e3o destaca que a implanta\u00e7\u00e3o correta desses dispositivos resulta na redu\u00e7\u00e3o significativa da velocidade m\u00e9dia dos ve\u00edculos, no aumento da seguran\u00e7a de pedestres e na diminui\u00e7\u00e3o de acidentes, contribuindo para um tr\u00e2nsito mais organizado e seguro.<\/p>\n<p>A administra\u00e7\u00e3o municipal reafirma, assim, seu compromisso com a mobilidade urbana segura, transparente e tecnicamente respons\u00e1vel, priorizando a preserva\u00e7\u00e3o de vidas.<\/p>\n<p><a class=\"group1 cboxElement\" href=\"https:\/\/www.alagoinhas.ba.gov.br\/wp-content\/uploads\/2026\/01\/WhatsApp-Image-2026-01-21-at-15.26.55.jpeg\"><img loading=\"lazy\" decoding=\"async\" class=\"aligncenter size-full wp-image-86605\" src=\"https:\/\/www.alagoinhas.ba.gov.br\/wp-content\/uploads\/2026\/01\/WhatsApp-Image-2026-01-21-at-15.26.55.jpeg\" sizes=\"auto, (max-width: 1594px) 100vw, 1594px\" srcset=\"https:\/\/www.alagoinhas.ba.gov.br\/wp-content\/uploads\/2026\/01\/WhatsApp-Image-2026-01-21-at-15.26.55.jpeg 1594w, https:\/\/www.alagoinhas.ba.gov.br\/wp-content\/uploads\/2026\/01\/WhatsApp-Image-2026-01-21-at-15.26.55-300x211.jpeg 300w, https:\/\/www.alagoinhas.ba.gov.br\/wp-content\/uploads\/2026\/01\/WhatsApp-Image-2026-01-21-at-15.26.55-768x541.jpeg 768w, https:\/\/www.alagoinhas.ba.gov.br\/wp-content\/uploads\/2026\/01\/WhatsApp-Image-2026-01-21-at-15.26.55-1024x721.jpeg 1024w, https:\/\/www.alagoinhas.ba.gov.br\/wp-content\/uploads\/2026\/01\/WhatsApp-Image-2026-01-21-at-15.26.55-24x17.jpeg 24w, https:\/\/www.alagoinhas.ba.gov.br\/wp-content\/uploads\/2026\/01\/WhatsApp-Image-2026-01-21-at-15.26.55-120x85.jpeg 120w\" alt=\"\" width=\"1594\" height=\"1123\" \/><\/a><\/p>\n<p><a class=\"group1 cboxElement\" href=\"https:\/\/www.alagoinhas.ba.gov.br\/wp-content\/uploads\/2026\/01\/WhatsApp-Image-2026-01-21-at-16.11.02-2.jpeg\"><img loading=\"lazy\" decoding=\"async\" class=\"aligncenter size-full wp-image-86608\" src=\"https:\/\/www.alagoinhas.ba.gov.br\/wp-content\/uploads\/2026\/01\/WhatsApp-Image-2026-01-21-at-16.11.02-2.jpeg\" sizes=\"auto, (max-width: 1600px) 100vw, 1600px\" srcset=\"https:\/\/www.alagoinhas.ba.gov.br\/wp-content\/uploads\/2026\/01\/WhatsApp-Image-2026-01-21-at-16.11.02-2.jpeg 1600w, https:\/\/www.alagoinhas.ba.gov.br\/wp-content\/uploads\/2026\/01\/WhatsApp-Image-2026-01-21-at-16.11.02-2-300x169.jpeg 300w, https:\/\/www.alagoinhas.ba.gov.br\/wp-content\/uploads\/2026\/01\/WhatsApp-Image-2026-01-21-at-16.11.02-2-768x432.jpeg 768w, https:\/\/www.alagoinhas.ba.gov.br\/wp-content\/uploads\/2026\/01\/WhatsApp-Image-2026-01-21-at-16.11.02-2-1024x576.jpeg 1024w, https:\/\/www.alagoinhas.ba.gov.br\/wp-content\/uploads\/2026\/01\/WhatsApp-Image-2026-01-21-at-16.11.02-2-24x14.jpeg 24w\" alt=\"\" width=\"1600\" height=\"900\" \/><\/a><\/p>\n<p><a class=\"group1 cboxElement\" href=\"https:\/\/www.alagoinhas.ba.gov.br\/wp-content\/uploads\/2026\/01\/WhatsApp-Image-2026-01-21-at-16.11.02-1.jpeg\"><img loading=\"lazy\" decoding=\"async\" class=\"aligncenter size-full wp-image-86609\" src=\"https:\/\/www.alagoinhas.ba.gov.br\/wp-content\/uploads\/2026\/01\/WhatsApp-Image-2026-01-21-at-16.11.02-1.jpeg\" sizes=\"auto, (max-width: 864px) 100vw, 864px\" srcset=\"https:\/\/www.alagoinhas.ba.gov.br\/wp-content\/uploads\/2026\/01\/WhatsApp-Image-2026-01-21-at-16.11.02-1.jpeg 864w, https:\/\/www.alagoinhas.ba.gov.br\/wp-content\/uploads\/2026\/01\/WhatsApp-Image-2026-01-21-at-16.11.02-1-225x300.jpeg 225w, https:\/\/www.alagoinhas.ba.gov.br\/wp-content\/uploads\/2026\/01\/WhatsApp-Image-2026-01-21-at-16.11.02-1-768x1024.jpeg 768w, https:\/\/www.alagoinhas.ba.gov.br\/wp-content\/uploads\/2026\/01\/WhatsApp-Image-2026-01-21-at-16.11.02-1-18x24.jpeg 18w\" alt=\"\" width=\"864\" height=\"1152\" \/><\/a><\/p>\n<p><a class=\"group1 cboxElement\" href=\"https:\/\/www.alagoinhas.ba.gov.br\/wp-content\/uploads\/2026\/01\/WhatsApp-Image-2026-01-21-at-16.11.02.jpeg\"><img loading=\"lazy\" decoding=\"async\" class=\"aligncenter size-full wp-image-86610\" src=\"https:\/\/www.alagoinhas.ba.gov.br\/wp-content\/uploads\/2026\/01\/WhatsApp-Image-2026-01-21-at-16.11.02.jpeg\" sizes=\"auto, (max-width: 1600px) 100vw, 1600px\" srcset=\"https:\/\/www.alagoinhas.ba.gov.br\/wp-content\/uploads\/2026\/01\/WhatsApp-Image-2026-01-21-at-16.11.02.jpeg 1600w, https:\/\/www.alagoinhas.ba.gov.br\/wp-content\/uploads\/2026\/01\/WhatsApp-Image-2026-01-21-at-16.11.02-300x169.jpeg 300w, https:\/\/www.alagoinhas.ba.gov.br\/wp-content\/uploads\/2026\/01\/WhatsApp-Image-2026-01-21-at-16.11.02-768x432.jpeg 768w, https:\/\/www.alagoinhas.ba.gov.br\/wp-content\/uploads\/2026\/01\/WhatsApp-Image-2026-01-21-at-16.11.02-1024x576.jpeg 1024w, https:\/\/www.alagoinhas.ba.gov.br\/wp-content\/uploads\/2026\/01\/WhatsApp-Image-2026-01-21-at-16.11.02-24x14.jpeg 24w\" alt=\"\" width=\"1600\" height=\"900\" \/><\/a><\/p>\n<p>Fotos: Arquivo SMT<\/p>\n<div align=\"right\">\n<p>&nbsp;<\/p>\n<\/div>\n<div class='share-to-whatsapp-wrapper'><div class='share-on-whsp'>Share on: <\/div><a data-text='SMT esclarece crit\u00e9rios t\u00e9cnicos para implanta\u00e7\u00e3o de lombadas em Alagoinhas' data-link='https:\/\/newsinfoco.com.br\/inicio\/smt-esclarece-criterios-tecnicos-para-implantacao-de-lombadas-em-alagoinhas\/' class='whatsapp-button whatsapp-share'>WhatsApp<\/a><div class='clear '><\/div><\/div>","protected":false},"excerpt":{"rendered":"<p>A Superintend\u00eancia Municipal de Tr\u00e2nsito de Alagoinhas (SMT) divulgou nota t\u00e9cnica para esclarecer \u00e0 popula\u00e7\u00e3o os crit\u00e9rios t\u00e9cnicos, legais e operacionais utilizados na implanta\u00e7\u00e3o de ondula\u00e7\u00f5es transversais (conhecidas popularmente como lombadas), nas vias urbanas do munic\u00edpio. Segundo o \u00f3rg\u00e3o, a implanta\u00e7\u00e3o das Ondula\u00e7\u00f5es Transversais Tipo B segue rigorosamente o que determina o C\u00f3digo de Tr\u00e2nsito [&hellip;]<\/p>\n","protected":false},"author":1,"featured_media":0,"comment_status":"closed","ping_status":"closed","sticky":false,"template":"","format":"standard","meta":{"om_disable_all_campaigns":false,"_exactmetrics_skip_tracking":false,"_exactmetrics_sitenote_active":false,"_exactmetrics_sitenote_note":"","_exactmetrics_sitenote_category":0,"footnotes":""},"categories":[38,30,167],"tags":[],"class_list":["post-48639","post","type-post","status-publish","format-standard","hentry","category-alagoinhas-e-regiao","category-destaque","category-exclusivas"],"aioseo_notices":[],"_links":{"self":[{"href":"https:\/\/newsinfoco.com.br\/inicio\/wp-json\/wp\/v2\/posts\/48639","targetHints":{"allow":["GET"]}}],"collection":[{"href":"https:\/\/newsinfoco.com.br\/inicio\/wp-json\/wp\/v2\/posts"}],"about":[{"href":"https:\/\/newsinfoco.com.br\/inicio\/wp-json\/wp\/v2\/types\/post"}],"author":[{"embeddable":true,"href":"https:\/\/newsinfoco.com.br\/inicio\/wp-json\/wp\/v2\/users\/1"}],"replies":[{"embeddable":true,"href":"https:\/\/newsinfoco.com.br\/inicio\/wp-json\/wp\/v2\/comments?post=48639"}],"version-history":[{"count":1,"href":"https:\/\/newsinfoco.com.br\/inicio\/wp-json\/wp\/v2\/posts\/48639\/revisions"}],"predecessor-version":[{"id":48640,"href":"https:\/\/newsinfoco.com.br\/inicio\/wp-json\/wp\/v2\/posts\/48639\/revisions\/48640"}],"wp:attachment":[{"href":"https:\/\/newsinfoco.com.br\/inicio\/wp-json\/wp\/v2\/media?parent=48639"}],"wp:term":[{"taxonomy":"category","embeddable":true,"href":"https:\/\/newsinfoco.com.br\/inicio\/wp-json\/wp\/v2\/categories?post=48639"},{"taxonomy":"post_tag","embeddable":true,"href":"https:\/\/newsinfoco.com.br\/inicio\/wp-json\/wp\/v2\/tags?post=48639"}],"curies":[{"name":"wp","href":"https:\/\/api.w.org\/{rel}","templated":true}]}}