{"id":48641,"date":"2026-01-21T22:35:49","date_gmt":"2026-01-22T01:35:49","guid":{"rendered":"https:\/\/newsinfoco.com.br\/inicio\/?p=48641"},"modified":"2026-01-21T22:35:49","modified_gmt":"2026-01-22T01:35:49","slug":"prefeitura-e-sistema-fieb-discutem-projetos-do-parque-da-cidade-e-da-praca-esportiva","status":"publish","type":"post","link":"https:\/\/newsinfoco.com.br\/inicio\/prefeitura-e-sistema-fieb-discutem-projetos-do-parque-da-cidade-e-da-praca-esportiva\/","title":{"rendered":"Prefeitura e Sistema FIEB discutem projetos do Parque da Cidade e da Pra\u00e7a Esportiva"},"content":{"rendered":"<p>O prefeito de Alagoinhas, Gustavo Carmo, acompanhado da equipe da Secretaria Municipal de Obras e Projetos (Seop), reuniu-se na manh\u00e3 desta quarta-feira (21) com a equipe de engenharia da Federa\u00e7\u00e3o das Ind\u00fastrias do Estado da Bahia (Sistema FIEB) para discutir os detalhes dos projetos do Parque da Cidade e da Pra\u00e7a Esportiva. Os equipamentos ser\u00e3o implantados nas imedia\u00e7\u00f5es da Avenida Ayrton Senna, no bairro Alagoinhas Velha.<\/p>\n<p>\u201cEste \u00e9 um investimento de aproximadamente R$ 5 milh\u00f5es, parceria da Prefeitura com o Sistema FIEB, onde iremos construir o Parque da Cidade com aproximadamente 12 mil m\u00b2 e tamb\u00e9m a Pra\u00e7a Esportiva com quase 7 mil m\u00b2. Hoje tratamos dos detalhes finais desses projetos, que t\u00eam previs\u00e3o de entrega para dezembro deste ano\u201d, explicou Gustavo.<\/p><div class=\"newsi-conteudo_19\" id=\"newsi-346371620\"><a href=\"https:\/\/www.instagram.com\/prefeituraalagoinhas?igsh=YzgzdDJ1bWR3aWI4\" aria-label=\"SAVE_20251006_221555\"><img loading=\"lazy\" decoding=\"async\" src=\"https:\/\/newsinfoco.com.br\/inicio\/wp-content\/uploads\/2025\/10\/SAVE_20251006_221555-rotated.jpg\" alt=\"\"  srcset=\"https:\/\/newsinfoco.com.br\/inicio\/wp-content\/uploads\/2025\/10\/SAVE_20251006_221555-rotated.jpg 1140w, https:\/\/newsinfoco.com.br\/inicio\/wp-content\/uploads\/2025\/10\/SAVE_20251006_221555-300x52.jpg 300w, https:\/\/newsinfoco.com.br\/inicio\/wp-content\/uploads\/2025\/10\/SAVE_20251006_221555-1024x177.jpg 1024w, https:\/\/newsinfoco.com.br\/inicio\/wp-content\/uploads\/2025\/10\/SAVE_20251006_221555-768x133.jpg 768w, https:\/\/newsinfoco.com.br\/inicio\/wp-content\/uploads\/2025\/10\/SAVE_20251006_221555-600x104.jpg 600w, https:\/\/newsinfoco.com.br\/inicio\/wp-content\/uploads\/2025\/10\/SAVE_20251006_221555-696x120.jpg 696w, https:\/\/newsinfoco.com.br\/inicio\/wp-content\/uploads\/2025\/10\/SAVE_20251006_221555-1068x185.jpg 1068w\" sizes=\"(max-width: 1140px) 100vw, 1140px\" width=\"1140\" height=\"197\"   \/><\/a><\/div>\n<p>O Parque da Cidade reunir\u00e1 equipamentos voltados ao lazer, \u00e0 conviv\u00eancia e \u00e0 promo\u00e7\u00e3o da sustentabilidade, contando com pista de caminhada, pet place, academia ao ar livre, totens interativos e ilumina\u00e7\u00e3o em LED, pain\u00e9is solares para gera\u00e7\u00e3o de energia, bebedouros gratuitos, lixeiras para coleta seletiva, totens de distribui\u00e7\u00e3o de Wi-Fi, equipamentos de gin\u00e1stica, fonte luminosa, bancos e mesas, al\u00e9m de arboriza\u00e7\u00e3o e paisagismo, entre outras \u00e1reas comuns.<\/p>\n<p>J\u00e1 o projeto da \u00e1rea esportiva prev\u00ea a implanta\u00e7\u00e3o de um campo society com dimens\u00f5es m\u00e1ximas de 90 x 60 metros, al\u00e9m de arquibancada coberta para o p\u00fablico. A estrutura contar\u00e1 ainda com dois vesti\u00e1rios, equipados com sanit\u00e1rios, chuveiros, bancos, prateleiras e pia com espelho. Tamb\u00e9m est\u00e1 prevista a constru\u00e7\u00e3o de um vesti\u00e1rio exclusivo para a equipe de arbitragem, com cerca de 25 m\u00b2, incluindo chuveiro, sanit\u00e1rio, pia com espelho, bancos e prateleiras. Al\u00e9m disso, ser\u00e1 implantado um espa\u00e7o para a comiss\u00e3o esportiva, incluindo sala ampla, mesa de reuni\u00e3o e lavabo.<\/p>\n<p>Segundo informou o gerente de engenharia da FIEB, Tiago Souza Santos, essas obras fazem parte da contrapartida pela constru\u00e7\u00e3o da unidade integrada SESI\/SENAI que ser\u00e1 implantada na localidade. \u201cIremos fazer uma grande unidade, que vai atender tanto a parte educacional quanto a parte de sa\u00fade. Ampliamos toda essa infraestrutura para abranger mais esses dois grandes empreendimentos e, assim, tanto o Parque da Cidade quanto a Pra\u00e7a Esportiva foram pensados especialmente para Alagoinhas\u201d, disse o gerente.<\/p>\n<p><a class=\"group1 cboxElement\" href=\"https:\/\/www.alagoinhas.ba.gov.br\/wp-content\/uploads\/2026\/01\/WhatsApp-Image-2026-01-21-at-16.48.22.jpeg\"><img loading=\"lazy\" decoding=\"async\" class=\"aligncenter size-full wp-image-86615\" src=\"https:\/\/www.alagoinhas.ba.gov.br\/wp-content\/uploads\/2026\/01\/WhatsApp-Image-2026-01-21-at-16.48.22.jpeg\" sizes=\"auto, (max-width: 1280px) 100vw, 1280px\" srcset=\"https:\/\/www.alagoinhas.ba.gov.br\/wp-content\/uploads\/2026\/01\/WhatsApp-Image-2026-01-21-at-16.48.22.jpeg 1280w, https:\/\/www.alagoinhas.ba.gov.br\/wp-content\/uploads\/2026\/01\/WhatsApp-Image-2026-01-21-at-16.48.22-300x169.jpeg 300w, https:\/\/www.alagoinhas.ba.gov.br\/wp-content\/uploads\/2026\/01\/WhatsApp-Image-2026-01-21-at-16.48.22-768x432.jpeg 768w, https:\/\/www.alagoinhas.ba.gov.br\/wp-content\/uploads\/2026\/01\/WhatsApp-Image-2026-01-21-at-16.48.22-1024x576.jpeg 1024w, https:\/\/www.alagoinhas.ba.gov.br\/wp-content\/uploads\/2026\/01\/WhatsApp-Image-2026-01-21-at-16.48.22-24x14.jpeg 24w\" alt=\"\" width=\"1280\" height=\"720\" \/><\/a><\/p>\n<p>Fotos: Arquivo Secom Alagoinhas<\/p>\n<div class='share-to-whatsapp-wrapper'><div class='share-on-whsp'>Share on: <\/div><a data-text='Prefeitura e Sistema FIEB discutem projetos do Parque da Cidade e da Pra\u00e7a Esportiva' data-link='https:\/\/newsinfoco.com.br\/inicio\/prefeitura-e-sistema-fieb-discutem-projetos-do-parque-da-cidade-e-da-praca-esportiva\/' class='whatsapp-button whatsapp-share'>WhatsApp<\/a><div class='clear '><\/div><\/div>","protected":false},"excerpt":{"rendered":"<p>O prefeito de Alagoinhas, Gustavo Carmo, acompanhado da equipe da Secretaria Municipal de Obras e Projetos (Seop), reuniu-se na manh\u00e3 desta quarta-feira (21) com a equipe de engenharia da Federa\u00e7\u00e3o das Ind\u00fastrias do Estado da Bahia (Sistema FIEB) para discutir os detalhes dos projetos do Parque da Cidade e da Pra\u00e7a Esportiva. Os equipamentos ser\u00e3o [&hellip;]<\/p>\n","protected":false},"author":1,"featured_media":48642,"comment_status":"closed","ping_status":"closed","sticky":false,"template":"","format":"standard","meta":{"om_disable_all_campaigns":false,"_exactmetrics_skip_tracking":false,"_exactmetrics_sitenote_active":false,"_exactmetrics_sitenote_note":"","_exactmetrics_sitenote_category":0,"footnotes":""},"categories":[38,30,167],"tags":[],"class_list":["post-48641","post","type-post","status-publish","format-standard","has-post-thumbnail","hentry","category-alagoinhas-e-regiao","category-destaque","category-exclusivas"],"aioseo_notices":[],"_links":{"self":[{"href":"https:\/\/newsinfoco.com.br\/inicio\/wp-json\/wp\/v2\/posts\/48641","targetHints":{"allow":["GET"]}}],"collection":[{"href":"https:\/\/newsinfoco.com.br\/inicio\/wp-json\/wp\/v2\/posts"}],"about":[{"href":"https:\/\/newsinfoco.com.br\/inicio\/wp-json\/wp\/v2\/types\/post"}],"author":[{"embeddable":true,"href":"https:\/\/newsinfoco.com.br\/inicio\/wp-json\/wp\/v2\/users\/1"}],"replies":[{"embeddable":true,"href":"https:\/\/newsinfoco.com.br\/inicio\/wp-json\/wp\/v2\/comments?post=48641"}],"version-history":[{"count":1,"href":"https:\/\/newsinfoco.com.br\/inicio\/wp-json\/wp\/v2\/posts\/48641\/revisions"}],"predecessor-version":[{"id":48643,"href":"https:\/\/newsinfoco.com.br\/inicio\/wp-json\/wp\/v2\/posts\/48641\/revisions\/48643"}],"wp:featuredmedia":[{"embeddable":true,"href":"https:\/\/newsinfoco.com.br\/inicio\/wp-json\/wp\/v2\/media\/48642"}],"wp:attachment":[{"href":"https:\/\/newsinfoco.com.br\/inicio\/wp-json\/wp\/v2\/media?parent=48641"}],"wp:term":[{"taxonomy":"category","embeddable":true,"href":"https:\/\/newsinfoco.com.br\/inicio\/wp-json\/wp\/v2\/categories?post=48641"},{"taxonomy":"post_tag","embeddable":true,"href":"https:\/\/newsinfoco.com.br\/inicio\/wp-json\/wp\/v2\/tags?post=48641"}],"curies":[{"name":"wp","href":"https:\/\/api.w.org\/{rel}","templated":true}]}}