{"id":48644,"date":"2026-01-21T22:46:25","date_gmt":"2026-01-22T01:46:25","guid":{"rendered":"https:\/\/newsinfoco.com.br\/inicio\/?p=48644"},"modified":"2026-01-21T22:46:25","modified_gmt":"2026-01-22T01:46:25","slug":"bolsonaro-completa-uma-semana-preso-na-papudinha-e-volta-a-receber-visitas","status":"publish","type":"post","link":"https:\/\/newsinfoco.com.br\/inicio\/bolsonaro-completa-uma-semana-preso-na-papudinha-e-volta-a-receber-visitas\/","title":{"rendered":"Bolsonaro completa uma semana preso na Papudinha e volta a receber visitas"},"content":{"rendered":"<p>O ex-presidente Jair Bolsonaro (PL) completa, nesta quinta-feira (22), sete dias de cust\u00f3dia no 19\u00ba Batalh\u00e3o de Pol\u00edcia Militar, unidade conhecida como \u201cPapudinha\u201d, localizado no Complexo Penitenci\u00e1rio da Papuda, em Bras\u00edlia. A transfer\u00eancia da Superintend\u00eancia da Pol\u00edcia Federal para o sistema prisional comum foi determinada pelo ministro Alexandre de Moraes, do Supremo Tribunal Federal (STF), visando adequar o cumprimento da pena de 27 anos e tr\u00eas meses de reclus\u00e3o.<\/p>\n<p>A transfer\u00eancia alterou significativamente a rotina do ex-presidente. Na Superintend\u00eancia da PF, as visitas eram restritas \u00e0s ter\u00e7as e quintas-feiras, exclusivamente entre 9h e 11h, e deviam ocorrer de forma separada. Na Papudinha, o regime foi ampliado para as quartas e quintas-feiras, com tr\u00eas faixas de hor\u00e1rio dispon\u00edveis (8h \u00e0s 10h, 11h \u00e0s 13h ou 14h-16h), com permiss\u00e3o para visitas simult\u00e2neas de familiares.<\/p><div class=\"newsi-conteudo_19\" id=\"newsi-1084435617\"><a href=\"https:\/\/www.instagram.com\/prefeituraalagoinhas?igsh=YzgzdDJ1bWR3aWI4\" aria-label=\"SAVE_20251006_221555\"><img loading=\"lazy\" decoding=\"async\" src=\"https:\/\/newsinfoco.com.br\/inicio\/wp-content\/uploads\/2025\/10\/SAVE_20251006_221555-rotated.jpg\" alt=\"\"  srcset=\"https:\/\/newsinfoco.com.br\/inicio\/wp-content\/uploads\/2025\/10\/SAVE_20251006_221555-rotated.jpg 1140w, https:\/\/newsinfoco.com.br\/inicio\/wp-content\/uploads\/2025\/10\/SAVE_20251006_221555-300x52.jpg 300w, https:\/\/newsinfoco.com.br\/inicio\/wp-content\/uploads\/2025\/10\/SAVE_20251006_221555-1024x177.jpg 1024w, https:\/\/newsinfoco.com.br\/inicio\/wp-content\/uploads\/2025\/10\/SAVE_20251006_221555-768x133.jpg 768w, https:\/\/newsinfoco.com.br\/inicio\/wp-content\/uploads\/2025\/10\/SAVE_20251006_221555-600x104.jpg 600w, https:\/\/newsinfoco.com.br\/inicio\/wp-content\/uploads\/2025\/10\/SAVE_20251006_221555-696x120.jpg 696w, https:\/\/newsinfoco.com.br\/inicio\/wp-content\/uploads\/2025\/10\/SAVE_20251006_221555-1068x185.jpg 1068w\" sizes=\"(max-width: 1140px) 100vw, 1140px\" width=\"1140\" height=\"197\"   \/><\/a><\/div>\n<p>Antes, Bolsonaro tinha hor\u00e1rios limitados para banho de sol. Na nova unidade, ele tem autoriza\u00e7\u00e3o para realizar exerc\u00edcios f\u00edsicos e banho de sol em qualquer hor\u00e1rio do dia. A decis\u00e3o judicial tamb\u00e9m garantiu a instala\u00e7\u00e3o de aparelhos para fisioterapia e o direito a uma hora de assist\u00eancia religiosa individual por semana, conduzida pelo bispo Robson Rodovalho.<\/p>\n<p>Nesta quarta-feira (21), est\u00e1 prevista a visita da ex-primeira-dama Michelle Bolsonaro e dos filhos. Embora o governador de S\u00e3o Paulo, Tarc\u00edsio de Freitas, tivesse autoriza\u00e7\u00e3o para o encontro, ele adiou a visita por conta de agendas. Foram autorizadas visitas do irm\u00e3o de Michelle Bolsonaro, Diego Torres Dourado, na pr\u00f3xima quarta-feira (28), e do assessor do ex-presidente, Bruno Scheid, na quinta-feira (29).<\/p>\n<p>Apesar da mudan\u00e7a de local da pris\u00e3o, a defesa mant\u00e9m a solicita\u00e7\u00e3o da domiciliar. A resposta da requisi\u00e7\u00e3o depende da an\u00e1lise do laudo da junta m\u00e9dica oficial, que avaliou o quadro cl\u00ednico de Bolsonaro no dia da transfer\u00eancia, na \u00faltima quinta-feira (15). A Pol\u00edcia Federal tem o prazo de dez dias para concluir a an\u00e1lise desse documento, que servir\u00e1 de base para futuras decis\u00f5es do STF sobre as condi\u00e7\u00f5es de deten\u00e7\u00e3o.<\/p>\n<p>&nbsp;<\/p>\n<div class=\"autor\">Raquel Franco para o Bahia.ba<\/div>\n<div class='share-to-whatsapp-wrapper'><div class='share-on-whsp'>Share on: <\/div><a data-text='Bolsonaro completa uma semana preso na Papudinha e volta a receber visitas' data-link='https:\/\/newsinfoco.com.br\/inicio\/bolsonaro-completa-uma-semana-preso-na-papudinha-e-volta-a-receber-visitas\/' class='whatsapp-button whatsapp-share'>WhatsApp<\/a><div class='clear '><\/div><\/div>","protected":false},"excerpt":{"rendered":"<p>O ex-presidente Jair Bolsonaro (PL) completa, nesta quinta-feira (22), sete dias de cust\u00f3dia no 19\u00ba Batalh\u00e3o de Pol\u00edcia Militar, unidade conhecida como \u201cPapudinha\u201d, localizado no Complexo Penitenci\u00e1rio da Papuda, em Bras\u00edlia. A transfer\u00eancia da Superintend\u00eancia da Pol\u00edcia Federal para o sistema prisional comum foi determinada pelo ministro Alexandre de Moraes, do Supremo Tribunal Federal (STF), [&hellip;]<\/p>\n","protected":false},"author":1,"featured_media":47774,"comment_status":"closed","ping_status":"closed","sticky":false,"template":"","format":"standard","meta":{"om_disable_all_campaigns":false,"_exactmetrics_skip_tracking":false,"_exactmetrics_sitenote_active":false,"_exactmetrics_sitenote_note":"","_exactmetrics_sitenote_category":0,"footnotes":""},"categories":[21],"tags":[],"class_list":["post-48644","post","type-post","status-publish","format-standard","has-post-thumbnail","hentry","category-brasil"],"aioseo_notices":[],"_links":{"self":[{"href":"https:\/\/newsinfoco.com.br\/inicio\/wp-json\/wp\/v2\/posts\/48644","targetHints":{"allow":["GET"]}}],"collection":[{"href":"https:\/\/newsinfoco.com.br\/inicio\/wp-json\/wp\/v2\/posts"}],"about":[{"href":"https:\/\/newsinfoco.com.br\/inicio\/wp-json\/wp\/v2\/types\/post"}],"author":[{"embeddable":true,"href":"https:\/\/newsinfoco.com.br\/inicio\/wp-json\/wp\/v2\/users\/1"}],"replies":[{"embeddable":true,"href":"https:\/\/newsinfoco.com.br\/inicio\/wp-json\/wp\/v2\/comments?post=48644"}],"version-history":[{"count":1,"href":"https:\/\/newsinfoco.com.br\/inicio\/wp-json\/wp\/v2\/posts\/48644\/revisions"}],"predecessor-version":[{"id":48645,"href":"https:\/\/newsinfoco.com.br\/inicio\/wp-json\/wp\/v2\/posts\/48644\/revisions\/48645"}],"wp:featuredmedia":[{"embeddable":true,"href":"https:\/\/newsinfoco.com.br\/inicio\/wp-json\/wp\/v2\/media\/47774"}],"wp:attachment":[{"href":"https:\/\/newsinfoco.com.br\/inicio\/wp-json\/wp\/v2\/media?parent=48644"}],"wp:term":[{"taxonomy":"category","embeddable":true,"href":"https:\/\/newsinfoco.com.br\/inicio\/wp-json\/wp\/v2\/categories?post=48644"},{"taxonomy":"post_tag","embeddable":true,"href":"https:\/\/newsinfoco.com.br\/inicio\/wp-json\/wp\/v2\/tags?post=48644"}],"curies":[{"name":"wp","href":"https:\/\/api.w.org\/{rel}","templated":true}]}}