{"id":48646,"date":"2026-01-21T22:48:13","date_gmt":"2026-01-22T01:48:13","guid":{"rendered":"https:\/\/newsinfoco.com.br\/inicio\/?p=48646"},"modified":"2026-01-21T22:48:13","modified_gmt":"2026-01-22T01:48:13","slug":"caiado-reafirma-candidatura-ao-planalto-diz-que-conversou-com-liderancas-e-nega-racha-na-direita","status":"publish","type":"post","link":"https:\/\/newsinfoco.com.br\/inicio\/caiado-reafirma-candidatura-ao-planalto-diz-que-conversou-com-liderancas-e-nega-racha-na-direita\/","title":{"rendered":"Caiado reafirma candidatura ao Planalto, diz que conversou com lideran\u00e7as e nega \u2018racha\u2019 na direita"},"content":{"rendered":"<p>O governador de Goi\u00e1s, Ronaldo Caiado (Uni\u00e3o Brasil), reafirmou que ser\u00e1 candidato \u00e0 Presid\u00eancia da Rep\u00fablica nas elei\u00e7\u00f5es de 2026. A declara\u00e7\u00e3o foi dada a jornalistas nesta quarta-feira, 21, durante um evento do Cons\u00f3rcio Brasil.<\/p>\n<p>Questionado se permaneceria na disputa ap\u00f3s o an\u00fancio da pr\u00e9-candidatura do senador Fl\u00e1vio Bolsonaro (PL-RJ), Caiado respondeu positivamente. O governador tamb\u00e9m comentou a quantidade de nomes da direita colocados no pleito.<\/p><div class=\"newsi-conteudo_19\" id=\"newsi-4256855578\"><a href=\"https:\/\/www.instagram.com\/prefeituraalagoinhas?igsh=YzgzdDJ1bWR3aWI4\" aria-label=\"SAVE_20251006_221555\"><img loading=\"lazy\" decoding=\"async\" src=\"https:\/\/newsinfoco.com.br\/inicio\/wp-content\/uploads\/2025\/10\/SAVE_20251006_221555-rotated.jpg\" alt=\"\"  srcset=\"https:\/\/newsinfoco.com.br\/inicio\/wp-content\/uploads\/2025\/10\/SAVE_20251006_221555-rotated.jpg 1140w, https:\/\/newsinfoco.com.br\/inicio\/wp-content\/uploads\/2025\/10\/SAVE_20251006_221555-300x52.jpg 300w, https:\/\/newsinfoco.com.br\/inicio\/wp-content\/uploads\/2025\/10\/SAVE_20251006_221555-1024x177.jpg 1024w, https:\/\/newsinfoco.com.br\/inicio\/wp-content\/uploads\/2025\/10\/SAVE_20251006_221555-768x133.jpg 768w, https:\/\/newsinfoco.com.br\/inicio\/wp-content\/uploads\/2025\/10\/SAVE_20251006_221555-600x104.jpg 600w, https:\/\/newsinfoco.com.br\/inicio\/wp-content\/uploads\/2025\/10\/SAVE_20251006_221555-696x120.jpg 696w, https:\/\/newsinfoco.com.br\/inicio\/wp-content\/uploads\/2025\/10\/SAVE_20251006_221555-1068x185.jpg 1068w\" sizes=\"(max-width: 1140px) 100vw, 1140px\" width=\"1140\" height=\"197\"   \/><\/a><\/div>\n<p>\u201cHaver, em um primeiro turno, v\u00e1rios candidatos n\u00e3o quer dizer que a direita esteja rachada. Eu n\u00e3o consigo entender, havendo um sistema eleitoral de dois turnos, achar que voc\u00ea tem que ter uma candidatura \u00fanica no primeiro turno. Ent\u00e3o, revoga-se a legisla\u00e7\u00e3o eleitoral\u201d, afirmou.<\/p>\n<p>Caiado tamb\u00e9m afirmou que conversou com o presidente do Uni\u00e3o Brasil, Ant\u00f4nio Rueda e com o filho do filho do ex-presidente Jair Bolsonaro (PL) sobre a sua candidatura.<\/p>\n<p>No fim do ano passado, Caiado j\u00e1 havia declarado que se manteria na disputa mesmo com o an\u00fancio de que Fl\u00e1vio seria o candidato bolsonarista. Na ocasi\u00e3o, afirmou que o ex-chefe do Executivo, preso pela trama golpista, tinha o direito de indicar o seu filho como candidato.<\/p>\n<p>\u201c\u00c9 uma decis\u00e3o do ex-presidente Jair Bolsonaro, juntamente com sua fam\u00edlia, e cabe a todos n\u00f3s respeit\u00e1-la. Ele tem o direito de buscar viabilizar a candidatura do senador Fl\u00e1vio Bolsonaro\u201d, disse Caiado, em nota divulgada por sua assessoria de imprensa em dezembro de 2025.<\/p>\n<p>Desde fevereiro do ano passado, o governador afirma que pretende concorrer \u00e0 Presid\u00eancia da Rep\u00fablica. No in\u00edcio de abril, quando lan\u00e7ou oficialmente sua pr\u00e9-candidatura, ele ainda estava ineleg\u00edvel ap\u00f3s ter sido condenado por abuso de poder pol\u00edtico nas elei\u00e7\u00f5es municipais de 2024. Quatro dias depois, por\u00e9m, o Tribunal Regional Eleitoral de Goi\u00e1s (TRE-GO) acolheu o recurso apresentado pela defesa e tornou Caiado eleg\u00edvel.<\/p>\n<p>Fl\u00e1vio Bolsonaro, por sua vez, anunciou no in\u00edcio de dezembro que seu pai havia confirmado que ele ser\u00e1 o candidato do bolsonarismo \u00e0 Presid\u00eancia em 2026. Jair Bolsonaro confirmou a decis\u00e3o em uma carta escrita \u00e0 m\u00e3o, lida pelo senador no dia de Natal.<\/p>\n<p><strong>Pesquisa eleitoral<\/strong><\/p>\n<p>Pesquisa AtlasIntel divulgada nesta quarta-feira, 21, mostra que, em um cen\u00e1rio sem a candidatura do filho \u201c01\u201d do ex-presidente, Caiado aparece em terceiro lugar, com 5% das inten\u00e7\u00f5es de voto, atr\u00e1s do presidente Luiz In\u00e1cio Lula da Silva (PT), que soma 48,5%, e do governador de S\u00e3o Paulo, Tarc\u00edsio de Freitas (Republicanos), com 28,4%.<\/p>\n<p>Em um cen\u00e1rio sem Tarc\u00edsio ou Fl\u00e1vio Bolsonaro, Caiado alcan\u00e7a 15,2% e iria ao segundo turno com Lula, que aparece com 48,8%.<\/p>\n<p>J\u00e1 em uma simula\u00e7\u00e3o com todos os principais nomes cotados, o governador de Goi\u00e1s figura em quarto lugar, com 2,9%.<\/p>\n<p>No segundo turno, em eventual disputa entre Lula e Caiado, o petista teria 49% das inten\u00e7\u00f5es de voto, contra 39% do governador. Os eleitores que n\u00e3o souberam ou n\u00e3o responderam somam 13%.<\/p>\n<p>&nbsp;<\/p>\n<p><span class=\"text-body-1 tracking-tight text-neutral-50\">\u00a0<\/span><span class=\"text-body-1 tracking-tight text-secondary-50\">Jo\u00e3o Pedro Bitencourt\/Estad\u00e3o<\/span><\/p>\n<div class='share-to-whatsapp-wrapper'><div class='share-on-whsp'>Share on: <\/div><a data-text='Caiado reafirma candidatura ao Planalto, diz que conversou com lideran\u00e7as e nega \u2018racha\u2019 na direita' data-link='https:\/\/newsinfoco.com.br\/inicio\/caiado-reafirma-candidatura-ao-planalto-diz-que-conversou-com-liderancas-e-nega-racha-na-direita\/' class='whatsapp-button whatsapp-share'>WhatsApp<\/a><div class='clear '><\/div><\/div>","protected":false},"excerpt":{"rendered":"<p>O governador de Goi\u00e1s, Ronaldo Caiado (Uni\u00e3o Brasil), reafirmou que ser\u00e1 candidato \u00e0 Presid\u00eancia da Rep\u00fablica nas elei\u00e7\u00f5es de 2026. A declara\u00e7\u00e3o foi dada a jornalistas nesta quarta-feira, 21, durante um evento do Cons\u00f3rcio Brasil. Questionado se permaneceria na disputa ap\u00f3s o an\u00fancio da pr\u00e9-candidatura do senador Fl\u00e1vio Bolsonaro (PL-RJ), Caiado respondeu positivamente. O governador [&hellip;]<\/p>\n","protected":false},"author":1,"featured_media":47084,"comment_status":"closed","ping_status":"closed","sticky":false,"template":"","format":"standard","meta":{"om_disable_all_campaigns":false,"_exactmetrics_skip_tracking":false,"_exactmetrics_sitenote_active":false,"_exactmetrics_sitenote_note":"","_exactmetrics_sitenote_category":0,"footnotes":""},"categories":[21],"tags":[],"class_list":["post-48646","post","type-post","status-publish","format-standard","has-post-thumbnail","hentry","category-brasil"],"aioseo_notices":[],"_links":{"self":[{"href":"https:\/\/newsinfoco.com.br\/inicio\/wp-json\/wp\/v2\/posts\/48646","targetHints":{"allow":["GET"]}}],"collection":[{"href":"https:\/\/newsinfoco.com.br\/inicio\/wp-json\/wp\/v2\/posts"}],"about":[{"href":"https:\/\/newsinfoco.com.br\/inicio\/wp-json\/wp\/v2\/types\/post"}],"author":[{"embeddable":true,"href":"https:\/\/newsinfoco.com.br\/inicio\/wp-json\/wp\/v2\/users\/1"}],"replies":[{"embeddable":true,"href":"https:\/\/newsinfoco.com.br\/inicio\/wp-json\/wp\/v2\/comments?post=48646"}],"version-history":[{"count":1,"href":"https:\/\/newsinfoco.com.br\/inicio\/wp-json\/wp\/v2\/posts\/48646\/revisions"}],"predecessor-version":[{"id":48647,"href":"https:\/\/newsinfoco.com.br\/inicio\/wp-json\/wp\/v2\/posts\/48646\/revisions\/48647"}],"wp:featuredmedia":[{"embeddable":true,"href":"https:\/\/newsinfoco.com.br\/inicio\/wp-json\/wp\/v2\/media\/47084"}],"wp:attachment":[{"href":"https:\/\/newsinfoco.com.br\/inicio\/wp-json\/wp\/v2\/media?parent=48646"}],"wp:term":[{"taxonomy":"category","embeddable":true,"href":"https:\/\/newsinfoco.com.br\/inicio\/wp-json\/wp\/v2\/categories?post=48646"},{"taxonomy":"post_tag","embeddable":true,"href":"https:\/\/newsinfoco.com.br\/inicio\/wp-json\/wp\/v2\/tags?post=48646"}],"curies":[{"name":"wp","href":"https:\/\/api.w.org\/{rel}","templated":true}]}}