{"id":48648,"date":"2026-01-21T22:50:42","date_gmt":"2026-01-22T01:50:42","guid":{"rendered":"https:\/\/newsinfoco.com.br\/inicio\/?p=48648"},"modified":"2026-01-21T22:50:42","modified_gmt":"2026-01-22T01:50:42","slug":"promotora-de-justica-do-mpba-relata-ter-sido-vitima-de-assedio-e-racismo","status":"publish","type":"post","link":"https:\/\/newsinfoco.com.br\/inicio\/promotora-de-justica-do-mpba-relata-ter-sido-vitima-de-assedio-e-racismo\/","title":{"rendered":"Promotora de Justi\u00e7a do MPBA relata ter sido v\u00edtima de ass\u00e9dio e racismo"},"content":{"rendered":"<div>\n<p>A promotora de Justi\u00e7a do Minist\u00e9rio P\u00fablico da Bahia, L\u00edvia Maria Vaz, revelou, na ter\u00e7a-feira (21), em postagem no instagram, que foi v\u00edtima de ass\u00e9dio em uma corrida na orla de Salvador. Segundo relatou, ela estava se exercitando com uma amiga quando foi abordada por um homem desconhecido que falou \u201cobscenidades\u201d para ela.<\/p>\n<p>\u201cCedinho eu sa\u00ed para fazer uma corrida com uma amiga minha na Orla de Salvador. Quando n\u00f3s iniciamos o aquecimento, ainda est\u00e1vamos caminhando, um homem se aproximou por tr\u00e1s e come\u00e7ou a falar obscenidades. Eu n\u00e3o sabia ainda se era comigo, com ela, conosco, ent\u00e3o n\u00f3s continuamos caminhando\u201d, relatou.<\/p><div class=\"newsi-conteudo_19\" id=\"newsi-2081574716\"><a href=\"https:\/\/www.instagram.com\/prefeituraalagoinhas?igsh=YzgzdDJ1bWR3aWI4\" aria-label=\"SAVE_20251006_221555\"><img loading=\"lazy\" decoding=\"async\" src=\"https:\/\/newsinfoco.com.br\/inicio\/wp-content\/uploads\/2025\/10\/SAVE_20251006_221555-rotated.jpg\" alt=\"\"  srcset=\"https:\/\/newsinfoco.com.br\/inicio\/wp-content\/uploads\/2025\/10\/SAVE_20251006_221555-rotated.jpg 1140w, https:\/\/newsinfoco.com.br\/inicio\/wp-content\/uploads\/2025\/10\/SAVE_20251006_221555-300x52.jpg 300w, https:\/\/newsinfoco.com.br\/inicio\/wp-content\/uploads\/2025\/10\/SAVE_20251006_221555-1024x177.jpg 1024w, https:\/\/newsinfoco.com.br\/inicio\/wp-content\/uploads\/2025\/10\/SAVE_20251006_221555-768x133.jpg 768w, https:\/\/newsinfoco.com.br\/inicio\/wp-content\/uploads\/2025\/10\/SAVE_20251006_221555-600x104.jpg 600w, https:\/\/newsinfoco.com.br\/inicio\/wp-content\/uploads\/2025\/10\/SAVE_20251006_221555-696x120.jpg 696w, https:\/\/newsinfoco.com.br\/inicio\/wp-content\/uploads\/2025\/10\/SAVE_20251006_221555-1068x185.jpg 1068w\" sizes=\"(max-width: 1140px) 100vw, 1140px\" width=\"1140\" height=\"197\"   \/><\/a><\/div>\n<p>Ela continuou o relato apontando que, em determinado momento, o desconhecido ficou ao seu lado e ao tentar se defender do ass\u00e9dio, ele questionou: \u201cVoc\u00ea \u00e9 preta e n\u00e3o aceita um elogio?\u201d.<\/p>\n<p>\u201cFoi assim que ele se referiu a mim: \u2018Voc\u00ea \u00e9 preta e n\u00e3o vai aceitar um elogio meu? Qual \u00e9 o problema em fazer um elogio?\u2019. Eu me virei para ele novamente e disse, d\u00e1 licen\u00e7a, eu n\u00e3o te conhe\u00e7o. Ele seguiu adiante e o tempo inteiro, durou mais ou menos uns cinco, sete minutos, ele voltava, se virava para tr\u00e1s e falava conosco em tom amea\u00e7ador\u201d, continuou.<\/p>\n<p>Conforme L\u00edvia, em certo momento ele deu um soco agressivo em uma lata de lixo que. Ap\u00f3s o ocorrido, ela refletiu que, se ela fosse uma mulher branca, a rea\u00e7\u00e3o seria outra.<\/p>\n<p>\u201cEle disse, voc\u00ea \u00e9 preta, ou seja, eu posso, eu estou autorizado a lhe impor um elogio e voc\u00ea tem que aceitar. E quando n\u00e3o \u00e9 aceito, esse homem reage com for\u00e7a bruta\u201d.<\/p>\n<p><iframe id=\"instagram-embed-0\" class=\"instagram-media instagram-media-rendered\" src=\"https:\/\/www.instagram.com\/reel\/DTsYir5jXJi\/embed\/captioned\/?cr=1&amp;v=14&amp;wp=540&amp;rd=https%3A%2F%2Fbahia.ba&amp;rp=%2Fsalvador%2Fpromotora-de-justica-do-mpba-relata-ter-sido-vitima-de-assedio-e-racismo%2F#%7B%22ci%22%3A0%2C%22os%22%3A2840.2999999970198%2C%22ls%22%3A726.3999999910593%2C%22le%22%3A2095.8999999910593%7D\" height=\"987\" frameborder=\"0\" scrolling=\"no\" allowfullscreen=\"allowfullscreen\" data-instgrm-payload-id=\"instagram-media-payload-0\"><\/iframe><\/div>\n<div><\/div>\n<div class=\"autor\">Heber Ara\u00fajo para o Bahia.ba<\/div>\n<div class='share-to-whatsapp-wrapper'><div class='share-on-whsp'>Share on: <\/div><a data-text='Promotora de Justi\u00e7a do MPBA relata ter sido v\u00edtima de ass\u00e9dio e racismo' data-link='https:\/\/newsinfoco.com.br\/inicio\/promotora-de-justica-do-mpba-relata-ter-sido-vitima-de-assedio-e-racismo\/' class='whatsapp-button whatsapp-share'>WhatsApp<\/a><div class='clear '><\/div><\/div>","protected":false},"excerpt":{"rendered":"<p>A promotora de Justi\u00e7a do Minist\u00e9rio P\u00fablico da Bahia, L\u00edvia Maria Vaz, revelou, na ter\u00e7a-feira (21), em postagem no instagram, que foi v\u00edtima de ass\u00e9dio em uma corrida na orla de Salvador. Segundo relatou, ela estava se exercitando com uma amiga quando foi abordada por um homem desconhecido que falou \u201cobscenidades\u201d para ela. \u201cCedinho eu [&hellip;]<\/p>\n","protected":false},"author":1,"featured_media":48649,"comment_status":"closed","ping_status":"closed","sticky":false,"template":"","format":"standard","meta":{"om_disable_all_campaigns":false,"_exactmetrics_skip_tracking":false,"_exactmetrics_sitenote_active":false,"_exactmetrics_sitenote_note":"","_exactmetrics_sitenote_category":0,"footnotes":""},"categories":[19],"tags":[],"class_list":["post-48648","post","type-post","status-publish","format-standard","has-post-thumbnail","hentry","category-bahia"],"aioseo_notices":[],"_links":{"self":[{"href":"https:\/\/newsinfoco.com.br\/inicio\/wp-json\/wp\/v2\/posts\/48648","targetHints":{"allow":["GET"]}}],"collection":[{"href":"https:\/\/newsinfoco.com.br\/inicio\/wp-json\/wp\/v2\/posts"}],"about":[{"href":"https:\/\/newsinfoco.com.br\/inicio\/wp-json\/wp\/v2\/types\/post"}],"author":[{"embeddable":true,"href":"https:\/\/newsinfoco.com.br\/inicio\/wp-json\/wp\/v2\/users\/1"}],"replies":[{"embeddable":true,"href":"https:\/\/newsinfoco.com.br\/inicio\/wp-json\/wp\/v2\/comments?post=48648"}],"version-history":[{"count":1,"href":"https:\/\/newsinfoco.com.br\/inicio\/wp-json\/wp\/v2\/posts\/48648\/revisions"}],"predecessor-version":[{"id":48650,"href":"https:\/\/newsinfoco.com.br\/inicio\/wp-json\/wp\/v2\/posts\/48648\/revisions\/48650"}],"wp:featuredmedia":[{"embeddable":true,"href":"https:\/\/newsinfoco.com.br\/inicio\/wp-json\/wp\/v2\/media\/48649"}],"wp:attachment":[{"href":"https:\/\/newsinfoco.com.br\/inicio\/wp-json\/wp\/v2\/media?parent=48648"}],"wp:term":[{"taxonomy":"category","embeddable":true,"href":"https:\/\/newsinfoco.com.br\/inicio\/wp-json\/wp\/v2\/categories?post=48648"},{"taxonomy":"post_tag","embeddable":true,"href":"https:\/\/newsinfoco.com.br\/inicio\/wp-json\/wp\/v2\/tags?post=48648"}],"curies":[{"name":"wp","href":"https:\/\/api.w.org\/{rel}","templated":true}]}}