{"id":4865,"date":"2018-06-06T12:24:17","date_gmt":"2018-06-06T15:24:17","guid":{"rendered":"http:\/\/newsinfoco.com.br\/?p=4865"},"modified":"2018-06-06T15:20:18","modified_gmt":"2018-06-06T18:20:18","slug":"na-maternidade-de-alagoinhas-pacientes-enfrentam-fila-e-demora-no-atendimento","status":"publish","type":"post","link":"https:\/\/newsinfoco.com.br\/inicio\/na-maternidade-de-alagoinhas-pacientes-enfrentam-fila-e-demora-no-atendimento\/","title":{"rendered":"Na maternidade de Alagoinhas, pacientes enfrentam fila e demora no atendimento"},"content":{"rendered":"<p style=\"text-align: justify;\">A maternidade municipal de Alagoinhas, maternidade que atende n\u00e3o s\u00f3 o munic\u00edpio, mas tamb\u00e9m diversas cidades da regi\u00e3o, passa por dias dif\u00edceis.<\/p>\n<p style=\"text-align: justify;\">Recentemente, durante o programa Primeira M\u00e3o, da r\u00e1dio 95,7 FM, o radialista Haroldo Azi revelou que a cooperativa de m\u00e9dicos que presta servi\u00e7o \u00e0 maternidade n\u00e3o estava recebendo em dia o pagamento da prefeitura. Essa informa\u00e7\u00e3o j\u00e1 era um pren\u00fancio de que as coisas n\u00e3o iam muito bem.<\/p><div class=\"newsi-conteudo_19\" id=\"newsi-555305789\"><a href=\"https:\/\/www.instagram.com\/prefeituraalagoinhas?igsh=YzgzdDJ1bWR3aWI4\" aria-label=\"SAVE_20251006_221555\"><img loading=\"lazy\" decoding=\"async\" src=\"https:\/\/newsinfoco.com.br\/inicio\/wp-content\/uploads\/2025\/10\/SAVE_20251006_221555-rotated.jpg\" alt=\"\"  srcset=\"https:\/\/newsinfoco.com.br\/inicio\/wp-content\/uploads\/2025\/10\/SAVE_20251006_221555-rotated.jpg 1140w, https:\/\/newsinfoco.com.br\/inicio\/wp-content\/uploads\/2025\/10\/SAVE_20251006_221555-300x52.jpg 300w, https:\/\/newsinfoco.com.br\/inicio\/wp-content\/uploads\/2025\/10\/SAVE_20251006_221555-1024x177.jpg 1024w, https:\/\/newsinfoco.com.br\/inicio\/wp-content\/uploads\/2025\/10\/SAVE_20251006_221555-768x133.jpg 768w, https:\/\/newsinfoco.com.br\/inicio\/wp-content\/uploads\/2025\/10\/SAVE_20251006_221555-600x104.jpg 600w, https:\/\/newsinfoco.com.br\/inicio\/wp-content\/uploads\/2025\/10\/SAVE_20251006_221555-696x120.jpg 696w, https:\/\/newsinfoco.com.br\/inicio\/wp-content\/uploads\/2025\/10\/SAVE_20251006_221555-1068x185.jpg 1068w\" sizes=\"(max-width: 1140px) 100vw, 1140px\" width=\"1140\" height=\"197\"   \/><\/a><\/div>\n<p style=\"text-align: justify;\">Agora, um v\u00eddeo ao qual o site News Infoco teve acesso mostra que o atendimento aos pacientes n\u00e3o tem sido de excel\u00eancia, muito pelo contr\u00e1rio. Nas imagens \u00e9 poss\u00edvel observar uma enorme fila de mulheres esperando por atendimento. Muitas alegam estar desde as primeiras horas do dia a espera de uma ultrassonografia.<\/p>\n<p style=\"text-align: justify;\">Uma mulher que esperava o atendimento ainda reclama de mau atendimento de funcion\u00e1rios da unidade e da falta de recepcionista. Veja o v\u00eddeo:<\/p>\n<div style=\"width: 640px;\" class=\"wp-video\"><!--[if lt IE 9]><script>document.createElement('video');<\/script><![endif]-->\n<video class=\"wp-video-shortcode\" id=\"video-4865-1\" width=\"640\" height=\"352\" preload=\"metadata\" controls=\"controls\"><source type=\"video\/mp4\" src=\"http:\/\/newsinfoco.com.br\/wp-content\/uploads\/2018\/06\/Pacientes-enfrentam-fila-na-maternidade-de-alagoinhas.mp4?_=1\" \/><a href=\"http:\/\/newsinfoco.com.br\/wp-content\/uploads\/2018\/06\/Pacientes-enfrentam-fila-na-maternidade-de-alagoinhas.mp4\">http:\/\/newsinfoco.com.br\/wp-content\/uploads\/2018\/06\/Pacientes-enfrentam-fila-na-maternidade-de-alagoinhas.mp4<\/a><\/video><\/div>\n<p style=\"text-align: justify;\">Diante de tanto descaso, a popula\u00e7\u00e3o sofre com mais essa triste realidade.<\/p>\n<p style=\"text-align: justify;\">O site News Infoco tentou entrar em contato com o secret\u00e1rio municipal de sa\u00fade, Moacir Lira, mas n\u00e3o obteve retorno.<\/p>\n<p style=\"text-align: justify;\">A Secretaria Municipal de Comunica\u00e7\u00e3o tamb\u00e9m foi contactada para prestar esclarecimentos, mas at\u00e9 o momento nenhuma nota nos foi enviada.<\/p>\n<h6 style=\"text-align: right;\"><span style=\"color: #999999;\">Por Caio Pimenta para o News Infoco<\/span><\/h6>\n<div class='share-to-whatsapp-wrapper'><div class='share-on-whsp'>Share on: <\/div><a data-text='Na maternidade de Alagoinhas, pacientes enfrentam fila e demora no atendimento' data-link='https:\/\/newsinfoco.com.br\/inicio\/na-maternidade-de-alagoinhas-pacientes-enfrentam-fila-e-demora-no-atendimento\/' class='whatsapp-button whatsapp-share'>WhatsApp<\/a><div class='clear '><\/div><\/div>","protected":false},"excerpt":{"rendered":"<p>A maternidade municipal de Alagoinhas, maternidade que atende n\u00e3o s\u00f3 o munic\u00edpio, mas tamb\u00e9m diversas cidades da regi\u00e3o, passa por dias dif\u00edceis. Recentemente, durante o programa Primeira M\u00e3o, da r\u00e1dio 95,7 FM, o radialista Haroldo Azi revelou que a cooperativa de m\u00e9dicos que presta servi\u00e7o \u00e0 maternidade n\u00e3o estava recebendo em dia o pagamento da [&hellip;]<\/p>\n","protected":false},"author":1,"featured_media":4867,"comment_status":"open","ping_status":"open","sticky":false,"template":"","format":"standard","meta":{"om_disable_all_campaigns":false,"_exactmetrics_skip_tracking":false,"_exactmetrics_sitenote_active":false,"_exactmetrics_sitenote_note":"","_exactmetrics_sitenote_category":0,"footnotes":""},"categories":[38,30],"tags":[],"class_list":["post-4865","post","type-post","status-publish","format-standard","has-post-thumbnail","hentry","category-alagoinhas-e-regiao","category-destaque"],"aioseo_notices":[],"_links":{"self":[{"href":"https:\/\/newsinfoco.com.br\/inicio\/wp-json\/wp\/v2\/posts\/4865","targetHints":{"allow":["GET"]}}],"collection":[{"href":"https:\/\/newsinfoco.com.br\/inicio\/wp-json\/wp\/v2\/posts"}],"about":[{"href":"https:\/\/newsinfoco.com.br\/inicio\/wp-json\/wp\/v2\/types\/post"}],"author":[{"embeddable":true,"href":"https:\/\/newsinfoco.com.br\/inicio\/wp-json\/wp\/v2\/users\/1"}],"replies":[{"embeddable":true,"href":"https:\/\/newsinfoco.com.br\/inicio\/wp-json\/wp\/v2\/comments?post=4865"}],"version-history":[{"count":0,"href":"https:\/\/newsinfoco.com.br\/inicio\/wp-json\/wp\/v2\/posts\/4865\/revisions"}],"wp:featuredmedia":[{"embeddable":true,"href":"https:\/\/newsinfoco.com.br\/inicio\/wp-json\/wp\/v2\/media\/4867"}],"wp:attachment":[{"href":"https:\/\/newsinfoco.com.br\/inicio\/wp-json\/wp\/v2\/media?parent=4865"}],"wp:term":[{"taxonomy":"category","embeddable":true,"href":"https:\/\/newsinfoco.com.br\/inicio\/wp-json\/wp\/v2\/categories?post=4865"},{"taxonomy":"post_tag","embeddable":true,"href":"https:\/\/newsinfoco.com.br\/inicio\/wp-json\/wp\/v2\/tags?post=4865"}],"curies":[{"name":"wp","href":"https:\/\/api.w.org\/{rel}","templated":true}]}}