{"id":48651,"date":"2026-01-21T22:53:30","date_gmt":"2026-01-22T01:53:30","guid":{"rendered":"https:\/\/newsinfoco.com.br\/inicio\/?p=48651"},"modified":"2026-01-21T22:53:30","modified_gmt":"2026-01-22T01:53:30","slug":"lula-lidera-intencao-de-votos-em-todos-os-cenarios-do-1o-turno-de-2026-diz-atlas-bloomberg","status":"publish","type":"post","link":"https:\/\/newsinfoco.com.br\/inicio\/lula-lidera-intencao-de-votos-em-todos-os-cenarios-do-1o-turno-de-2026-diz-atlas-bloomberg\/","title":{"rendered":"Lula lidera inten\u00e7\u00e3o de votos em todos os cen\u00e1rios do 1\u00ba turno de 2026, diz Atlas\/Bloomberg"},"content":{"rendered":"<div>\n<div class=\"conteudo_post\">\n<p>A pesquisa Atlas\/Bloomberg divulgada nesta quarta-feira (21) aponta que o presidente da Rep\u00fablica, Luiz In\u00e1cio Lula da Silva (PT), lidera a inten\u00e7\u00e3o de votos em primeiro turno em todos os cen\u00e1rios testados no levantamento, com varia\u00e7\u00e3o de 46,4% a 48,8%.<\/p>\n<p>O instituto entrevistou 5.418 pessoas entre os dias 15 e 20 de janeiro de 2026. A metodologia utilizada foi a de Recrutamento digital aleat\u00f3rio (Atlas RDR). A margem de erro \u00e9 de 1 ponto percentual, para mais ou para menos, com intervalo de confian\u00e7a de 95%. O levantamento foi registrado no Tribunal Superior Eleitoral sob o n\u00ba BR-02804\/2026.<\/p><div class=\"newsi-conteudo_19\" id=\"newsi-3109374768\"><a href=\"https:\/\/www.instagram.com\/prefeituraalagoinhas?igsh=YzgzdDJ1bWR3aWI4\" aria-label=\"SAVE_20251006_221555\"><img loading=\"lazy\" decoding=\"async\" src=\"https:\/\/newsinfoco.com.br\/inicio\/wp-content\/uploads\/2025\/10\/SAVE_20251006_221555-rotated.jpg\" alt=\"\"  srcset=\"https:\/\/newsinfoco.com.br\/inicio\/wp-content\/uploads\/2025\/10\/SAVE_20251006_221555-rotated.jpg 1140w, https:\/\/newsinfoco.com.br\/inicio\/wp-content\/uploads\/2025\/10\/SAVE_20251006_221555-300x52.jpg 300w, https:\/\/newsinfoco.com.br\/inicio\/wp-content\/uploads\/2025\/10\/SAVE_20251006_221555-1024x177.jpg 1024w, https:\/\/newsinfoco.com.br\/inicio\/wp-content\/uploads\/2025\/10\/SAVE_20251006_221555-768x133.jpg 768w, https:\/\/newsinfoco.com.br\/inicio\/wp-content\/uploads\/2025\/10\/SAVE_20251006_221555-600x104.jpg 600w, https:\/\/newsinfoco.com.br\/inicio\/wp-content\/uploads\/2025\/10\/SAVE_20251006_221555-696x120.jpg 696w, https:\/\/newsinfoco.com.br\/inicio\/wp-content\/uploads\/2025\/10\/SAVE_20251006_221555-1068x185.jpg 1068w\" sizes=\"(max-width: 1140px) 100vw, 1140px\" width=\"1140\" height=\"197\"   \/><\/a><\/div>\n<p>No primeiro cen\u00e1rio, concorrendo com o ex-presidente Jair Bolsonaro (PL), Lula aparece com 46,4% dos votos, Bolsonaro com 43,4%, Ciro Gomes (PSDB) com 3,2% e Simone Tebet (MDB) com 2,3%. J\u00e1 1,8% dos eleitores escolheram outro candidato de 2022 n\u00e3o especificado na pesquisa, enquanto 2,2% votariam branco ou nulo e 0,6% n\u00e3o sabem qual seria sua escolha.<\/p>\n<p><b>Cen\u00e1rio 1\u00a0<\/b><\/p>\n<p><b>Lula (PT)<\/b>\u00a0\u2013 46,4%<br \/>\n<b>Jair Bolsonaro (PL)<\/b>\u00a0\u2013 43,4%<br \/>\n<b>Ciro Gomes (PSDB)<\/b>\u00a0\u2013 3,2%<br \/>\n<b>Simone Tebet (MDB)<\/b>\u00a0\u2013 2,3%<br \/>\n<b>Outro candidato de 2022\u00a0<\/b>\u2013 1,8%<br \/>\n<b>Branco ou nulo<\/b>\u00a0\u2013 2,2%<br \/>\n<b>N\u00e3o sei<\/b>\u00a0\u2013 0,6%<\/p>\n<p>O segundo cen\u00e1rio testado foi ampliado, com nove candidatos na disputa. Lula tem 48,4% dos votos, \u00e0 frente do pr\u00e9-candidato Fl\u00e1vio Bolsonaro (PL) com 28%. Tarc\u00edsio de Freitas (Republicanos) fica em terceiro lugar com 11%, seguido por Renan Santos (Miss\u00e3o) e Ronaldo Caiado (Uni\u00e3o), ambos com 2,9%, Ratinho Jr. (PSD) e Romeu Zema (Novo) tamb\u00e9m ficam empatados com 1,7%. Em \u00faltimo lugar entre os candidatos testados est\u00e1 Aldo Rebelo (DC) com 1%. Votaram branco ou nulo 2,1%, enquanto 0,3% n\u00e3o soube responder.<\/p>\n<p><b>Cen\u00e1rio 2<\/b><\/p>\n<p><b>Lula (PT)<\/b>\u00a0\u2013 48,4%<br \/>\n<b>Fl\u00e1vio Bolsonaro (PL)<\/b>\u00a0\u2013 28%<br \/>\n<b>Tarc\u00edsio de Freitas (Republicanos)<\/b>\u00a0\u2013 11%<br \/>\n<b>Renan Santos (Miss\u00e3o)<\/b>\u00a0\u2013 2,9%<br \/>\n<b>Ronaldo Caiado (Uni\u00e3o Brasil)<\/b>\u00a0\u2013 2,9%<br \/>\n<b>Ratinho Jr. (PSD)<\/b>\u00a0\u2013 1,7%<br \/>\n<b>Romeu Zema (Novo)<\/b>\u00a0\u2013 1,7%<br \/>\n<b>Aldo Rebelo (DC)<\/b>\u00a0\u2013 1%<br \/>\n<b>Branco ou nulo<\/b>\u00a0\u2013 2,1%<br \/>\n<b>N\u00e3o sei<\/b>\u00a0\u2013 0,3%<\/p>\n<p>J\u00e1 no terceiro cen\u00e1rio, sem Tarc\u00edsio na disputa, Lula segue na lideran\u00e7a com 48,8% dos votos, enquanto Fl\u00e1vio tem 35%. Caiado aparece em terceiro com 4,3%, seguido por Renan com 3,4%. Ratinho e Zema empatam com 2,8% e Rebelo em \u00faltimo com 1%. Votaram branco ou nulo 1,5% e 0,4% responderam \u201cn\u00e3o sei\u201d.<\/p>\n<p><b>Cen\u00e1rio 3<\/b><\/p>\n<p><b>Lula (PT)<\/b>\u00a0\u2013 48,8%<br \/>\n<b>Fl\u00e1vio Bolsonaro (PL)<\/b>\u00a0\u2013 35%<br \/>\n<b>Ronaldo Caiado (Uni\u00e3o Brasil)<\/b>\u00a0\u2013 4,3%<b><br \/>\n<\/b><b>Renan Santos (Miss\u00e3o)<\/b>\u00a0\u2013 3,4%<br \/>\n<b>Ratinho Jr. (PSD)<\/b>\u00a0\u2013 2,8%<br \/>\n<b>Romeu Zema (Novo)<\/b>\u00a0\u2013 2,8%<br \/>\n<b>Aldo Rebelo (DC)<\/b>\u00a0\u2013 1%<br \/>\n<b>Branco ou nulo<\/b>\u00a0\u2013 1,5%<br \/>\n<b>N\u00e3o sei<\/b>\u00a0\u2013 0,4%<\/p>\n<p>No quarto cen\u00e1rio Tarc\u00edsio aparece na disputa com 28,4% dos votos, enquanto Lula continua em primeiro lugar com 48,5%. Caiado fica em terceiro com 5%, Ratinho e Zema empatam com 3,9%, Renan tem 3,2% e Rebelo 1,1%. A quantidade de votos brancos ou nulos neste cen\u00e1rio sobe para 5% e 1,1% disseram n\u00e3o saber.<\/p>\n<p><b>Cen\u00e1rio 4<\/b><\/p>\n<p><b>Lula (PT)<\/b>\u00a0\u2013 48,5%<br \/>\n<b>Tarc\u00edsio de Freitas (Republicanos)<\/b>\u00a0\u2013 28,4%<br \/>\n<b>Ronaldo Caiado (Uni\u00e3o Brasil)<\/b>\u00a0\u2013 5%<br \/>\n<b>Ratinho Jr. (PSD)<\/b>\u00a0\u2013 3,9%<br \/>\n<b>Romeu Zema (Novo)<\/b>\u00a0\u2013 3,9%<br \/>\n<b>Renan Santos (Miss\u00e3o)<\/b>\u00a0\u2013 3,2%<br \/>\n<b>Aldo Rebelo (DC)<\/b>\u00a0\u2013 1,1%<br \/>\n<b>Branco ou nulo<\/b>\u00a0\u2013 5%<br \/>\n<b>N\u00e3o sei<\/b>\u00a0\u2013 1,1%<\/p>\n<p>O quinto cen\u00e1rio testa a inten\u00e7\u00e3o de votos para Michelle Bolsonaro (PL), que angaria 30,9% dos eleitores, mas Lula mant\u00e9m a estabilidade com 48,2%. Caiado tamb\u00e9m permanece em terceiro, com 11,3% dos votos, seguido por Renan com\u00a0 3,9%, Eduardo Leite (PSD) tem 1,7% e Rebelo 0,7%. Votam branco ou nulo 2,8% e 0,5% n\u00e3o souberam responder.<\/p>\n<p><b>Cen\u00e1rio 5<\/b><\/p>\n<p><b>Lula (PT)<\/b>\u00a0\u2013 48,2%<br \/>\n<b>Michelle Bolsonaro (PL)<\/b>\u00a0\u2013 30,9%<br \/>\n<b>Ronaldo Caiado (Uni\u00e3o Brasil)<\/b>\u00a0\u2013 11,3%<b><br \/>\n<\/b><b>Renan Santos (Miss\u00e3o)<\/b>\u00a0\u2013 3,9%<br \/>\n<b>Eduardo Leite (PSD)<\/b>\u00a0\u2013 1,7%<br \/>\n<b>Aldo Rebelo (DC)<\/b>\u00a0\u2013 0,7%<br \/>\n<b>Branco ou nulo<\/b>\u00a0\u2013 2,8%<br \/>\n<b>N\u00e3o sei<\/b>\u00a0\u2013 0,5%<\/p>\n<p>No sexto e \u00faltimo cen\u00e1rio do primeiro turno, nenhum dos quadros pol\u00edticos da fam\u00edlia Bolsonaro aparece. Lula tem 48,8% das inten\u00e7\u00f5es de votos, Caiado fica em segundo com 15,2%, seguido por Zema com 11,4%, Ratinho com 9,4%, Renan com 3,9% e Rebelo com 1%. Os votos brancos ou nulos sobem para 8,1% nesta situa\u00e7\u00e3o e 2,2% disseram n\u00e3o saber qual candidato escolheriam.<\/p>\n<p><b>Cen\u00e1rio 6<\/b><\/p>\n<p><b>Lula (PT)<\/b>\u00a0\u2013 48,8%<br \/>\n<b>Ronaldo Caiado (Uni\u00e3o Brasil)<\/b>\u00a0\u2013 15,2%<br \/>\n<b>Romeu Zema (Novo)<\/b>\u00a0\u2013 11,4%<br \/>\n<b>Ratinho Jr. (PSD)<\/b>\u00a0\u2013 9,4%<br \/>\n<b>Renan Santos (Miss\u00e3o)<\/b>\u00a0\u2013 3,9%<br \/>\n<b>Aldo Rebelo (DC)<\/b>\u00a0\u2013 1%<br \/>\n<b>Branco ou nulo<\/b>\u00a0\u2013 8,1%<br \/>\n<b>N\u00e3o sei<\/b>\u00a0\u2013 2,2%<\/p>\n<p>&nbsp;<\/p>\n<div class=\"twitter-tweet twitter-tweet-rendered\"><iframe id=\"twitter-widget-0\" class=\"\" title=\"X Post\" src=\"https:\/\/platform.twitter.com\/embed\/Tweet.html?creatorScreenName=pontoBA&amp;dnt=false&amp;embedId=twitter-widget-0&amp;features=eyJ0ZndfdGltZWxpbmVfbGlzdCI6eyJidWNrZXQiOltdLCJ2ZXJzaW9uIjpudWxsfSwidGZ3X2ZvbGxvd2VyX2NvdW50X3N1bnNldCI6eyJidWNrZXQiOnRydWUsInZlcnNpb24iOm51bGx9LCJ0ZndfdHdlZXRfZWRpdF9iYWNrZW5kIjp7ImJ1Y2tldCI6Im9uIiwidmVyc2lvbiI6bnVsbH0sInRmd19yZWZzcmNfc2Vzc2lvbiI6eyJidWNrZXQiOiJvbiIsInZlcnNpb24iOm51bGx9LCJ0ZndfZm9zbnJfc29mdF9pbnRlcnZlbnRpb25zX2VuYWJsZWQiOnsiYnVja2V0Ijoib24iLCJ2ZXJzaW9uIjpudWxsfSwidGZ3X21peGVkX21lZGlhXzE1ODk3Ijp7ImJ1Y2tldCI6InRyZWF0bWVudCIsInZlcnNpb24iOm51bGx9LCJ0ZndfZXhwZXJpbWVudHNfY29va2llX2V4cGlyYXRpb24iOnsiYnVja2V0IjoxMjA5NjAwLCJ2ZXJzaW9uIjpudWxsfSwidGZ3X3Nob3dfYmlyZHdhdGNoX3Bpdm90c19lbmFibGVkIjp7ImJ1Y2tldCI6Im9uIiwidmVyc2lvbiI6bnVsbH0sInRmd19kdXBsaWNhdGVfc2NyaWJlc190b19zZXR0aW5ncyI6eyJidWNrZXQiOiJvbiIsInZlcnNpb24iOm51bGx9LCJ0ZndfdXNlX3Byb2ZpbGVfaW1hZ2Vfc2hhcGVfZW5hYmxlZCI6eyJidWNrZXQiOiJvbiIsInZlcnNpb24iOm51bGx9LCJ0ZndfdmlkZW9faGxzX2R5bmFtaWNfbWFuaWZlc3RzXzE1MDgyIjp7ImJ1Y2tldCI6InRydWVfYml0cmF0ZSIsInZlcnNpb24iOm51bGx9LCJ0ZndfbGVnYWN5X3RpbWVsaW5lX3N1bnNldCI6eyJidWNrZXQiOnRydWUsInZlcnNpb24iOm51bGx9LCJ0ZndfdHdlZXRfZWRpdF9mcm9udGVuZCI6eyJidWNrZXQiOiJvbiIsInZlcnNpb24iOm51bGx9fQ%3D%3D&amp;frame=false&amp;hideCard=false&amp;hideThread=false&amp;id=2013934007004655691&amp;lang=pt&amp;origin=https%3A%2F%2Fbahia.ba%2Fpolitica%2Flula-lidera-intencao-de-votos-em-todos-os-cenarios-do-1o-turno-de-2026-diz-atlas-bloomberg%2F&amp;sessionId=c5a3cc053e1cb34c04ba165c07000930b3fa1898&amp;siteScreenName=pontoBA&amp;theme=light&amp;widgetsVersion=2615f7e52b7e0%3A1702314776716&amp;width=550px\" frameborder=\"0\" scrolling=\"no\" allowfullscreen=\"allowfullscreen\" data-tweet-id=\"2013934007004655691\"><\/iframe><\/div>\n<p>&nbsp;<\/p>\n<\/div>\n<div id=\"author-info\" class=\"ui items\">\n<div class=\"item\"><\/div>\n<\/div>\n<\/div>\n<div><\/div>\n<div class=\"autor\">Raquel Franco para o Bahia.ba<\/div>\n<div id=\"div-share\"><\/div>\n<div class='share-to-whatsapp-wrapper'><div class='share-on-whsp'>Share on: <\/div><a data-text='Lula lidera inten\u00e7\u00e3o de votos em todos os cen\u00e1rios do 1\u00ba turno de 2026, diz Atlas\/Bloomberg' data-link='https:\/\/newsinfoco.com.br\/inicio\/lula-lidera-intencao-de-votos-em-todos-os-cenarios-do-1o-turno-de-2026-diz-atlas-bloomberg\/' class='whatsapp-button whatsapp-share'>WhatsApp<\/a><div class='clear '><\/div><\/div>","protected":false},"excerpt":{"rendered":"<p>A pesquisa Atlas\/Bloomberg divulgada nesta quarta-feira (21) aponta que o presidente da Rep\u00fablica, Luiz In\u00e1cio Lula da Silva (PT), lidera a inten\u00e7\u00e3o de votos em primeiro turno em todos os cen\u00e1rios testados no levantamento, com varia\u00e7\u00e3o de 46,4% a 48,8%. O instituto entrevistou 5.418 pessoas entre os dias 15 e 20 de janeiro de 2026. [&hellip;]<\/p>\n","protected":false},"author":1,"featured_media":47860,"comment_status":"closed","ping_status":"closed","sticky":false,"template":"","format":"standard","meta":{"om_disable_all_campaigns":false,"_exactmetrics_skip_tracking":false,"_exactmetrics_sitenote_active":false,"_exactmetrics_sitenote_note":"","_exactmetrics_sitenote_category":0,"footnotes":""},"categories":[21],"tags":[],"class_list":["post-48651","post","type-post","status-publish","format-standard","has-post-thumbnail","hentry","category-brasil"],"aioseo_notices":[],"_links":{"self":[{"href":"https:\/\/newsinfoco.com.br\/inicio\/wp-json\/wp\/v2\/posts\/48651","targetHints":{"allow":["GET"]}}],"collection":[{"href":"https:\/\/newsinfoco.com.br\/inicio\/wp-json\/wp\/v2\/posts"}],"about":[{"href":"https:\/\/newsinfoco.com.br\/inicio\/wp-json\/wp\/v2\/types\/post"}],"author":[{"embeddable":true,"href":"https:\/\/newsinfoco.com.br\/inicio\/wp-json\/wp\/v2\/users\/1"}],"replies":[{"embeddable":true,"href":"https:\/\/newsinfoco.com.br\/inicio\/wp-json\/wp\/v2\/comments?post=48651"}],"version-history":[{"count":1,"href":"https:\/\/newsinfoco.com.br\/inicio\/wp-json\/wp\/v2\/posts\/48651\/revisions"}],"predecessor-version":[{"id":48652,"href":"https:\/\/newsinfoco.com.br\/inicio\/wp-json\/wp\/v2\/posts\/48651\/revisions\/48652"}],"wp:featuredmedia":[{"embeddable":true,"href":"https:\/\/newsinfoco.com.br\/inicio\/wp-json\/wp\/v2\/media\/47860"}],"wp:attachment":[{"href":"https:\/\/newsinfoco.com.br\/inicio\/wp-json\/wp\/v2\/media?parent=48651"}],"wp:term":[{"taxonomy":"category","embeddable":true,"href":"https:\/\/newsinfoco.com.br\/inicio\/wp-json\/wp\/v2\/categories?post=48651"},{"taxonomy":"post_tag","embeddable":true,"href":"https:\/\/newsinfoco.com.br\/inicio\/wp-json\/wp\/v2\/tags?post=48651"}],"curies":[{"name":"wp","href":"https:\/\/api.w.org\/{rel}","templated":true}]}}