{"id":48653,"date":"2026-01-21T22:55:56","date_gmt":"2026-01-22T01:55:56","guid":{"rendered":"https:\/\/newsinfoco.com.br\/inicio\/?p=48653"},"modified":"2026-01-21T22:55:56","modified_gmt":"2026-01-22T01:55:56","slug":"gleisi-hoffmann-anuncia-pre-candidatura-ao-senado-pelo-parana","status":"publish","type":"post","link":"https:\/\/newsinfoco.com.br\/inicio\/gleisi-hoffmann-anuncia-pre-candidatura-ao-senado-pelo-parana\/","title":{"rendered":"Gleisi Hoffmann anuncia pr\u00e9-candidatura ao Senado pelo Paran\u00e1"},"content":{"rendered":"<div class=\"conteudo_post\">\n<p data-start=\"0\" data-end=\"175\">A ministra-chefe da Secretaria de Rela\u00e7\u00f5es Institucionais (SRI), Gleisi Hoffmann, confirmou nesta quarta-feira (21) que ser\u00e1 pr\u00e9-candidata ao Senado pelo Paran\u00e1.<\/p>\n<p data-start=\"177\" data-end=\"418\">Em postagem nas redes sociais, Gleisi disse que a decis\u00e3o foi tomada ap\u00f3s di\u00e1logo com o presidente Luiz In\u00e1cio Lula da Silva (PT) e com o presidente nacional do partido, Edinho Silva, para definir os pr\u00f3ximos passos da candidatura.<\/p><div class=\"newsi-conteudo_19\" id=\"newsi-3681615870\"><a href=\"https:\/\/www.instagram.com\/prefeituraalagoinhas?igsh=YzgzdDJ1bWR3aWI4\" aria-label=\"SAVE_20251006_221555\"><img loading=\"lazy\" decoding=\"async\" src=\"https:\/\/newsinfoco.com.br\/inicio\/wp-content\/uploads\/2025\/10\/SAVE_20251006_221555-rotated.jpg\" alt=\"\"  srcset=\"https:\/\/newsinfoco.com.br\/inicio\/wp-content\/uploads\/2025\/10\/SAVE_20251006_221555-rotated.jpg 1140w, https:\/\/newsinfoco.com.br\/inicio\/wp-content\/uploads\/2025\/10\/SAVE_20251006_221555-300x52.jpg 300w, https:\/\/newsinfoco.com.br\/inicio\/wp-content\/uploads\/2025\/10\/SAVE_20251006_221555-1024x177.jpg 1024w, https:\/\/newsinfoco.com.br\/inicio\/wp-content\/uploads\/2025\/10\/SAVE_20251006_221555-768x133.jpg 768w, https:\/\/newsinfoco.com.br\/inicio\/wp-content\/uploads\/2025\/10\/SAVE_20251006_221555-600x104.jpg 600w, https:\/\/newsinfoco.com.br\/inicio\/wp-content\/uploads\/2025\/10\/SAVE_20251006_221555-696x120.jpg 696w, https:\/\/newsinfoco.com.br\/inicio\/wp-content\/uploads\/2025\/10\/SAVE_20251006_221555-1068x185.jpg 1068w\" sizes=\"(max-width: 1140px) 100vw, 1140px\" width=\"1140\" height=\"197\"   \/><\/a><\/div>\n<p data-start=\"420\" data-end=\"758\" data-is-last-node=\"\" data-is-only-node=\"\">Antes de assumir a SRI, em mar\u00e7o de 2025, Gleisi exercia o mandato de deputada federal pelo Paran\u00e1.<\/p>\n<p data-start=\"420\" data-end=\"758\" data-is-last-node=\"\" data-is-only-node=\"\">Para concorrer ao Senado, a ministra precisar\u00e1 se afastar do cargo at\u00e9 abril, cumprindo o prazo legal de seis meses de desincompatibiliza\u00e7\u00e3o exigido para autoridades que ocupam determinados cargos p\u00fablicos e desejam disputar elei\u00e7\u00f5es.<\/p>\n<p><iframe id=\"instagram-embed-0\" class=\"instagram-media instagram-media-rendered\" src=\"https:\/\/www.instagram.com\/p\/DTyZAYOkZ8v\/embed\/captioned\/?cr=1&amp;v=14&amp;wp=540&amp;rd=https%3A%2F%2Fbahia.ba&amp;rp=%2Fpolitica%2Fgleisi-hoffmann-anuncia-pre-candidatura-ao-senado-pelo-parana%2F#%7B%22ci%22%3A0%2C%22os%22%3A5115%2C%22ls%22%3A2290.8999999910593%2C%22le%22%3A4730.0999999940395%7D\" height=\"835\" frameborder=\"0\" scrolling=\"no\" allowfullscreen=\"allowfullscreen\" data-instgrm-payload-id=\"instagram-media-payload-0\" data-mce-fragment=\"1\"><\/iframe>&nbsp;<\/p>\n<\/div>\n<div id=\"author-info\" class=\"ui items\">\n<div class=\"item\"><\/div>\n<\/div>\n<div class='share-to-whatsapp-wrapper'><div class='share-on-whsp'>Share on: <\/div><a data-text='Gleisi Hoffmann anuncia pr\u00e9-candidatura ao Senado pelo Paran\u00e1' data-link='https:\/\/newsinfoco.com.br\/inicio\/gleisi-hoffmann-anuncia-pre-candidatura-ao-senado-pelo-parana\/' class='whatsapp-button whatsapp-share'>WhatsApp<\/a><div class='clear '><\/div><\/div>","protected":false},"excerpt":{"rendered":"<p>A ministra-chefe da Secretaria de Rela\u00e7\u00f5es Institucionais (SRI), Gleisi Hoffmann, confirmou nesta quarta-feira (21) que ser\u00e1 pr\u00e9-candidata ao Senado pelo Paran\u00e1. Em postagem nas redes sociais, Gleisi disse que a decis\u00e3o foi tomada ap\u00f3s di\u00e1logo com o presidente Luiz In\u00e1cio Lula da Silva (PT) e com o presidente nacional do partido, Edinho Silva, para definir [&hellip;]<\/p>\n","protected":false},"author":1,"featured_media":44006,"comment_status":"closed","ping_status":"closed","sticky":false,"template":"","format":"standard","meta":{"om_disable_all_campaigns":false,"_exactmetrics_skip_tracking":false,"_exactmetrics_sitenote_active":false,"_exactmetrics_sitenote_note":"","_exactmetrics_sitenote_category":0,"footnotes":""},"categories":[21],"tags":[],"class_list":["post-48653","post","type-post","status-publish","format-standard","has-post-thumbnail","hentry","category-brasil"],"aioseo_notices":[],"_links":{"self":[{"href":"https:\/\/newsinfoco.com.br\/inicio\/wp-json\/wp\/v2\/posts\/48653","targetHints":{"allow":["GET"]}}],"collection":[{"href":"https:\/\/newsinfoco.com.br\/inicio\/wp-json\/wp\/v2\/posts"}],"about":[{"href":"https:\/\/newsinfoco.com.br\/inicio\/wp-json\/wp\/v2\/types\/post"}],"author":[{"embeddable":true,"href":"https:\/\/newsinfoco.com.br\/inicio\/wp-json\/wp\/v2\/users\/1"}],"replies":[{"embeddable":true,"href":"https:\/\/newsinfoco.com.br\/inicio\/wp-json\/wp\/v2\/comments?post=48653"}],"version-history":[{"count":1,"href":"https:\/\/newsinfoco.com.br\/inicio\/wp-json\/wp\/v2\/posts\/48653\/revisions"}],"predecessor-version":[{"id":48654,"href":"https:\/\/newsinfoco.com.br\/inicio\/wp-json\/wp\/v2\/posts\/48653\/revisions\/48654"}],"wp:featuredmedia":[{"embeddable":true,"href":"https:\/\/newsinfoco.com.br\/inicio\/wp-json\/wp\/v2\/media\/44006"}],"wp:attachment":[{"href":"https:\/\/newsinfoco.com.br\/inicio\/wp-json\/wp\/v2\/media?parent=48653"}],"wp:term":[{"taxonomy":"category","embeddable":true,"href":"https:\/\/newsinfoco.com.br\/inicio\/wp-json\/wp\/v2\/categories?post=48653"},{"taxonomy":"post_tag","embeddable":true,"href":"https:\/\/newsinfoco.com.br\/inicio\/wp-json\/wp\/v2\/tags?post=48653"}],"curies":[{"name":"wp","href":"https:\/\/api.w.org\/{rel}","templated":true}]}}