{"id":48659,"date":"2026-01-21T23:02:22","date_gmt":"2026-01-22T02:02:22","guid":{"rendered":"https:\/\/newsinfoco.com.br\/inicio\/?p=48659"},"modified":"2026-01-21T23:02:22","modified_gmt":"2026-01-22T02:02:22","slug":"nelson-leal-entra-na-justica-contra-jaques-wagner-por-divulgacao-de-pesquisa-fake-irresponsabilidade","status":"publish","type":"post","link":"https:\/\/newsinfoco.com.br\/inicio\/nelson-leal-entra-na-justica-contra-jaques-wagner-por-divulgacao-de-pesquisa-fake-irresponsabilidade\/","title":{"rendered":"Nelson Leal entra na justi\u00e7a contra Jaques Wagner por divulga\u00e7\u00e3o de pesquisa fake: \u201cIrresponsabilidade\u201d"},"content":{"rendered":"<p>O deputado estadual Nelson Leal (PP) entrou na Justi\u00e7a contra o senador Jaques Wagner (PT), l\u00edder do governo no Senado Federal, por divulgar o que classificou como uma pesquisa eleitoral falsa relacionada ao Governo da Bahia.<\/p>\n<p>A declara\u00e7\u00e3o de Wagner foi feita em entrevista \u00e0 TV Baiana, nesta quarta-feira (21). Na ocasi\u00e3o, o senador atribuiu ao instituto AtlasIntel um suposto levantamento eleitoral. \u201cAtlas\/Intel fez uma pesquisa, deve ser recente desta semana, dando as possibilidades de Jer\u00f4nimo ganhar no primeiro turno com 54% dos votos\u201d, afirmou.<\/p><div class=\"newsi-conteudo_19\" id=\"newsi-643359821\"><a href=\"https:\/\/www.instagram.com\/prefeituraalagoinhas?igsh=YzgzdDJ1bWR3aWI4\" aria-label=\"SAVE_20251006_221555\"><img loading=\"lazy\" decoding=\"async\" src=\"https:\/\/newsinfoco.com.br\/inicio\/wp-content\/uploads\/2025\/10\/SAVE_20251006_221555-rotated.jpg\" alt=\"\"  srcset=\"https:\/\/newsinfoco.com.br\/inicio\/wp-content\/uploads\/2025\/10\/SAVE_20251006_221555-rotated.jpg 1140w, https:\/\/newsinfoco.com.br\/inicio\/wp-content\/uploads\/2025\/10\/SAVE_20251006_221555-300x52.jpg 300w, https:\/\/newsinfoco.com.br\/inicio\/wp-content\/uploads\/2025\/10\/SAVE_20251006_221555-1024x177.jpg 1024w, https:\/\/newsinfoco.com.br\/inicio\/wp-content\/uploads\/2025\/10\/SAVE_20251006_221555-768x133.jpg 768w, https:\/\/newsinfoco.com.br\/inicio\/wp-content\/uploads\/2025\/10\/SAVE_20251006_221555-600x104.jpg 600w, https:\/\/newsinfoco.com.br\/inicio\/wp-content\/uploads\/2025\/10\/SAVE_20251006_221555-696x120.jpg 696w, https:\/\/newsinfoco.com.br\/inicio\/wp-content\/uploads\/2025\/10\/SAVE_20251006_221555-1068x185.jpg 1068w\" sizes=\"(max-width: 1140px) 100vw, 1140px\" width=\"1140\" height=\"197\"   \/><\/a><\/div>\n<p>A informa\u00e7\u00e3o, no entanto, foi negada pelo pr\u00f3prio instituto. Ao jornal Correio, o chefe de Risco Pol\u00edtico e An\u00e1lise Pol\u00edtica da AtlasIntel, Yuri Sanches, confirmou que o levantamento citado pelo senador n\u00e3o existe.<\/p>\n<p>Diante do caso, Nelson Leal reagiu e anunciou que acionou a Justi\u00e7a contra Wagner. \u201c\u00c9 uma irresponsabilidade dupla, pois ele \u00e9 senador da Rep\u00fablica e l\u00edder do governo. Espalhar fake news \u00e9 crime. Passou um temp\u00e3o falando que o ex-presidente Bolsonaro propagava fake news e agora faz isso em entrevista. Isso mostra o desespero deles\u201d, declarou.<\/p>\n<p>O deputado afirmou ainda que a legisla\u00e7\u00e3o prev\u00ea puni\u00e7\u00f5es para quem divulga informa\u00e7\u00f5es falsas. \u201cEstou entrando com processo contra ele. Est\u00e1 na lei: aquele que difunde fake news poder\u00e1 ser responsabilizado por crimes contra a honra, por exemplo. Os que exercem mandatos eletivos, como Wagner, podem ser responsabilizados por crime de responsabilidade\u201d, completou.<\/p>\n<p>&nbsp;<\/p>\n<p>Politicalivre<\/p>\n<div class='share-to-whatsapp-wrapper'><div class='share-on-whsp'>Share on: <\/div><a data-text='Nelson Leal entra na justi\u00e7a contra Jaques Wagner por divulga\u00e7\u00e3o de pesquisa fake: \u201cIrresponsabilidade\u201d' data-link='https:\/\/newsinfoco.com.br\/inicio\/nelson-leal-entra-na-justica-contra-jaques-wagner-por-divulgacao-de-pesquisa-fake-irresponsabilidade\/' class='whatsapp-button whatsapp-share'>WhatsApp<\/a><div class='clear '><\/div><\/div>","protected":false},"excerpt":{"rendered":"<p>O deputado estadual Nelson Leal (PP) entrou na Justi\u00e7a contra o senador Jaques Wagner (PT), l\u00edder do governo no Senado Federal, por divulgar o que classificou como uma pesquisa eleitoral falsa relacionada ao Governo da Bahia. A declara\u00e7\u00e3o de Wagner foi feita em entrevista \u00e0 TV Baiana, nesta quarta-feira (21). Na ocasi\u00e3o, o senador atribuiu [&hellip;]<\/p>\n","protected":false},"author":1,"featured_media":13528,"comment_status":"closed","ping_status":"closed","sticky":false,"template":"","format":"standard","meta":{"om_disable_all_campaigns":false,"_exactmetrics_skip_tracking":false,"_exactmetrics_sitenote_active":false,"_exactmetrics_sitenote_note":"","_exactmetrics_sitenote_category":0,"footnotes":""},"categories":[1],"tags":[],"class_list":["post-48659","post","type-post","status-publish","format-standard","has-post-thumbnail","hentry","category-sem-categoria"],"aioseo_notices":[],"_links":{"self":[{"href":"https:\/\/newsinfoco.com.br\/inicio\/wp-json\/wp\/v2\/posts\/48659","targetHints":{"allow":["GET"]}}],"collection":[{"href":"https:\/\/newsinfoco.com.br\/inicio\/wp-json\/wp\/v2\/posts"}],"about":[{"href":"https:\/\/newsinfoco.com.br\/inicio\/wp-json\/wp\/v2\/types\/post"}],"author":[{"embeddable":true,"href":"https:\/\/newsinfoco.com.br\/inicio\/wp-json\/wp\/v2\/users\/1"}],"replies":[{"embeddable":true,"href":"https:\/\/newsinfoco.com.br\/inicio\/wp-json\/wp\/v2\/comments?post=48659"}],"version-history":[{"count":1,"href":"https:\/\/newsinfoco.com.br\/inicio\/wp-json\/wp\/v2\/posts\/48659\/revisions"}],"predecessor-version":[{"id":48660,"href":"https:\/\/newsinfoco.com.br\/inicio\/wp-json\/wp\/v2\/posts\/48659\/revisions\/48660"}],"wp:featuredmedia":[{"embeddable":true,"href":"https:\/\/newsinfoco.com.br\/inicio\/wp-json\/wp\/v2\/media\/13528"}],"wp:attachment":[{"href":"https:\/\/newsinfoco.com.br\/inicio\/wp-json\/wp\/v2\/media?parent=48659"}],"wp:term":[{"taxonomy":"category","embeddable":true,"href":"https:\/\/newsinfoco.com.br\/inicio\/wp-json\/wp\/v2\/categories?post=48659"},{"taxonomy":"post_tag","embeddable":true,"href":"https:\/\/newsinfoco.com.br\/inicio\/wp-json\/wp\/v2\/tags?post=48659"}],"curies":[{"name":"wp","href":"https:\/\/api.w.org\/{rel}","templated":true}]}}