{"id":48767,"date":"2026-02-12T17:09:46","date_gmt":"2026-02-12T20:09:46","guid":{"rendered":"https:\/\/newsinfoco.com.br\/inicio\/?p=48767"},"modified":"2026-02-12T17:09:46","modified_gmt":"2026-02-12T20:09:46","slug":"sem-clima-e-fora-dos-planos-entenda-por-que-cauly-quis-sair-do-bahia","status":"publish","type":"post","link":"https:\/\/newsinfoco.com.br\/inicio\/sem-clima-e-fora-dos-planos-entenda-por-que-cauly-quis-sair-do-bahia\/","title":{"rendered":"Sem clima e fora dos planos, entenda por que Cauly quis sair do Bahia"},"content":{"rendered":"<p>A sa\u00edda de\u00a0<strong>Cauly<\/strong>\u00a0para o\u00a0<strong>S\u00e3o Paulo<\/strong>\u00a0n\u00e3o foi apenas uma oportunidade de mercado. O empr\u00e9stimo do jogador at\u00e9 o fim de 2026 \u00e9 consequ\u00eancia de um processo que vinha se desenhando nos bastidores do\u00a0<strong>Bahia<\/strong>\u00a0nas \u00faltimas semanas.<\/p>\n<p>Natural de Porto Seguro e identificado com a torcida desde sua chegada em 2023, o meia j\u00e1 n\u00e3o vinha sendo aproveitado com regularidade. Na atual temporada, ele atuou apenas em duas partidas do Campeonato Baiano, contra Gal\u00edcia e Vit\u00f3ria. Nos cinco jogos seguintes, sequer foi relacionado pelo t\u00e9cnico Rog\u00e9rio Ceni.<\/p>\n<p>A perda de espa\u00e7o foi o primeiro sinal de que o ciclo poderia estar pr\u00f3ximo do fim. Conforme apura\u00e7\u00e3o do\u00a0<a href=\"https:\/\/bahia.ba\/esporte\/\" target=\"_blank\" rel=\"noopener noreferrer\">bahia.ba<\/a>, em contato com fontes ligadas ao clube e pessoas pr\u00f3ximas ao jogador,\u00a0<strong>Cauly j\u00e1<\/strong>\u00a0<strong>n\u00e3o se sentia \u201c\u00e0 vontade\u201d<\/strong>\u00a0no ambiente interno e demonstrava insatisfa\u00e7\u00e3o com o momento vivido.<\/p>\n<p>O desgaste n\u00e3o surgiu agora. Em 2023, o meia-atacante foi o craque do Bahia na campanha que evitou o rebaixamento \u00e0 S\u00e9rie B. No ano seguinte, mesmo improvisado como falso 9, ele foi pe\u00e7a fundamental em temporada que selou o retorno do Esquadr\u00e3o \u00e0 Libertadores.<\/p>\n<p>A partir de 2025, por\u00e9m, o cen\u00e1rio mudou. Cauly passou a ser reserva com frequ\u00eancia e chegou a ouvir vaias da torcida na Arena Fonte Nova.<\/p>\n<p>O pr\u00f3prio\u00a0<a href=\"https:\/\/bahia.ba\/esporte\/ceni-admite-interesse-do-mercado-em-cauly-mas-afirma-ninguem-quer-pagar\/\" target=\"_blank\" rel=\"noopener noreferrer\">Rog\u00e9rio Ceni<\/a>\u00a0tratou do tema em entrevista coletiva recente, ao comentar a aus\u00eancia do camisa 8 entre os relacionados.<\/p>\n<p><strong>\u201cA gente espera um Cauly mais competitivo, que esteja feliz e alegre para jogar. Gosto muito do Cauly, voc\u00eas sabem o quanto investi de tempo nele, sempre tentando ajud\u00e1-lo. Eu gostaria que ele ficasse, evolu\u00edsse mais, competisse mais e pudesse estar nos jogos\u201d<\/strong>, declarou.<\/p>\n<p>Ceni tamb\u00e9m deixou claro neste in\u00edcio de temporada que prioriza atletas com intensidade, recomposi\u00e7\u00e3o defensiva e entrega t\u00e1tica constante \u2013 perfil que vem se tornando determinante na montagem do time para 2026.<\/p>\n<p>No mesmo dia, o zagueiro\u00a0<a href=\"https:\/\/bahia.ba\/esporte\/capitao-do-bahia-expoe-bastidores-e-abre-o-jogo-sobre-futuro-de-cauly\/\" target=\"_blank\" rel=\"noopener noreferrer\">Kanu<\/a>\u00a0\u2013 um dos l\u00edderes do elenco \u2013 abordou o assunto publicamente e reconheceu o momento delicado vivido pelo companheiro.<\/p>\n<p><strong>\u201cO Cauly \u00e9 um cara sensacional. Algumas coisas n\u00e3o fizeram t\u00e3o bem pra ele, e faz parte do futebol. Acho que ele est\u00e1 em um momento que o clube est\u00e1 tentando entender o melhor caminho para ele, e que ele mesmo est\u00e1 tentando entender o melhor caminho para ele\u201d<\/strong>, disse na ocasi\u00e3o.<\/p>\n<p>Em janeiro, o Bahia chegou a\u00a0<a href=\"https:\/\/bahia.ba\/esporte\/bahia-recebe-proposta-de-emprestimo-por-cauly-e-diz-nao-a-gigante-da-serie-a\/\" target=\"_blank\" rel=\"noopener noreferrer\">recusar uma proposta do S\u00e3o Paulo<\/a>. Com contrato at\u00e9 2028, a tend\u00eancia naquele momento era de perman\u00eancia. A sequ\u00eancia sem oportunidades, por\u00e9m, facilitou o avan\u00e7o das negocia\u00e7\u00f5es para o empr\u00e9stimo.<\/p>\n<p>Desde que chegou ao clube, Cauly disputou\u00a0<strong>174 partidas<\/strong>, marcou\u00a0<strong>23 gols<\/strong>, distribuiu\u00a0<strong>26 assist\u00eancias<\/strong>\u00a0e conquistou dois t\u00edtulos estaduais e uma Copa do Nordeste. Agora, o \u201cMago\u201d busca retomar protagonismo em outro clube do futebol brasileiro.<\/p>\n<p>Bahia.Ba<\/p>\n<div class='share-to-whatsapp-wrapper'><div class='share-on-whsp'>Share on: <\/div><a data-text='Sem clima e fora dos planos, entenda por que Cauly quis sair do Bahia' data-link='https:\/\/newsinfoco.com.br\/inicio\/sem-clima-e-fora-dos-planos-entenda-por-que-cauly-quis-sair-do-bahia\/' class='whatsapp-button whatsapp-share'>WhatsApp<\/a><div class='clear '><\/div><\/div>","protected":false},"excerpt":{"rendered":"<p>A sa\u00edda de\u00a0Cauly\u00a0para o\u00a0S\u00e3o Paulo\u00a0n\u00e3o foi apenas uma oportunidade de mercado. O empr\u00e9stimo do jogador at\u00e9 o fim de 2026 \u00e9 consequ\u00eancia de um processo que vinha se desenhando nos bastidores do\u00a0Bahia\u00a0nas \u00faltimas semanas. Natural de Porto Seguro e identificado com a torcida desde sua chegada em 2023, o meia j\u00e1 n\u00e3o vinha sendo aproveitado [&hellip;]<\/p>\n","protected":false},"author":1,"featured_media":48768,"comment_status":"closed","ping_status":"closed","sticky":false,"template":"","format":"standard","meta":{"om_disable_all_campaigns":false,"rop_custom_images_group":[],"rop_custom_messages_group":[],"rop_publish_now":"initial","rop_publish_now_accounts":[],"rop_publish_now_history":[],"rop_publish_now_status":"pending","_exactmetrics_skip_tracking":false,"footnotes":""},"categories":[19],"tags":[],"class_list":["post-48767","post","type-post","status-publish","format-standard","has-post-thumbnail","hentry","category-bahia"],"aioseo_notices":[],"aioseo_head":"\n\t\t<!-- All in One SEO 4.9.10 - aioseo.com -->\n\t<meta name=\"description\" content=\"A sa\u00edda de Cauly para o S\u00e3o Paulo n\u00e3o foi apenas uma oportunidade de mercado. O empr\u00e9stimo do jogador at\u00e9 o fim de 2026 \u00e9 consequ\u00eancia de um processo que vinha se desenhando nos bastidores do Bahia nas \u00faltimas semanas. Natural de Porto Seguro e identificado com a torcida desde sua chegada em 2023, o meia j\u00e1 n\u00e3o vinha sendo aproveitado\" \/>\n\t<meta name=\"robots\" content=\"max-image-preview:large\" \/>\n\t<meta name=\"author\" content=\"administrador\"\/>\n\t<link rel=\"canonical\" href=\"https:\/\/newsinfoco.com.br\/inicio\/sem-clima-e-fora-dos-planos-entenda-por-que-cauly-quis-sair-do-bahia\/\" \/>\n\t<meta name=\"generator\" content=\"All in One SEO (AIOSEO) 4.9.10\" \/>\n\t\t<meta property=\"og:locale\" content=\"pt_BR\" \/>\n\t\t<meta property=\"og:site_name\" content=\"News In Foco - Editado por Caio Pimenta - O principal site de noticias de Alagoinhas e regi\u00e3o\" \/>\n\t\t<meta property=\"og:type\" content=\"article\" \/>\n\t\t<meta property=\"og:title\" content=\"Sem clima e fora dos planos, entenda por que Cauly quis sair do Bahia - News In Foco - Editado por Caio Pimenta\" \/>\n\t\t<meta property=\"og:description\" content=\"A sa\u00edda de Cauly para o S\u00e3o Paulo n\u00e3o foi apenas uma oportunidade de mercado. O empr\u00e9stimo do jogador at\u00e9 o fim de 2026 \u00e9 consequ\u00eancia de um processo que vinha se desenhando nos bastidores do Bahia nas \u00faltimas semanas. Natural de Porto Seguro e identificado com a torcida desde sua chegada em 2023, o meia j\u00e1 n\u00e3o vinha sendo aproveitado\" \/>\n\t\t<meta property=\"og:url\" content=\"https:\/\/newsinfoco.com.br\/inicio\/sem-clima-e-fora-dos-planos-entenda-por-que-cauly-quis-sair-do-bahia\/\" \/>\n\t\t<meta property=\"article:published_time\" content=\"2026-02-12T20:09:46+00:00\" \/>\n\t\t<meta property=\"article:modified_time\" content=\"2026-02-12T20:09:46+00:00\" \/>\n\t\t<meta name=\"twitter:card\" content=\"summary_large_image\" \/>\n\t\t<meta name=\"twitter:title\" content=\"Sem clima e fora dos planos, entenda por que Cauly quis sair do Bahia - News In Foco - Editado por Caio Pimenta\" \/>\n\t\t<meta name=\"twitter:description\" content=\"A sa\u00edda de Cauly para o S\u00e3o Paulo n\u00e3o foi apenas uma oportunidade de mercado. O empr\u00e9stimo do jogador at\u00e9 o fim de 2026 \u00e9 consequ\u00eancia de um processo que vinha se desenhando nos bastidores do Bahia nas \u00faltimas semanas. Natural de Porto Seguro e identificado com a torcida desde sua chegada em 2023, o meia j\u00e1 n\u00e3o vinha sendo aproveitado\" \/>\n\t\t<script type=\"application\/ld+json\" class=\"aioseo-schema\">\n\t\t\t{\"@context\":\"https:\\\/\\\/schema.org\",\"@graph\":[{\"@type\":\"BlogPosting\",\"@id\":\"https:\\\/\\\/newsinfoco.com.br\\\/inicio\\\/sem-clima-e-fora-dos-planos-entenda-por-que-cauly-quis-sair-do-bahia\\\/#blogposting\",\"name\":\"Sem clima e fora dos planos, entenda por que Cauly quis sair do Bahia - News In Foco - Editado por Caio Pimenta\",\"headline\":\"Sem clima e fora dos planos, entenda por que Cauly quis sair do Bahia\",\"author\":{\"@id\":\"https:\\\/\\\/newsinfoco.com.br\\\/inicio\\\/author\\\/administrador\\\/#author\"},\"publisher\":{\"@id\":\"https:\\\/\\\/newsinfoco.com.br\\\/inicio\\\/#organization\"},\"image\":{\"@type\":\"ImageObject\",\"url\":\"https:\\\/\\\/newsinfoco.com.br\\\/inicio\\\/wp-content\\\/uploads\\\/2026\\\/02\\\/Policia-Federal-2025-05-01T081823.698-1.png\",\"width\":600,\"height\":420},\"datePublished\":\"2026-02-12T17:09:46-03:00\",\"dateModified\":\"2026-02-12T17:09:46-03:00\",\"inLanguage\":\"pt-BR\",\"mainEntityOfPage\":{\"@id\":\"https:\\\/\\\/newsinfoco.com.br\\\/inicio\\\/sem-clima-e-fora-dos-planos-entenda-por-que-cauly-quis-sair-do-bahia\\\/#webpage\"},\"isPartOf\":{\"@id\":\"https:\\\/\\\/newsinfoco.com.br\\\/inicio\\\/sem-clima-e-fora-dos-planos-entenda-por-que-cauly-quis-sair-do-bahia\\\/#webpage\"},\"articleSection\":\"Bahia\"},{\"@type\":\"BreadcrumbList\",\"@id\":\"https:\\\/\\\/newsinfoco.com.br\\\/inicio\\\/sem-clima-e-fora-dos-planos-entenda-por-que-cauly-quis-sair-do-bahia\\\/#breadcrumblist\",\"itemListElement\":[{\"@type\":\"ListItem\",\"@id\":\"https:\\\/\\\/newsinfoco.com.br\\\/inicio#listItem\",\"position\":1,\"name\":\"In\\u00edcio\",\"item\":\"https:\\\/\\\/newsinfoco.com.br\\\/inicio\",\"nextItem\":{\"@type\":\"ListItem\",\"@id\":\"https:\\\/\\\/newsinfoco.com.br\\\/inicio\\\/category\\\/bahia\\\/#listItem\",\"name\":\"Bahia\"}},{\"@type\":\"ListItem\",\"@id\":\"https:\\\/\\\/newsinfoco.com.br\\\/inicio\\\/category\\\/bahia\\\/#listItem\",\"position\":2,\"name\":\"Bahia\",\"item\":\"https:\\\/\\\/newsinfoco.com.br\\\/inicio\\\/category\\\/bahia\\\/\",\"nextItem\":{\"@type\":\"ListItem\",\"@id\":\"https:\\\/\\\/newsinfoco.com.br\\\/inicio\\\/sem-clima-e-fora-dos-planos-entenda-por-que-cauly-quis-sair-do-bahia\\\/#listItem\",\"name\":\"Sem clima e fora dos planos, entenda por que Cauly quis sair do Bahia\"},\"previousItem\":{\"@type\":\"ListItem\",\"@id\":\"https:\\\/\\\/newsinfoco.com.br\\\/inicio#listItem\",\"name\":\"In\\u00edcio\"}},{\"@type\":\"ListItem\",\"@id\":\"https:\\\/\\\/newsinfoco.com.br\\\/inicio\\\/sem-clima-e-fora-dos-planos-entenda-por-que-cauly-quis-sair-do-bahia\\\/#listItem\",\"position\":3,\"name\":\"Sem clima e fora dos planos, entenda por que Cauly quis sair do Bahia\",\"previousItem\":{\"@type\":\"ListItem\",\"@id\":\"https:\\\/\\\/newsinfoco.com.br\\\/inicio\\\/category\\\/bahia\\\/#listItem\",\"name\":\"Bahia\"}}]},{\"@type\":\"Organization\",\"@id\":\"https:\\\/\\\/newsinfoco.com.br\\\/inicio\\\/#organization\",\"name\":\"News In Foco - Editado por Caio Pimenta\",\"description\":\"O principal site de noticias de Alagoinhas e regi\\u00e3o\",\"url\":\"https:\\\/\\\/newsinfoco.com.br\\\/inicio\\\/\"},{\"@type\":\"Person\",\"@id\":\"https:\\\/\\\/newsinfoco.com.br\\\/inicio\\\/author\\\/administrador\\\/#author\",\"url\":\"https:\\\/\\\/newsinfoco.com.br\\\/inicio\\\/author\\\/administrador\\\/\",\"name\":\"administrador\",\"image\":{\"@type\":\"ImageObject\",\"@id\":\"https:\\\/\\\/newsinfoco.com.br\\\/inicio\\\/sem-clima-e-fora-dos-planos-entenda-por-que-cauly-quis-sair-do-bahia\\\/#authorImage\",\"url\":\"https:\\\/\\\/secure.gravatar.com\\\/avatar\\\/c17a617433de8c1dc9584bb79aab7563b46f5bb7e1728c9b17d9cc3ce6a08e49?s=96&d=mm&r=g\",\"width\":96,\"height\":96,\"caption\":\"administrador\"}},{\"@type\":\"WebPage\",\"@id\":\"https:\\\/\\\/newsinfoco.com.br\\\/inicio\\\/sem-clima-e-fora-dos-planos-entenda-por-que-cauly-quis-sair-do-bahia\\\/#webpage\",\"url\":\"https:\\\/\\\/newsinfoco.com.br\\\/inicio\\\/sem-clima-e-fora-dos-planos-entenda-por-que-cauly-quis-sair-do-bahia\\\/\",\"name\":\"Sem clima e fora dos planos, entenda por que Cauly quis sair do Bahia - News In Foco - Editado por Caio Pimenta\",\"description\":\"A sa\\u00edda de Cauly para o S\\u00e3o Paulo n\\u00e3o foi apenas uma oportunidade de mercado. O empr\\u00e9stimo do jogador at\\u00e9 o fim de 2026 \\u00e9 consequ\\u00eancia de um processo que vinha se desenhando nos bastidores do Bahia nas \\u00faltimas semanas. Natural de Porto Seguro e identificado com a torcida desde sua chegada em 2023, o meia j\\u00e1 n\\u00e3o vinha sendo aproveitado\",\"inLanguage\":\"pt-BR\",\"isPartOf\":{\"@id\":\"https:\\\/\\\/newsinfoco.com.br\\\/inicio\\\/#website\"},\"breadcrumb\":{\"@id\":\"https:\\\/\\\/newsinfoco.com.br\\\/inicio\\\/sem-clima-e-fora-dos-planos-entenda-por-que-cauly-quis-sair-do-bahia\\\/#breadcrumblist\"},\"author\":{\"@id\":\"https:\\\/\\\/newsinfoco.com.br\\\/inicio\\\/author\\\/administrador\\\/#author\"},\"creator\":{\"@id\":\"https:\\\/\\\/newsinfoco.com.br\\\/inicio\\\/author\\\/administrador\\\/#author\"},\"image\":{\"@type\":\"ImageObject\",\"url\":\"https:\\\/\\\/newsinfoco.com.br\\\/inicio\\\/wp-content\\\/uploads\\\/2026\\\/02\\\/Policia-Federal-2025-05-01T081823.698-1.png\",\"@id\":\"https:\\\/\\\/newsinfoco.com.br\\\/inicio\\\/sem-clima-e-fora-dos-planos-entenda-por-que-cauly-quis-sair-do-bahia\\\/#mainImage\",\"width\":600,\"height\":420},\"primaryImageOfPage\":{\"@id\":\"https:\\\/\\\/newsinfoco.com.br\\\/inicio\\\/sem-clima-e-fora-dos-planos-entenda-por-que-cauly-quis-sair-do-bahia\\\/#mainImage\"},\"datePublished\":\"2026-02-12T17:09:46-03:00\",\"dateModified\":\"2026-02-12T17:09:46-03:00\"},{\"@type\":\"WebSite\",\"@id\":\"https:\\\/\\\/newsinfoco.com.br\\\/inicio\\\/#website\",\"url\":\"https:\\\/\\\/newsinfoco.com.br\\\/inicio\\\/\",\"name\":\"News In Foco - Editado por Caio Pimenta\",\"description\":\"O principal site de noticias de Alagoinhas e regi\\u00e3o\",\"inLanguage\":\"pt-BR\",\"publisher\":{\"@id\":\"https:\\\/\\\/newsinfoco.com.br\\\/inicio\\\/#organization\"}}]}\n\t\t<\/script>\n\t\t<!-- All in One SEO -->\n\n","aioseo_head_json":{"title":"Sem clima e fora dos planos, entenda por que Cauly quis sair do Bahia - News In Foco - Editado por Caio Pimenta","description":"A sa\u00edda de Cauly para o S\u00e3o Paulo n\u00e3o foi apenas uma oportunidade de mercado. O empr\u00e9stimo do jogador at\u00e9 o fim de 2026 \u00e9 consequ\u00eancia de um processo que vinha se desenhando nos bastidores do Bahia nas \u00faltimas semanas. Natural de Porto Seguro e identificado com a torcida desde sua chegada em 2023, o meia j\u00e1 n\u00e3o vinha sendo aproveitado","canonical_url":"https:\/\/newsinfoco.com.br\/inicio\/sem-clima-e-fora-dos-planos-entenda-por-que-cauly-quis-sair-do-bahia\/","robots":"max-image-preview:large","keywords":"","webmasterTools":{"miscellaneous":""},"schema":{"@context":"https:\/\/schema.org","@graph":[{"@type":"BlogPosting","@id":"https:\/\/newsinfoco.com.br\/inicio\/sem-clima-e-fora-dos-planos-entenda-por-que-cauly-quis-sair-do-bahia\/#blogposting","name":"Sem clima e fora dos planos, entenda por que Cauly quis sair do Bahia - News In Foco - Editado por Caio Pimenta","headline":"Sem clima e fora dos planos, entenda por que Cauly quis sair do Bahia","author":{"@id":"https:\/\/newsinfoco.com.br\/inicio\/author\/administrador\/#author"},"publisher":{"@id":"https:\/\/newsinfoco.com.br\/inicio\/#organization"},"image":{"@type":"ImageObject","url":"https:\/\/newsinfoco.com.br\/inicio\/wp-content\/uploads\/2026\/02\/Policia-Federal-2025-05-01T081823.698-1.png","width":600,"height":420},"datePublished":"2026-02-12T17:09:46-03:00","dateModified":"2026-02-12T17:09:46-03:00","inLanguage":"pt-BR","mainEntityOfPage":{"@id":"https:\/\/newsinfoco.com.br\/inicio\/sem-clima-e-fora-dos-planos-entenda-por-que-cauly-quis-sair-do-bahia\/#webpage"},"isPartOf":{"@id":"https:\/\/newsinfoco.com.br\/inicio\/sem-clima-e-fora-dos-planos-entenda-por-que-cauly-quis-sair-do-bahia\/#webpage"},"articleSection":"Bahia"},{"@type":"BreadcrumbList","@id":"https:\/\/newsinfoco.com.br\/inicio\/sem-clima-e-fora-dos-planos-entenda-por-que-cauly-quis-sair-do-bahia\/#breadcrumblist","itemListElement":[{"@type":"ListItem","@id":"https:\/\/newsinfoco.com.br\/inicio#listItem","position":1,"name":"In\u00edcio","item":"https:\/\/newsinfoco.com.br\/inicio","nextItem":{"@type":"ListItem","@id":"https:\/\/newsinfoco.com.br\/inicio\/category\/bahia\/#listItem","name":"Bahia"}},{"@type":"ListItem","@id":"https:\/\/newsinfoco.com.br\/inicio\/category\/bahia\/#listItem","position":2,"name":"Bahia","item":"https:\/\/newsinfoco.com.br\/inicio\/category\/bahia\/","nextItem":{"@type":"ListItem","@id":"https:\/\/newsinfoco.com.br\/inicio\/sem-clima-e-fora-dos-planos-entenda-por-que-cauly-quis-sair-do-bahia\/#listItem","name":"Sem clima e fora dos planos, entenda por que Cauly quis sair do Bahia"},"previousItem":{"@type":"ListItem","@id":"https:\/\/newsinfoco.com.br\/inicio#listItem","name":"In\u00edcio"}},{"@type":"ListItem","@id":"https:\/\/newsinfoco.com.br\/inicio\/sem-clima-e-fora-dos-planos-entenda-por-que-cauly-quis-sair-do-bahia\/#listItem","position":3,"name":"Sem clima e fora dos planos, entenda por que Cauly quis sair do Bahia","previousItem":{"@type":"ListItem","@id":"https:\/\/newsinfoco.com.br\/inicio\/category\/bahia\/#listItem","name":"Bahia"}}]},{"@type":"Organization","@id":"https:\/\/newsinfoco.com.br\/inicio\/#organization","name":"News In Foco - Editado por Caio Pimenta","description":"O principal site de noticias de Alagoinhas e regi\u00e3o","url":"https:\/\/newsinfoco.com.br\/inicio\/"},{"@type":"Person","@id":"https:\/\/newsinfoco.com.br\/inicio\/author\/administrador\/#author","url":"https:\/\/newsinfoco.com.br\/inicio\/author\/administrador\/","name":"administrador","image":{"@type":"ImageObject","@id":"https:\/\/newsinfoco.com.br\/inicio\/sem-clima-e-fora-dos-planos-entenda-por-que-cauly-quis-sair-do-bahia\/#authorImage","url":"https:\/\/secure.gravatar.com\/avatar\/c17a617433de8c1dc9584bb79aab7563b46f5bb7e1728c9b17d9cc3ce6a08e49?s=96&d=mm&r=g","width":96,"height":96,"caption":"administrador"}},{"@type":"WebPage","@id":"https:\/\/newsinfoco.com.br\/inicio\/sem-clima-e-fora-dos-planos-entenda-por-que-cauly-quis-sair-do-bahia\/#webpage","url":"https:\/\/newsinfoco.com.br\/inicio\/sem-clima-e-fora-dos-planos-entenda-por-que-cauly-quis-sair-do-bahia\/","name":"Sem clima e fora dos planos, entenda por que Cauly quis sair do Bahia - News In Foco - Editado por Caio Pimenta","description":"A sa\u00edda de Cauly para o S\u00e3o Paulo n\u00e3o foi apenas uma oportunidade de mercado. O empr\u00e9stimo do jogador at\u00e9 o fim de 2026 \u00e9 consequ\u00eancia de um processo que vinha se desenhando nos bastidores do Bahia nas \u00faltimas semanas. Natural de Porto Seguro e identificado com a torcida desde sua chegada em 2023, o meia j\u00e1 n\u00e3o vinha sendo aproveitado","inLanguage":"pt-BR","isPartOf":{"@id":"https:\/\/newsinfoco.com.br\/inicio\/#website"},"breadcrumb":{"@id":"https:\/\/newsinfoco.com.br\/inicio\/sem-clima-e-fora-dos-planos-entenda-por-que-cauly-quis-sair-do-bahia\/#breadcrumblist"},"author":{"@id":"https:\/\/newsinfoco.com.br\/inicio\/author\/administrador\/#author"},"creator":{"@id":"https:\/\/newsinfoco.com.br\/inicio\/author\/administrador\/#author"},"image":{"@type":"ImageObject","url":"https:\/\/newsinfoco.com.br\/inicio\/wp-content\/uploads\/2026\/02\/Policia-Federal-2025-05-01T081823.698-1.png","@id":"https:\/\/newsinfoco.com.br\/inicio\/sem-clima-e-fora-dos-planos-entenda-por-que-cauly-quis-sair-do-bahia\/#mainImage","width":600,"height":420},"primaryImageOfPage":{"@id":"https:\/\/newsinfoco.com.br\/inicio\/sem-clima-e-fora-dos-planos-entenda-por-que-cauly-quis-sair-do-bahia\/#mainImage"},"datePublished":"2026-02-12T17:09:46-03:00","dateModified":"2026-02-12T17:09:46-03:00"},{"@type":"WebSite","@id":"https:\/\/newsinfoco.com.br\/inicio\/#website","url":"https:\/\/newsinfoco.com.br\/inicio\/","name":"News In Foco - Editado por Caio Pimenta","description":"O principal site de noticias de Alagoinhas e regi\u00e3o","inLanguage":"pt-BR","publisher":{"@id":"https:\/\/newsinfoco.com.br\/inicio\/#organization"}}]},"og:locale":"pt_BR","og:site_name":"News In Foco - Editado por Caio Pimenta - O principal site de noticias de Alagoinhas e regi\u00e3o","og:type":"article","og:title":"Sem clima e fora dos planos, entenda por que Cauly quis sair do Bahia - News In Foco - Editado por Caio Pimenta","og:description":"A sa\u00edda de Cauly para o S\u00e3o Paulo n\u00e3o foi apenas uma oportunidade de mercado. O empr\u00e9stimo do jogador at\u00e9 o fim de 2026 \u00e9 consequ\u00eancia de um processo que vinha se desenhando nos bastidores do Bahia nas \u00faltimas semanas. Natural de Porto Seguro e identificado com a torcida desde sua chegada em 2023, o meia j\u00e1 n\u00e3o vinha sendo aproveitado","og:url":"https:\/\/newsinfoco.com.br\/inicio\/sem-clima-e-fora-dos-planos-entenda-por-que-cauly-quis-sair-do-bahia\/","article:published_time":"2026-02-12T20:09:46+00:00","article:modified_time":"2026-02-12T20:09:46+00:00","twitter:card":"summary_large_image","twitter:title":"Sem clima e fora dos planos, entenda por que Cauly quis sair do Bahia - News In Foco - Editado por Caio Pimenta","twitter:description":"A sa\u00edda de Cauly para o S\u00e3o Paulo n\u00e3o foi apenas uma oportunidade de mercado. O empr\u00e9stimo do jogador at\u00e9 o fim de 2026 \u00e9 consequ\u00eancia de um processo que vinha se desenhando nos bastidores do Bahia nas \u00faltimas semanas. Natural de Porto Seguro e identificado com a torcida desde sua chegada em 2023, o meia j\u00e1 n\u00e3o vinha sendo aproveitado"},"aioseo_meta_data":{"post_id":"48767","title":null,"description":null,"keywords":null,"keyphrases":{"focus":{"keyphrase":"","score":0,"analysis":{"keyphraseInTitle":{"score":0,"maxScore":9,"error":1}}},"additional":[]},"primary_term":null,"canonical_url":null,"og_title":null,"og_description":null,"og_object_type":"default","og_image_type":"default","og_image_url":null,"og_image_width":null,"og_image_height":null,"og_image_custom_url":null,"og_image_custom_fields":null,"og_video":"","og_custom_url":null,"og_article_section":null,"og_article_tags":null,"twitter_use_og":false,"twitter_card":"default","twitter_image_type":"default","twitter_image_url":null,"twitter_image_custom_url":null,"twitter_image_custom_fields":null,"twitter_title":null,"twitter_description":null,"schema":{"blockGraphs":[],"customGraphs":[],"default":{"data":{"Article":[],"Course":[],"Dataset":[],"FAQPage":[],"Movie":[],"Person":[],"Product":[],"ProductReview":[],"Car":[],"Recipe":[],"Service":[],"SoftwareApplication":[],"WebPage":[]},"graphName":"BlogPosting","isEnabled":true},"graphs":[]},"schema_type":"default","schema_type_options":null,"pillar_content":false,"robots_default":true,"robots_noindex":false,"robots_noarchive":false,"robots_nosnippet":false,"robots_nofollow":false,"robots_noimageindex":false,"robots_noodp":false,"robots_notranslate":false,"robots_max_snippet":"-1","robots_max_videopreview":"-1","robots_max_imagepreview":"large","priority":null,"frequency":"default","local_seo":null,"breadcrumb_settings":null,"limit_modified_date":false,"ai":{"faqs":[],"keyPoints":[],"titles":[],"descriptions":[],"socialPosts":{"email":[],"linkedin":[],"twitter":[],"facebook":[],"instagram":[]}},"created":"2026-02-12 20:09:46","updated":"2026-02-12 20:24:57","seo_analyzer_scan_date":null},"aioseo_breadcrumb":"<div class=\"aioseo-breadcrumbs\"><span class=\"aioseo-breadcrumb\">\n\t\t\t<a href=\"https:\/\/newsinfoco.com.br\/inicio\" title=\"In\u00edcio\">In\u00edcio<\/a>\n\t\t<\/span><span class=\"aioseo-breadcrumb-separator\">&raquo;<\/span><span class=\"aioseo-breadcrumb\">\n\t\t\t<a href=\"https:\/\/newsinfoco.com.br\/inicio\/category\/bahia\/\" title=\"Bahia\">Bahia<\/a>\n\t\t<\/span><span class=\"aioseo-breadcrumb-separator\">&raquo;<\/span><span class=\"aioseo-breadcrumb\">\n\t\t\tSem clima e fora dos planos, entenda por que Cauly quis sair do Bahia\n\t\t<\/span><\/div>","aioseo_breadcrumb_json":[{"label":"In\u00edcio","link":"https:\/\/newsinfoco.com.br\/inicio"},{"label":"Bahia","link":"https:\/\/newsinfoco.com.br\/inicio\/category\/bahia\/"},{"label":"Sem clima e fora dos planos, entenda por que Cauly quis sair do Bahia","link":"https:\/\/newsinfoco.com.br\/inicio\/sem-clima-e-fora-dos-planos-entenda-por-que-cauly-quis-sair-do-bahia\/"}],"_links":{"self":[{"href":"https:\/\/newsinfoco.com.br\/inicio\/wp-json\/wp\/v2\/posts\/48767","targetHints":{"allow":["GET"]}}],"collection":[{"href":"https:\/\/newsinfoco.com.br\/inicio\/wp-json\/wp\/v2\/posts"}],"about":[{"href":"https:\/\/newsinfoco.com.br\/inicio\/wp-json\/wp\/v2\/types\/post"}],"author":[{"embeddable":true,"href":"https:\/\/newsinfoco.com.br\/inicio\/wp-json\/wp\/v2\/users\/1"}],"replies":[{"embeddable":true,"href":"https:\/\/newsinfoco.com.br\/inicio\/wp-json\/wp\/v2\/comments?post=48767"}],"version-history":[{"count":1,"href":"https:\/\/newsinfoco.com.br\/inicio\/wp-json\/wp\/v2\/posts\/48767\/revisions"}],"predecessor-version":[{"id":48769,"href":"https:\/\/newsinfoco.com.br\/inicio\/wp-json\/wp\/v2\/posts\/48767\/revisions\/48769"}],"wp:featuredmedia":[{"embeddable":true,"href":"https:\/\/newsinfoco.com.br\/inicio\/wp-json\/wp\/v2\/media\/48768"}],"wp:attachment":[{"href":"https:\/\/newsinfoco.com.br\/inicio\/wp-json\/wp\/v2\/media?parent=48767"}],"wp:term":[{"taxonomy":"category","embeddable":true,"href":"https:\/\/newsinfoco.com.br\/inicio\/wp-json\/wp\/v2\/categories?post=48767"},{"taxonomy":"post_tag","embeddable":true,"href":"https:\/\/newsinfoco.com.br\/inicio\/wp-json\/wp\/v2\/tags?post=48767"}],"curies":[{"name":"wp","href":"https:\/\/api.w.org\/{rel}","templated":true}]}}