{"id":48773,"date":"2026-02-12T17:22:54","date_gmt":"2026-02-12T20:22:54","guid":{"rendered":"https:\/\/newsinfoco.com.br\/inicio\/?p=48773"},"modified":"2026-02-12T17:22:54","modified_gmt":"2026-02-12T20:22:54","slug":"jeronimo-faz-balanco-de-gestao-destaca-acoes-e-mira-nova-disputa-eleitoral","status":"publish","type":"post","link":"https:\/\/newsinfoco.com.br\/inicio\/jeronimo-faz-balanco-de-gestao-destaca-acoes-e-mira-nova-disputa-eleitoral\/","title":{"rendered":"Jer\u00f4nimo faz balan\u00e7o de gest\u00e3o, destaca a\u00e7\u00f5es e mira nova disputa eleitoral"},"content":{"rendered":"<div class=\"conteudo_post\">\n<p>A avalia\u00e7\u00e3o do governador Jer\u00f4nimo Rodrigues (PT) sobre sua gest\u00e3o \u00e0 frente da Bahia \u00e9 de \u201cmuito aprendizado\u201d. Ao comentar o per\u00edodo entre 2023 e 2026, o chefe do Executivo destacou a dimens\u00e3o territorial do estado e a responsabilidade de governar a Bahia, ressaltando que s\u00e3o tr\u00eas anos ajudando o presidente Lula \u201ca reconstruir um pa\u00eds de volta para o povo da Bahia\u201d.<\/p>\n<p>Ao elencar a\u00e7\u00f5es do governo, Jer\u00f4nimo citou a amplia\u00e7\u00e3o das escolas de tempo integral \u2013 que j\u00e1 se aproximam de 700 unidades \u2013 e os investimentos na rede hospitalar. Segundo ele, os equipamentos de sa\u00fade est\u00e3o \u201cfuncionando a todo vapor, fazendo tratamento de c\u00e2ncer, tratamento do cora\u00e7\u00e3o, da cabe\u00e7a\u201d. O governador tamb\u00e9m mencionou obras de infraestrutura e a recupera\u00e7\u00e3o de estradas em diversas regi\u00f5es do estado.<\/p>\n<p>Na \u00e1rea da seguran\u00e7a p\u00fablica, o petista afirmou que o enfrentamento ao crime organizado tem sido permanente. \u201c\u00c9 realmente uma li\u00e7\u00e3o muito forte. A gente v\u00ea uma disputa, voc\u00eas acompanham a\u00ed diariamente a nossa guerra contra o crime organizado. E n\u00f3s estamos vencendo\u201d, declarou.<\/p>\n<p>Jer\u00f4nimo destacou ainda que o munic\u00edpio de Santo Ant\u00f4nio de Jesus, no Rec\u00f4ncavo Baiano, est\u00e1 h\u00e1 sete meses sem registrar Crime Violento Letal Intencional (CVLI). Ele refor\u00e7ou o volume de a\u00e7\u00f5es das for\u00e7as de seguran\u00e7a.<\/p>\n<p>\u201cE voc\u00ea v\u00ea agora as opera\u00e7\u00f5es das pol\u00edcias Civil e Militar, diariamente. E n\u00e3o \u00e9 uma opera\u00e7\u00e3o nossa, s\u00e3o cinco, s\u00e3o seis, s\u00e3o dez opera\u00e7\u00f5es e \u00e0s vezes na semana voc\u00ea perde a conta. E n\u00e3o \u00e9 opera\u00e7\u00e3o por opera\u00e7\u00e3o, \u00e9 opera\u00e7\u00e3o com entrega e entregamos\u201d, afirmou.<\/p>\n<p>O governador acrescentou que o governo tem atuado tamb\u00e9m para enfraquecer o bra\u00e7o financeiro das organiza\u00e7\u00f5es criminosas. \u201cMobilizamos a Conjusti\u00e7a e travamos o lado financeiro do crime organizado, que foi travado, com drogas presas, armas presas, homens presos\u201d, completou.<\/p>\n<p>Ao retomar a avalia\u00e7\u00e3o sobre a pr\u00f3pria gest\u00e3o, Jer\u00f4nimo disse que se sente em constante evolu\u00e7\u00e3o. \u201cEu me sinto como uma pessoa que vem crescendo diariamente, como cada um que faz uma participa\u00e7\u00e3o vai crescendo, vai se desenvolvendo, vai se fortalecendo\u201d, afirmou.<\/p>\n<p>De olho no cen\u00e1rio eleitoral, o chefe do Executivo declarou estar otimista com a montagem da chapa e a pr\u00f3xima etapa do processo pol\u00edtico. \u201cEu estou numa expectativa muito boa e grande, para a gente poder passar esse momento de montagem da chapa e a\u00ed recorrer para o campo. Naturalmente a gente vai continuar fazendo as agendas de governo, mas deixar ali dois dias, tr\u00eas dias para poder ir pedir o voto, ir dialogar com o povo e me reencontrar\u201d, disse.<\/p>\n<div>\n<div>\n<div class=\"trv-player-container\">\n<div class=\"trv-wrapper\">\n<div id=\"br_video_player_4e09628da925a6d474f163d8f319ef9dc3c659f9\" class=\"trvd_video_player trvdinstream\">Jer\u00f4nimo tamb\u00e9m ressaltou as visitas que tem feito ao interior do estado. Segundo ele, j\u00e1 esteve em 373 munic\u00edpios baianos, n\u00famero que pode chegar a 375 nos pr\u00f3ximos dias, com agendas previstas durante o Carnaval. \u201c\u00c9 poss\u00edvel que no carnaval agora ainda pegue um ou dois, porque eu vou fazer visita de carnaval. Mas eu espero que at\u00e9 o meado do ano a gente possa ter fechado o ano, visitado a Bahia inteira\u201d, projetou.<\/div>\n<\/div>\n<\/div>\n<\/div>\n<\/div>\n<p>Por fim, rebateu cr\u00edticas de que as viagens ao interior tenham car\u00e1ter exclusivamente pol\u00edtico. \u201cEu vou l\u00e1 trabalhar, abra\u00e7ar o povo, receber os pedidos, conselhos que os mais experientes nos d\u00e3o. Isso \u00e9 importante demais, a gente poder se colocar na condi\u00e7\u00e3o de um governador que aprende, que faz, que corre, que sua e quer entregar o Estado cada vez melhor\u201d, finalizou.<\/p>\n<\/div>\n<div id=\"author-info\" class=\"ui items\">\n<div class=\"item\"><\/div>\n<\/div>\n<div class='share-to-whatsapp-wrapper'><div class='share-on-whsp'>Share on: <\/div><a data-text='Jer\u00f4nimo faz balan\u00e7o de gest\u00e3o, destaca a\u00e7\u00f5es e mira nova disputa eleitoral' data-link='https:\/\/newsinfoco.com.br\/inicio\/jeronimo-faz-balanco-de-gestao-destaca-acoes-e-mira-nova-disputa-eleitoral\/' class='whatsapp-button whatsapp-share'>WhatsApp<\/a><div class='clear '><\/div><\/div>","protected":false},"excerpt":{"rendered":"<p>A avalia\u00e7\u00e3o do governador Jer\u00f4nimo Rodrigues (PT) sobre sua gest\u00e3o \u00e0 frente da Bahia \u00e9 de \u201cmuito aprendizado\u201d. Ao comentar o per\u00edodo entre 2023 e 2026, o chefe do Executivo destacou a dimens\u00e3o territorial do estado e a responsabilidade de governar a Bahia, ressaltando que s\u00e3o tr\u00eas anos ajudando o presidente Lula \u201ca reconstruir um [&hellip;]<\/p>\n","protected":false},"author":1,"featured_media":48774,"comment_status":"closed","ping_status":"closed","sticky":false,"template":"","format":"standard","meta":{"om_disable_all_campaigns":false,"rop_custom_images_group":[],"rop_custom_messages_group":[],"rop_publish_now":"initial","rop_publish_now_accounts":[],"rop_publish_now_history":[],"rop_publish_now_status":"pending","_exactmetrics_skip_tracking":false,"footnotes":""},"categories":[19],"tags":[],"class_list":["post-48773","post","type-post","status-publish","format-standard","has-post-thumbnail","hentry","category-bahia"],"aioseo_notices":[],"aioseo_head":"\n\t\t<!-- All in One SEO 4.9.10 - aioseo.com -->\n\t<meta name=\"description\" content=\"A avalia\u00e7\u00e3o do governador Jer\u00f4nimo Rodrigues (PT) sobre sua gest\u00e3o \u00e0 frente da Bahia \u00e9 de \u201cmuito aprendizado\u201d. Ao comentar o per\u00edodo entre 2023 e 2026, o chefe do Executivo destacou a dimens\u00e3o territorial do estado e a responsabilidade de governar a Bahia, ressaltando que s\u00e3o tr\u00eas anos ajudando o presidente Lula \u201ca reconstruir um\" \/>\n\t<meta name=\"robots\" content=\"max-image-preview:large\" \/>\n\t<meta name=\"author\" content=\"administrador\"\/>\n\t<link rel=\"canonical\" href=\"https:\/\/newsinfoco.com.br\/inicio\/jeronimo-faz-balanco-de-gestao-destaca-acoes-e-mira-nova-disputa-eleitoral\/\" \/>\n\t<meta name=\"generator\" content=\"All in One SEO (AIOSEO) 4.9.10\" \/>\n\t\t<meta property=\"og:locale\" content=\"pt_BR\" \/>\n\t\t<meta property=\"og:site_name\" content=\"News In Foco - Editado por Caio Pimenta - O principal site de noticias de Alagoinhas e regi\u00e3o\" \/>\n\t\t<meta property=\"og:type\" content=\"article\" \/>\n\t\t<meta property=\"og:title\" content=\"Jer\u00f4nimo faz balan\u00e7o de gest\u00e3o, destaca a\u00e7\u00f5es e mira nova disputa eleitoral - News In Foco - Editado por Caio Pimenta\" \/>\n\t\t<meta property=\"og:description\" content=\"A avalia\u00e7\u00e3o do governador Jer\u00f4nimo Rodrigues (PT) sobre sua gest\u00e3o \u00e0 frente da Bahia \u00e9 de \u201cmuito aprendizado\u201d. Ao comentar o per\u00edodo entre 2023 e 2026, o chefe do Executivo destacou a dimens\u00e3o territorial do estado e a responsabilidade de governar a Bahia, ressaltando que s\u00e3o tr\u00eas anos ajudando o presidente Lula \u201ca reconstruir um\" \/>\n\t\t<meta property=\"og:url\" content=\"https:\/\/newsinfoco.com.br\/inicio\/jeronimo-faz-balanco-de-gestao-destaca-acoes-e-mira-nova-disputa-eleitoral\/\" \/>\n\t\t<meta property=\"article:published_time\" content=\"2026-02-12T20:22:54+00:00\" \/>\n\t\t<meta property=\"article:modified_time\" content=\"2026-02-12T20:22:54+00:00\" \/>\n\t\t<meta name=\"twitter:card\" content=\"summary_large_image\" \/>\n\t\t<meta name=\"twitter:title\" content=\"Jer\u00f4nimo faz balan\u00e7o de gest\u00e3o, destaca a\u00e7\u00f5es e mira nova disputa eleitoral - News In Foco - Editado por Caio Pimenta\" \/>\n\t\t<meta name=\"twitter:description\" content=\"A avalia\u00e7\u00e3o do governador Jer\u00f4nimo Rodrigues (PT) sobre sua gest\u00e3o \u00e0 frente da Bahia \u00e9 de \u201cmuito aprendizado\u201d. Ao comentar o per\u00edodo entre 2023 e 2026, o chefe do Executivo destacou a dimens\u00e3o territorial do estado e a responsabilidade de governar a Bahia, ressaltando que s\u00e3o tr\u00eas anos ajudando o presidente Lula \u201ca reconstruir um\" \/>\n\t\t<script type=\"application\/ld+json\" class=\"aioseo-schema\">\n\t\t\t{\"@context\":\"https:\\\/\\\/schema.org\",\"@graph\":[{\"@type\":\"BlogPosting\",\"@id\":\"https:\\\/\\\/newsinfoco.com.br\\\/inicio\\\/jeronimo-faz-balanco-de-gestao-destaca-acoes-e-mira-nova-disputa-eleitoral\\\/#blogposting\",\"name\":\"Jer\\u00f4nimo faz balan\\u00e7o de gest\\u00e3o, destaca a\\u00e7\\u00f5es e mira nova disputa eleitoral - News In Foco - Editado por Caio Pimenta\",\"headline\":\"Jer\\u00f4nimo faz balan\\u00e7o de gest\\u00e3o, destaca a\\u00e7\\u00f5es e mira nova disputa eleitoral\",\"author\":{\"@id\":\"https:\\\/\\\/newsinfoco.com.br\\\/inicio\\\/author\\\/administrador\\\/#author\"},\"publisher\":{\"@id\":\"https:\\\/\\\/newsinfoco.com.br\\\/inicio\\\/#organization\"},\"image\":{\"@type\":\"ImageObject\",\"url\":\"https:\\\/\\\/newsinfoco.com.br\\\/inicio\\\/wp-content\\\/uploads\\\/2026\\\/02\\\/Jeronimo-Rodrigues-4-3.jpg\",\"width\":600,\"height\":420},\"datePublished\":\"2026-02-12T17:22:54-03:00\",\"dateModified\":\"2026-02-12T17:22:54-03:00\",\"inLanguage\":\"pt-BR\",\"mainEntityOfPage\":{\"@id\":\"https:\\\/\\\/newsinfoco.com.br\\\/inicio\\\/jeronimo-faz-balanco-de-gestao-destaca-acoes-e-mira-nova-disputa-eleitoral\\\/#webpage\"},\"isPartOf\":{\"@id\":\"https:\\\/\\\/newsinfoco.com.br\\\/inicio\\\/jeronimo-faz-balanco-de-gestao-destaca-acoes-e-mira-nova-disputa-eleitoral\\\/#webpage\"},\"articleSection\":\"Bahia\"},{\"@type\":\"BreadcrumbList\",\"@id\":\"https:\\\/\\\/newsinfoco.com.br\\\/inicio\\\/jeronimo-faz-balanco-de-gestao-destaca-acoes-e-mira-nova-disputa-eleitoral\\\/#breadcrumblist\",\"itemListElement\":[{\"@type\":\"ListItem\",\"@id\":\"https:\\\/\\\/newsinfoco.com.br\\\/inicio#listItem\",\"position\":1,\"name\":\"In\\u00edcio\",\"item\":\"https:\\\/\\\/newsinfoco.com.br\\\/inicio\",\"nextItem\":{\"@type\":\"ListItem\",\"@id\":\"https:\\\/\\\/newsinfoco.com.br\\\/inicio\\\/category\\\/bahia\\\/#listItem\",\"name\":\"Bahia\"}},{\"@type\":\"ListItem\",\"@id\":\"https:\\\/\\\/newsinfoco.com.br\\\/inicio\\\/category\\\/bahia\\\/#listItem\",\"position\":2,\"name\":\"Bahia\",\"item\":\"https:\\\/\\\/newsinfoco.com.br\\\/inicio\\\/category\\\/bahia\\\/\",\"nextItem\":{\"@type\":\"ListItem\",\"@id\":\"https:\\\/\\\/newsinfoco.com.br\\\/inicio\\\/jeronimo-faz-balanco-de-gestao-destaca-acoes-e-mira-nova-disputa-eleitoral\\\/#listItem\",\"name\":\"Jer\\u00f4nimo faz balan\\u00e7o de gest\\u00e3o, destaca a\\u00e7\\u00f5es e mira nova disputa eleitoral\"},\"previousItem\":{\"@type\":\"ListItem\",\"@id\":\"https:\\\/\\\/newsinfoco.com.br\\\/inicio#listItem\",\"name\":\"In\\u00edcio\"}},{\"@type\":\"ListItem\",\"@id\":\"https:\\\/\\\/newsinfoco.com.br\\\/inicio\\\/jeronimo-faz-balanco-de-gestao-destaca-acoes-e-mira-nova-disputa-eleitoral\\\/#listItem\",\"position\":3,\"name\":\"Jer\\u00f4nimo faz balan\\u00e7o de gest\\u00e3o, destaca a\\u00e7\\u00f5es e mira nova disputa eleitoral\",\"previousItem\":{\"@type\":\"ListItem\",\"@id\":\"https:\\\/\\\/newsinfoco.com.br\\\/inicio\\\/category\\\/bahia\\\/#listItem\",\"name\":\"Bahia\"}}]},{\"@type\":\"Organization\",\"@id\":\"https:\\\/\\\/newsinfoco.com.br\\\/inicio\\\/#organization\",\"name\":\"News In Foco - Editado por Caio Pimenta\",\"description\":\"O principal site de noticias de Alagoinhas e regi\\u00e3o\",\"url\":\"https:\\\/\\\/newsinfoco.com.br\\\/inicio\\\/\"},{\"@type\":\"Person\",\"@id\":\"https:\\\/\\\/newsinfoco.com.br\\\/inicio\\\/author\\\/administrador\\\/#author\",\"url\":\"https:\\\/\\\/newsinfoco.com.br\\\/inicio\\\/author\\\/administrador\\\/\",\"name\":\"administrador\",\"image\":{\"@type\":\"ImageObject\",\"@id\":\"https:\\\/\\\/newsinfoco.com.br\\\/inicio\\\/jeronimo-faz-balanco-de-gestao-destaca-acoes-e-mira-nova-disputa-eleitoral\\\/#authorImage\",\"url\":\"https:\\\/\\\/secure.gravatar.com\\\/avatar\\\/c17a617433de8c1dc9584bb79aab7563b46f5bb7e1728c9b17d9cc3ce6a08e49?s=96&d=mm&r=g\",\"width\":96,\"height\":96,\"caption\":\"administrador\"}},{\"@type\":\"WebPage\",\"@id\":\"https:\\\/\\\/newsinfoco.com.br\\\/inicio\\\/jeronimo-faz-balanco-de-gestao-destaca-acoes-e-mira-nova-disputa-eleitoral\\\/#webpage\",\"url\":\"https:\\\/\\\/newsinfoco.com.br\\\/inicio\\\/jeronimo-faz-balanco-de-gestao-destaca-acoes-e-mira-nova-disputa-eleitoral\\\/\",\"name\":\"Jer\\u00f4nimo faz balan\\u00e7o de gest\\u00e3o, destaca a\\u00e7\\u00f5es e mira nova disputa eleitoral - News In Foco - Editado por Caio Pimenta\",\"description\":\"A avalia\\u00e7\\u00e3o do governador Jer\\u00f4nimo Rodrigues (PT) sobre sua gest\\u00e3o \\u00e0 frente da Bahia \\u00e9 de \\u201cmuito aprendizado\\u201d. Ao comentar o per\\u00edodo entre 2023 e 2026, o chefe do Executivo destacou a dimens\\u00e3o territorial do estado e a responsabilidade de governar a Bahia, ressaltando que s\\u00e3o tr\\u00eas anos ajudando o presidente Lula \\u201ca reconstruir um\",\"inLanguage\":\"pt-BR\",\"isPartOf\":{\"@id\":\"https:\\\/\\\/newsinfoco.com.br\\\/inicio\\\/#website\"},\"breadcrumb\":{\"@id\":\"https:\\\/\\\/newsinfoco.com.br\\\/inicio\\\/jeronimo-faz-balanco-de-gestao-destaca-acoes-e-mira-nova-disputa-eleitoral\\\/#breadcrumblist\"},\"author\":{\"@id\":\"https:\\\/\\\/newsinfoco.com.br\\\/inicio\\\/author\\\/administrador\\\/#author\"},\"creator\":{\"@id\":\"https:\\\/\\\/newsinfoco.com.br\\\/inicio\\\/author\\\/administrador\\\/#author\"},\"image\":{\"@type\":\"ImageObject\",\"url\":\"https:\\\/\\\/newsinfoco.com.br\\\/inicio\\\/wp-content\\\/uploads\\\/2026\\\/02\\\/Jeronimo-Rodrigues-4-3.jpg\",\"@id\":\"https:\\\/\\\/newsinfoco.com.br\\\/inicio\\\/jeronimo-faz-balanco-de-gestao-destaca-acoes-e-mira-nova-disputa-eleitoral\\\/#mainImage\",\"width\":600,\"height\":420},\"primaryImageOfPage\":{\"@id\":\"https:\\\/\\\/newsinfoco.com.br\\\/inicio\\\/jeronimo-faz-balanco-de-gestao-destaca-acoes-e-mira-nova-disputa-eleitoral\\\/#mainImage\"},\"datePublished\":\"2026-02-12T17:22:54-03:00\",\"dateModified\":\"2026-02-12T17:22:54-03:00\"},{\"@type\":\"WebSite\",\"@id\":\"https:\\\/\\\/newsinfoco.com.br\\\/inicio\\\/#website\",\"url\":\"https:\\\/\\\/newsinfoco.com.br\\\/inicio\\\/\",\"name\":\"News In Foco - Editado por Caio Pimenta\",\"description\":\"O principal site de noticias de Alagoinhas e regi\\u00e3o\",\"inLanguage\":\"pt-BR\",\"publisher\":{\"@id\":\"https:\\\/\\\/newsinfoco.com.br\\\/inicio\\\/#organization\"}}]}\n\t\t<\/script>\n\t\t<!-- All in One SEO -->\n\n","aioseo_head_json":{"title":"Jer\u00f4nimo faz balan\u00e7o de gest\u00e3o, destaca a\u00e7\u00f5es e mira nova disputa eleitoral - News In Foco - Editado por Caio Pimenta","description":"A avalia\u00e7\u00e3o do governador Jer\u00f4nimo Rodrigues (PT) sobre sua gest\u00e3o \u00e0 frente da Bahia \u00e9 de \u201cmuito aprendizado\u201d. Ao comentar o per\u00edodo entre 2023 e 2026, o chefe do Executivo destacou a dimens\u00e3o territorial do estado e a responsabilidade de governar a Bahia, ressaltando que s\u00e3o tr\u00eas anos ajudando o presidente Lula \u201ca reconstruir um","canonical_url":"https:\/\/newsinfoco.com.br\/inicio\/jeronimo-faz-balanco-de-gestao-destaca-acoes-e-mira-nova-disputa-eleitoral\/","robots":"max-image-preview:large","keywords":"","webmasterTools":{"miscellaneous":""},"schema":{"@context":"https:\/\/schema.org","@graph":[{"@type":"BlogPosting","@id":"https:\/\/newsinfoco.com.br\/inicio\/jeronimo-faz-balanco-de-gestao-destaca-acoes-e-mira-nova-disputa-eleitoral\/#blogposting","name":"Jer\u00f4nimo faz balan\u00e7o de gest\u00e3o, destaca a\u00e7\u00f5es e mira nova disputa eleitoral - News In Foco - Editado por Caio Pimenta","headline":"Jer\u00f4nimo faz balan\u00e7o de gest\u00e3o, destaca a\u00e7\u00f5es e mira nova disputa eleitoral","author":{"@id":"https:\/\/newsinfoco.com.br\/inicio\/author\/administrador\/#author"},"publisher":{"@id":"https:\/\/newsinfoco.com.br\/inicio\/#organization"},"image":{"@type":"ImageObject","url":"https:\/\/newsinfoco.com.br\/inicio\/wp-content\/uploads\/2026\/02\/Jeronimo-Rodrigues-4-3.jpg","width":600,"height":420},"datePublished":"2026-02-12T17:22:54-03:00","dateModified":"2026-02-12T17:22:54-03:00","inLanguage":"pt-BR","mainEntityOfPage":{"@id":"https:\/\/newsinfoco.com.br\/inicio\/jeronimo-faz-balanco-de-gestao-destaca-acoes-e-mira-nova-disputa-eleitoral\/#webpage"},"isPartOf":{"@id":"https:\/\/newsinfoco.com.br\/inicio\/jeronimo-faz-balanco-de-gestao-destaca-acoes-e-mira-nova-disputa-eleitoral\/#webpage"},"articleSection":"Bahia"},{"@type":"BreadcrumbList","@id":"https:\/\/newsinfoco.com.br\/inicio\/jeronimo-faz-balanco-de-gestao-destaca-acoes-e-mira-nova-disputa-eleitoral\/#breadcrumblist","itemListElement":[{"@type":"ListItem","@id":"https:\/\/newsinfoco.com.br\/inicio#listItem","position":1,"name":"In\u00edcio","item":"https:\/\/newsinfoco.com.br\/inicio","nextItem":{"@type":"ListItem","@id":"https:\/\/newsinfoco.com.br\/inicio\/category\/bahia\/#listItem","name":"Bahia"}},{"@type":"ListItem","@id":"https:\/\/newsinfoco.com.br\/inicio\/category\/bahia\/#listItem","position":2,"name":"Bahia","item":"https:\/\/newsinfoco.com.br\/inicio\/category\/bahia\/","nextItem":{"@type":"ListItem","@id":"https:\/\/newsinfoco.com.br\/inicio\/jeronimo-faz-balanco-de-gestao-destaca-acoes-e-mira-nova-disputa-eleitoral\/#listItem","name":"Jer\u00f4nimo faz balan\u00e7o de gest\u00e3o, destaca a\u00e7\u00f5es e mira nova disputa eleitoral"},"previousItem":{"@type":"ListItem","@id":"https:\/\/newsinfoco.com.br\/inicio#listItem","name":"In\u00edcio"}},{"@type":"ListItem","@id":"https:\/\/newsinfoco.com.br\/inicio\/jeronimo-faz-balanco-de-gestao-destaca-acoes-e-mira-nova-disputa-eleitoral\/#listItem","position":3,"name":"Jer\u00f4nimo faz balan\u00e7o de gest\u00e3o, destaca a\u00e7\u00f5es e mira nova disputa eleitoral","previousItem":{"@type":"ListItem","@id":"https:\/\/newsinfoco.com.br\/inicio\/category\/bahia\/#listItem","name":"Bahia"}}]},{"@type":"Organization","@id":"https:\/\/newsinfoco.com.br\/inicio\/#organization","name":"News In Foco - Editado por Caio Pimenta","description":"O principal site de noticias de Alagoinhas e regi\u00e3o","url":"https:\/\/newsinfoco.com.br\/inicio\/"},{"@type":"Person","@id":"https:\/\/newsinfoco.com.br\/inicio\/author\/administrador\/#author","url":"https:\/\/newsinfoco.com.br\/inicio\/author\/administrador\/","name":"administrador","image":{"@type":"ImageObject","@id":"https:\/\/newsinfoco.com.br\/inicio\/jeronimo-faz-balanco-de-gestao-destaca-acoes-e-mira-nova-disputa-eleitoral\/#authorImage","url":"https:\/\/secure.gravatar.com\/avatar\/c17a617433de8c1dc9584bb79aab7563b46f5bb7e1728c9b17d9cc3ce6a08e49?s=96&d=mm&r=g","width":96,"height":96,"caption":"administrador"}},{"@type":"WebPage","@id":"https:\/\/newsinfoco.com.br\/inicio\/jeronimo-faz-balanco-de-gestao-destaca-acoes-e-mira-nova-disputa-eleitoral\/#webpage","url":"https:\/\/newsinfoco.com.br\/inicio\/jeronimo-faz-balanco-de-gestao-destaca-acoes-e-mira-nova-disputa-eleitoral\/","name":"Jer\u00f4nimo faz balan\u00e7o de gest\u00e3o, destaca a\u00e7\u00f5es e mira nova disputa eleitoral - News In Foco - Editado por Caio Pimenta","description":"A avalia\u00e7\u00e3o do governador Jer\u00f4nimo Rodrigues (PT) sobre sua gest\u00e3o \u00e0 frente da Bahia \u00e9 de \u201cmuito aprendizado\u201d. Ao comentar o per\u00edodo entre 2023 e 2026, o chefe do Executivo destacou a dimens\u00e3o territorial do estado e a responsabilidade de governar a Bahia, ressaltando que s\u00e3o tr\u00eas anos ajudando o presidente Lula \u201ca reconstruir um","inLanguage":"pt-BR","isPartOf":{"@id":"https:\/\/newsinfoco.com.br\/inicio\/#website"},"breadcrumb":{"@id":"https:\/\/newsinfoco.com.br\/inicio\/jeronimo-faz-balanco-de-gestao-destaca-acoes-e-mira-nova-disputa-eleitoral\/#breadcrumblist"},"author":{"@id":"https:\/\/newsinfoco.com.br\/inicio\/author\/administrador\/#author"},"creator":{"@id":"https:\/\/newsinfoco.com.br\/inicio\/author\/administrador\/#author"},"image":{"@type":"ImageObject","url":"https:\/\/newsinfoco.com.br\/inicio\/wp-content\/uploads\/2026\/02\/Jeronimo-Rodrigues-4-3.jpg","@id":"https:\/\/newsinfoco.com.br\/inicio\/jeronimo-faz-balanco-de-gestao-destaca-acoes-e-mira-nova-disputa-eleitoral\/#mainImage","width":600,"height":420},"primaryImageOfPage":{"@id":"https:\/\/newsinfoco.com.br\/inicio\/jeronimo-faz-balanco-de-gestao-destaca-acoes-e-mira-nova-disputa-eleitoral\/#mainImage"},"datePublished":"2026-02-12T17:22:54-03:00","dateModified":"2026-02-12T17:22:54-03:00"},{"@type":"WebSite","@id":"https:\/\/newsinfoco.com.br\/inicio\/#website","url":"https:\/\/newsinfoco.com.br\/inicio\/","name":"News In Foco - Editado por Caio Pimenta","description":"O principal site de noticias de Alagoinhas e regi\u00e3o","inLanguage":"pt-BR","publisher":{"@id":"https:\/\/newsinfoco.com.br\/inicio\/#organization"}}]},"og:locale":"pt_BR","og:site_name":"News In Foco - Editado por Caio Pimenta - O principal site de noticias de Alagoinhas e regi\u00e3o","og:type":"article","og:title":"Jer\u00f4nimo faz balan\u00e7o de gest\u00e3o, destaca a\u00e7\u00f5es e mira nova disputa eleitoral - News In Foco - Editado por Caio Pimenta","og:description":"A avalia\u00e7\u00e3o do governador Jer\u00f4nimo Rodrigues (PT) sobre sua gest\u00e3o \u00e0 frente da Bahia \u00e9 de \u201cmuito aprendizado\u201d. Ao comentar o per\u00edodo entre 2023 e 2026, o chefe do Executivo destacou a dimens\u00e3o territorial do estado e a responsabilidade de governar a Bahia, ressaltando que s\u00e3o tr\u00eas anos ajudando o presidente Lula \u201ca reconstruir um","og:url":"https:\/\/newsinfoco.com.br\/inicio\/jeronimo-faz-balanco-de-gestao-destaca-acoes-e-mira-nova-disputa-eleitoral\/","article:published_time":"2026-02-12T20:22:54+00:00","article:modified_time":"2026-02-12T20:22:54+00:00","twitter:card":"summary_large_image","twitter:title":"Jer\u00f4nimo faz balan\u00e7o de gest\u00e3o, destaca a\u00e7\u00f5es e mira nova disputa eleitoral - News In Foco - Editado por Caio Pimenta","twitter:description":"A avalia\u00e7\u00e3o do governador Jer\u00f4nimo Rodrigues (PT) sobre sua gest\u00e3o \u00e0 frente da Bahia \u00e9 de \u201cmuito aprendizado\u201d. Ao comentar o per\u00edodo entre 2023 e 2026, o chefe do Executivo destacou a dimens\u00e3o territorial do estado e a responsabilidade de governar a Bahia, ressaltando que s\u00e3o tr\u00eas anos ajudando o presidente Lula \u201ca reconstruir um"},"aioseo_meta_data":{"post_id":"48773","title":null,"description":null,"keywords":null,"keyphrases":{"focus":{"keyphrase":"","score":0,"analysis":{"keyphraseInTitle":{"score":0,"maxScore":9,"error":1}}},"additional":[]},"primary_term":null,"canonical_url":null,"og_title":null,"og_description":null,"og_object_type":"default","og_image_type":"default","og_image_url":null,"og_image_width":null,"og_image_height":null,"og_image_custom_url":null,"og_image_custom_fields":null,"og_video":"","og_custom_url":null,"og_article_section":null,"og_article_tags":null,"twitter_use_og":false,"twitter_card":"default","twitter_image_type":"default","twitter_image_url":null,"twitter_image_custom_url":null,"twitter_image_custom_fields":null,"twitter_title":null,"twitter_description":null,"schema":{"blockGraphs":[],"customGraphs":[],"default":{"data":{"Article":[],"Course":[],"Dataset":[],"FAQPage":[],"Movie":[],"Person":[],"Product":[],"ProductReview":[],"Car":[],"Recipe":[],"Service":[],"SoftwareApplication":[],"WebPage":[]},"graphName":"BlogPosting","isEnabled":true},"graphs":[]},"schema_type":"default","schema_type_options":null,"pillar_content":false,"robots_default":true,"robots_noindex":false,"robots_noarchive":false,"robots_nosnippet":false,"robots_nofollow":false,"robots_noimageindex":false,"robots_noodp":false,"robots_notranslate":false,"robots_max_snippet":"-1","robots_max_videopreview":"-1","robots_max_imagepreview":"large","priority":null,"frequency":"default","local_seo":null,"breadcrumb_settings":null,"limit_modified_date":false,"ai":{"faqs":[],"keyPoints":[],"titles":[],"descriptions":[],"socialPosts":{"email":[],"linkedin":[],"twitter":[],"facebook":[],"instagram":[]}},"created":"2026-02-12 20:22:54","updated":"2026-02-12 20:24:57","seo_analyzer_scan_date":null},"aioseo_breadcrumb":"<div class=\"aioseo-breadcrumbs\"><span class=\"aioseo-breadcrumb\">\n\t\t\t<a href=\"https:\/\/newsinfoco.com.br\/inicio\" title=\"In\u00edcio\">In\u00edcio<\/a>\n\t\t<\/span><span class=\"aioseo-breadcrumb-separator\">&raquo;<\/span><span class=\"aioseo-breadcrumb\">\n\t\t\t<a href=\"https:\/\/newsinfoco.com.br\/inicio\/category\/bahia\/\" title=\"Bahia\">Bahia<\/a>\n\t\t<\/span><span class=\"aioseo-breadcrumb-separator\">&raquo;<\/span><span class=\"aioseo-breadcrumb\">\n\t\t\tJer\u00f4nimo faz balan\u00e7o de gest\u00e3o, destaca a\u00e7\u00f5es e mira nova disputa eleitoral\n\t\t<\/span><\/div>","aioseo_breadcrumb_json":[{"label":"In\u00edcio","link":"https:\/\/newsinfoco.com.br\/inicio"},{"label":"Bahia","link":"https:\/\/newsinfoco.com.br\/inicio\/category\/bahia\/"},{"label":"Jer\u00f4nimo faz balan\u00e7o de gest\u00e3o, destaca a\u00e7\u00f5es e mira nova disputa eleitoral","link":"https:\/\/newsinfoco.com.br\/inicio\/jeronimo-faz-balanco-de-gestao-destaca-acoes-e-mira-nova-disputa-eleitoral\/"}],"_links":{"self":[{"href":"https:\/\/newsinfoco.com.br\/inicio\/wp-json\/wp\/v2\/posts\/48773","targetHints":{"allow":["GET"]}}],"collection":[{"href":"https:\/\/newsinfoco.com.br\/inicio\/wp-json\/wp\/v2\/posts"}],"about":[{"href":"https:\/\/newsinfoco.com.br\/inicio\/wp-json\/wp\/v2\/types\/post"}],"author":[{"embeddable":true,"href":"https:\/\/newsinfoco.com.br\/inicio\/wp-json\/wp\/v2\/users\/1"}],"replies":[{"embeddable":true,"href":"https:\/\/newsinfoco.com.br\/inicio\/wp-json\/wp\/v2\/comments?post=48773"}],"version-history":[{"count":1,"href":"https:\/\/newsinfoco.com.br\/inicio\/wp-json\/wp\/v2\/posts\/48773\/revisions"}],"predecessor-version":[{"id":48775,"href":"https:\/\/newsinfoco.com.br\/inicio\/wp-json\/wp\/v2\/posts\/48773\/revisions\/48775"}],"wp:featuredmedia":[{"embeddable":true,"href":"https:\/\/newsinfoco.com.br\/inicio\/wp-json\/wp\/v2\/media\/48774"}],"wp:attachment":[{"href":"https:\/\/newsinfoco.com.br\/inicio\/wp-json\/wp\/v2\/media?parent=48773"}],"wp:term":[{"taxonomy":"category","embeddable":true,"href":"https:\/\/newsinfoco.com.br\/inicio\/wp-json\/wp\/v2\/categories?post=48773"},{"taxonomy":"post_tag","embeddable":true,"href":"https:\/\/newsinfoco.com.br\/inicio\/wp-json\/wp\/v2\/tags?post=48773"}],"curies":[{"name":"wp","href":"https:\/\/api.w.org\/{rel}","templated":true}]}}