{"id":48776,"date":"2026-02-12T17:30:19","date_gmt":"2026-02-12T20:30:19","guid":{"rendered":"https:\/\/newsinfoco.com.br\/inicio\/?p=48776"},"modified":"2026-02-12T17:30:19","modified_gmt":"2026-02-12T20:30:19","slug":"tecnico-de-enfermagem-e-preso-suspeito-de-abusar-sexualmente-de-colegas-e-pacientes","status":"publish","type":"post","link":"https:\/\/newsinfoco.com.br\/inicio\/tecnico-de-enfermagem-e-preso-suspeito-de-abusar-sexualmente-de-colegas-e-pacientes\/","title":{"rendered":"T\u00e9cnico de enfermagem \u00e9 preso, suspeito de abusar sexualmente de colegas e pacientes"},"content":{"rendered":"<div class=\"conteudo_post\">\n<p>Um t\u00e9cnico de enfermagem, de 69 anos, foi preso na cidade de El\u00edsio Medrado, cidade localizada a 230 quil\u00f4metros de Salvador. O servidor do hospital \u00e9 suspeito de abusar sexualmente de pacientes e de colegas de trabalho do Hospital Municipal.<\/p>\n<p>A pris\u00e3o ocorreu na \u00faltima ter\u00e7a-feira (10), ap\u00f3s o t\u00e9cnico de enfermagem se apresentar voluntariamente \u00e0s autoridades. A Pol\u00edcia Civil revelou que as investiga\u00e7\u00f5es contra o suspeito foram iniciadas ap\u00f3s uma paciente de 22 anos fazer uma den\u00fancia, ap\u00f3s ter sido v\u00edtima da viol\u00eancia sexual praticada por ele.<\/p>\n<p>De acordo com a den\u00fancia, a v\u00edtima relatou que foi abusada pelo t\u00e9cnico enquanto estava internada no hospital ap\u00f3s sofrer uma queda de moto. Segundo ela, o abuso ocorreu no dia 10 de janeiro deste ano, quando o suspeito trocava os curativos dela.<\/p>\n<p>A PC apontou que o suspeito fechou a porta do quarto onde estava e praticou o ato sem o consentimento dela. Segundo a den\u00fancia, assim que o crime foi cometido, a paciente contou \u00e0 administra\u00e7\u00e3o do hospital o que teria ocorrido que afastou o profissional acusado e adotou medidas para apurar a den\u00fancia.<\/p>\n<div>\n<div>\n<div class=\"trv-player-container\">\n<div class=\"trv-wrapper\">\n<div id=\"br_video_player_79050c6bac8d9ee74e7563d8f319ef9dc3c659f9\" class=\"trvd_video_player trvdinstream\">Durante as investiga\u00e7\u00f5es as autoridades descobriram uma segunda v\u00edtima, que se trataria de uma colega de trabalho de 38 anos, que tamb\u00e9m relatou ter sofrido abuso. Al\u00e9m disso, outras pacientes tamb\u00e9m relataram condutas impr\u00f3prias que est\u00e3o sendo analisadas pela pol\u00edcia civil.<\/div>\n<\/div>\n<\/div>\n<\/div>\n<\/div>\n<p>Com base nos elementos reunidos, a pol\u00edcia civil determinou a pris\u00e3o preventiva. Ele se apresentou na Delegacia Territorial de Amargosa, acompanhado do advogado, onde teve o mandado de pris\u00e3o cumprido.<\/p>\n<\/div>\n<div id=\"author-info\" class=\"ui items\">\n<div class=\"item\"><\/div>\n<\/div>\n<div class='share-to-whatsapp-wrapper'><div class='share-on-whsp'>Share on: <\/div><a data-text='T\u00e9cnico de enfermagem \u00e9 preso, suspeito de abusar sexualmente de colegas e pacientes' data-link='https:\/\/newsinfoco.com.br\/inicio\/tecnico-de-enfermagem-e-preso-suspeito-de-abusar-sexualmente-de-colegas-e-pacientes\/' class='whatsapp-button whatsapp-share'>WhatsApp<\/a><div class='clear '><\/div><\/div>","protected":false},"excerpt":{"rendered":"<p>Um t\u00e9cnico de enfermagem, de 69 anos, foi preso na cidade de El\u00edsio Medrado, cidade localizada a 230 quil\u00f4metros de Salvador. O servidor do hospital \u00e9 suspeito de abusar sexualmente de pacientes e de colegas de trabalho do Hospital Municipal. A pris\u00e3o ocorreu na \u00faltima ter\u00e7a-feira (10), ap\u00f3s o t\u00e9cnico de enfermagem se apresentar voluntariamente [&hellip;]<\/p>\n","protected":false},"author":1,"featured_media":48777,"comment_status":"closed","ping_status":"closed","sticky":false,"template":"","format":"standard","meta":{"om_disable_all_campaigns":false,"rop_custom_images_group":[],"rop_custom_messages_group":[],"rop_publish_now":"initial","rop_publish_now_accounts":[],"rop_publish_now_history":[],"rop_publish_now_status":"pending","_exactmetrics_skip_tracking":false,"footnotes":""},"categories":[19],"tags":[],"class_list":["post-48776","post","type-post","status-publish","format-standard","has-post-thumbnail","hentry","category-bahia"],"aioseo_notices":[],"aioseo_head":"\n\t\t<!-- All in One SEO 4.9.10 - aioseo.com -->\n\t<meta name=\"description\" content=\"Um t\u00e9cnico de enfermagem, de 69 anos, foi preso na cidade de El\u00edsio Medrado, cidade localizada a 230 quil\u00f4metros de Salvador. O servidor do hospital \u00e9 suspeito de abusar sexualmente de pacientes e de colegas de trabalho do Hospital Municipal. A pris\u00e3o ocorreu na \u00faltima ter\u00e7a-feira (10), ap\u00f3s o t\u00e9cnico de enfermagem se apresentar voluntariamente\" \/>\n\t<meta name=\"robots\" content=\"max-image-preview:large\" \/>\n\t<meta name=\"author\" content=\"administrador\"\/>\n\t<link rel=\"canonical\" href=\"https:\/\/newsinfoco.com.br\/inicio\/tecnico-de-enfermagem-e-preso-suspeito-de-abusar-sexualmente-de-colegas-e-pacientes\/\" \/>\n\t<meta name=\"generator\" content=\"All in One SEO (AIOSEO) 4.9.10\" \/>\n\t\t<meta property=\"og:locale\" content=\"pt_BR\" \/>\n\t\t<meta property=\"og:site_name\" content=\"News In Foco - Editado por Caio Pimenta - O principal site de noticias de Alagoinhas e regi\u00e3o\" \/>\n\t\t<meta property=\"og:type\" content=\"article\" \/>\n\t\t<meta property=\"og:title\" content=\"T\u00e9cnico de enfermagem \u00e9 preso, suspeito de abusar sexualmente de colegas e pacientes - News In Foco - Editado por Caio Pimenta\" \/>\n\t\t<meta property=\"og:description\" content=\"Um t\u00e9cnico de enfermagem, de 69 anos, foi preso na cidade de El\u00edsio Medrado, cidade localizada a 230 quil\u00f4metros de Salvador. O servidor do hospital \u00e9 suspeito de abusar sexualmente de pacientes e de colegas de trabalho do Hospital Municipal. A pris\u00e3o ocorreu na \u00faltima ter\u00e7a-feira (10), ap\u00f3s o t\u00e9cnico de enfermagem se apresentar voluntariamente\" \/>\n\t\t<meta property=\"og:url\" content=\"https:\/\/newsinfoco.com.br\/inicio\/tecnico-de-enfermagem-e-preso-suspeito-de-abusar-sexualmente-de-colegas-e-pacientes\/\" \/>\n\t\t<meta property=\"article:published_time\" content=\"2026-02-12T20:30:19+00:00\" \/>\n\t\t<meta property=\"article:modified_time\" content=\"2026-02-12T20:30:19+00:00\" \/>\n\t\t<meta name=\"twitter:card\" content=\"summary_large_image\" \/>\n\t\t<meta name=\"twitter:title\" content=\"T\u00e9cnico de enfermagem \u00e9 preso, suspeito de abusar sexualmente de colegas e pacientes - News In Foco - Editado por Caio Pimenta\" \/>\n\t\t<meta name=\"twitter:description\" content=\"Um t\u00e9cnico de enfermagem, de 69 anos, foi preso na cidade de El\u00edsio Medrado, cidade localizada a 230 quil\u00f4metros de Salvador. O servidor do hospital \u00e9 suspeito de abusar sexualmente de pacientes e de colegas de trabalho do Hospital Municipal. A pris\u00e3o ocorreu na \u00faltima ter\u00e7a-feira (10), ap\u00f3s o t\u00e9cnico de enfermagem se apresentar voluntariamente\" \/>\n\t\t<script type=\"application\/ld+json\" class=\"aioseo-schema\">\n\t\t\t{\"@context\":\"https:\\\/\\\/schema.org\",\"@graph\":[{\"@type\":\"BlogPosting\",\"@id\":\"https:\\\/\\\/newsinfoco.com.br\\\/inicio\\\/tecnico-de-enfermagem-e-preso-suspeito-de-abusar-sexualmente-de-colegas-e-pacientes\\\/#blogposting\",\"name\":\"T\\u00e9cnico de enfermagem \\u00e9 preso, suspeito de abusar sexualmente de colegas e pacientes - News In Foco - Editado por Caio Pimenta\",\"headline\":\"T\\u00e9cnico de enfermagem \\u00e9 preso, suspeito de abusar sexualmente de colegas e pacientes\",\"author\":{\"@id\":\"https:\\\/\\\/newsinfoco.com.br\\\/inicio\\\/author\\\/administrador\\\/#author\"},\"publisher\":{\"@id\":\"https:\\\/\\\/newsinfoco.com.br\\\/inicio\\\/#organization\"},\"image\":{\"@type\":\"ImageObject\",\"url\":\"https:\\\/\\\/newsinfoco.com.br\\\/inicio\\\/wp-content\\\/uploads\\\/2026\\\/02\\\/prisao.jpg\",\"width\":600,\"height\":420},\"datePublished\":\"2026-02-12T17:30:19-03:00\",\"dateModified\":\"2026-02-12T17:30:19-03:00\",\"inLanguage\":\"pt-BR\",\"mainEntityOfPage\":{\"@id\":\"https:\\\/\\\/newsinfoco.com.br\\\/inicio\\\/tecnico-de-enfermagem-e-preso-suspeito-de-abusar-sexualmente-de-colegas-e-pacientes\\\/#webpage\"},\"isPartOf\":{\"@id\":\"https:\\\/\\\/newsinfoco.com.br\\\/inicio\\\/tecnico-de-enfermagem-e-preso-suspeito-de-abusar-sexualmente-de-colegas-e-pacientes\\\/#webpage\"},\"articleSection\":\"Bahia\"},{\"@type\":\"BreadcrumbList\",\"@id\":\"https:\\\/\\\/newsinfoco.com.br\\\/inicio\\\/tecnico-de-enfermagem-e-preso-suspeito-de-abusar-sexualmente-de-colegas-e-pacientes\\\/#breadcrumblist\",\"itemListElement\":[{\"@type\":\"ListItem\",\"@id\":\"https:\\\/\\\/newsinfoco.com.br\\\/inicio#listItem\",\"position\":1,\"name\":\"In\\u00edcio\",\"item\":\"https:\\\/\\\/newsinfoco.com.br\\\/inicio\",\"nextItem\":{\"@type\":\"ListItem\",\"@id\":\"https:\\\/\\\/newsinfoco.com.br\\\/inicio\\\/category\\\/bahia\\\/#listItem\",\"name\":\"Bahia\"}},{\"@type\":\"ListItem\",\"@id\":\"https:\\\/\\\/newsinfoco.com.br\\\/inicio\\\/category\\\/bahia\\\/#listItem\",\"position\":2,\"name\":\"Bahia\",\"item\":\"https:\\\/\\\/newsinfoco.com.br\\\/inicio\\\/category\\\/bahia\\\/\",\"nextItem\":{\"@type\":\"ListItem\",\"@id\":\"https:\\\/\\\/newsinfoco.com.br\\\/inicio\\\/tecnico-de-enfermagem-e-preso-suspeito-de-abusar-sexualmente-de-colegas-e-pacientes\\\/#listItem\",\"name\":\"T\\u00e9cnico de enfermagem \\u00e9 preso, suspeito de abusar sexualmente de colegas e pacientes\"},\"previousItem\":{\"@type\":\"ListItem\",\"@id\":\"https:\\\/\\\/newsinfoco.com.br\\\/inicio#listItem\",\"name\":\"In\\u00edcio\"}},{\"@type\":\"ListItem\",\"@id\":\"https:\\\/\\\/newsinfoco.com.br\\\/inicio\\\/tecnico-de-enfermagem-e-preso-suspeito-de-abusar-sexualmente-de-colegas-e-pacientes\\\/#listItem\",\"position\":3,\"name\":\"T\\u00e9cnico de enfermagem \\u00e9 preso, suspeito de abusar sexualmente de colegas e pacientes\",\"previousItem\":{\"@type\":\"ListItem\",\"@id\":\"https:\\\/\\\/newsinfoco.com.br\\\/inicio\\\/category\\\/bahia\\\/#listItem\",\"name\":\"Bahia\"}}]},{\"@type\":\"Organization\",\"@id\":\"https:\\\/\\\/newsinfoco.com.br\\\/inicio\\\/#organization\",\"name\":\"News In Foco - Editado por Caio Pimenta\",\"description\":\"O principal site de noticias de Alagoinhas e regi\\u00e3o\",\"url\":\"https:\\\/\\\/newsinfoco.com.br\\\/inicio\\\/\"},{\"@type\":\"Person\",\"@id\":\"https:\\\/\\\/newsinfoco.com.br\\\/inicio\\\/author\\\/administrador\\\/#author\",\"url\":\"https:\\\/\\\/newsinfoco.com.br\\\/inicio\\\/author\\\/administrador\\\/\",\"name\":\"administrador\",\"image\":{\"@type\":\"ImageObject\",\"@id\":\"https:\\\/\\\/newsinfoco.com.br\\\/inicio\\\/tecnico-de-enfermagem-e-preso-suspeito-de-abusar-sexualmente-de-colegas-e-pacientes\\\/#authorImage\",\"url\":\"https:\\\/\\\/secure.gravatar.com\\\/avatar\\\/c17a617433de8c1dc9584bb79aab7563b46f5bb7e1728c9b17d9cc3ce6a08e49?s=96&d=mm&r=g\",\"width\":96,\"height\":96,\"caption\":\"administrador\"}},{\"@type\":\"WebPage\",\"@id\":\"https:\\\/\\\/newsinfoco.com.br\\\/inicio\\\/tecnico-de-enfermagem-e-preso-suspeito-de-abusar-sexualmente-de-colegas-e-pacientes\\\/#webpage\",\"url\":\"https:\\\/\\\/newsinfoco.com.br\\\/inicio\\\/tecnico-de-enfermagem-e-preso-suspeito-de-abusar-sexualmente-de-colegas-e-pacientes\\\/\",\"name\":\"T\\u00e9cnico de enfermagem \\u00e9 preso, suspeito de abusar sexualmente de colegas e pacientes - News In Foco - Editado por Caio Pimenta\",\"description\":\"Um t\\u00e9cnico de enfermagem, de 69 anos, foi preso na cidade de El\\u00edsio Medrado, cidade localizada a 230 quil\\u00f4metros de Salvador. O servidor do hospital \\u00e9 suspeito de abusar sexualmente de pacientes e de colegas de trabalho do Hospital Municipal. A pris\\u00e3o ocorreu na \\u00faltima ter\\u00e7a-feira (10), ap\\u00f3s o t\\u00e9cnico de enfermagem se apresentar voluntariamente\",\"inLanguage\":\"pt-BR\",\"isPartOf\":{\"@id\":\"https:\\\/\\\/newsinfoco.com.br\\\/inicio\\\/#website\"},\"breadcrumb\":{\"@id\":\"https:\\\/\\\/newsinfoco.com.br\\\/inicio\\\/tecnico-de-enfermagem-e-preso-suspeito-de-abusar-sexualmente-de-colegas-e-pacientes\\\/#breadcrumblist\"},\"author\":{\"@id\":\"https:\\\/\\\/newsinfoco.com.br\\\/inicio\\\/author\\\/administrador\\\/#author\"},\"creator\":{\"@id\":\"https:\\\/\\\/newsinfoco.com.br\\\/inicio\\\/author\\\/administrador\\\/#author\"},\"image\":{\"@type\":\"ImageObject\",\"url\":\"https:\\\/\\\/newsinfoco.com.br\\\/inicio\\\/wp-content\\\/uploads\\\/2026\\\/02\\\/prisao.jpg\",\"@id\":\"https:\\\/\\\/newsinfoco.com.br\\\/inicio\\\/tecnico-de-enfermagem-e-preso-suspeito-de-abusar-sexualmente-de-colegas-e-pacientes\\\/#mainImage\",\"width\":600,\"height\":420},\"primaryImageOfPage\":{\"@id\":\"https:\\\/\\\/newsinfoco.com.br\\\/inicio\\\/tecnico-de-enfermagem-e-preso-suspeito-de-abusar-sexualmente-de-colegas-e-pacientes\\\/#mainImage\"},\"datePublished\":\"2026-02-12T17:30:19-03:00\",\"dateModified\":\"2026-02-12T17:30:19-03:00\"},{\"@type\":\"WebSite\",\"@id\":\"https:\\\/\\\/newsinfoco.com.br\\\/inicio\\\/#website\",\"url\":\"https:\\\/\\\/newsinfoco.com.br\\\/inicio\\\/\",\"name\":\"News In Foco - Editado por Caio Pimenta\",\"description\":\"O principal site de noticias de Alagoinhas e regi\\u00e3o\",\"inLanguage\":\"pt-BR\",\"publisher\":{\"@id\":\"https:\\\/\\\/newsinfoco.com.br\\\/inicio\\\/#organization\"}}]}\n\t\t<\/script>\n\t\t<!-- All in One SEO -->\n\n","aioseo_head_json":{"title":"T\u00e9cnico de enfermagem \u00e9 preso, suspeito de abusar sexualmente de colegas e pacientes - News In Foco - Editado por Caio Pimenta","description":"Um t\u00e9cnico de enfermagem, de 69 anos, foi preso na cidade de El\u00edsio Medrado, cidade localizada a 230 quil\u00f4metros de Salvador. O servidor do hospital \u00e9 suspeito de abusar sexualmente de pacientes e de colegas de trabalho do Hospital Municipal. A pris\u00e3o ocorreu na \u00faltima ter\u00e7a-feira (10), ap\u00f3s o t\u00e9cnico de enfermagem se apresentar voluntariamente","canonical_url":"https:\/\/newsinfoco.com.br\/inicio\/tecnico-de-enfermagem-e-preso-suspeito-de-abusar-sexualmente-de-colegas-e-pacientes\/","robots":"max-image-preview:large","keywords":"","webmasterTools":{"miscellaneous":""},"schema":{"@context":"https:\/\/schema.org","@graph":[{"@type":"BlogPosting","@id":"https:\/\/newsinfoco.com.br\/inicio\/tecnico-de-enfermagem-e-preso-suspeito-de-abusar-sexualmente-de-colegas-e-pacientes\/#blogposting","name":"T\u00e9cnico de enfermagem \u00e9 preso, suspeito de abusar sexualmente de colegas e pacientes - News In Foco - Editado por Caio Pimenta","headline":"T\u00e9cnico de enfermagem \u00e9 preso, suspeito de abusar sexualmente de colegas e pacientes","author":{"@id":"https:\/\/newsinfoco.com.br\/inicio\/author\/administrador\/#author"},"publisher":{"@id":"https:\/\/newsinfoco.com.br\/inicio\/#organization"},"image":{"@type":"ImageObject","url":"https:\/\/newsinfoco.com.br\/inicio\/wp-content\/uploads\/2026\/02\/prisao.jpg","width":600,"height":420},"datePublished":"2026-02-12T17:30:19-03:00","dateModified":"2026-02-12T17:30:19-03:00","inLanguage":"pt-BR","mainEntityOfPage":{"@id":"https:\/\/newsinfoco.com.br\/inicio\/tecnico-de-enfermagem-e-preso-suspeito-de-abusar-sexualmente-de-colegas-e-pacientes\/#webpage"},"isPartOf":{"@id":"https:\/\/newsinfoco.com.br\/inicio\/tecnico-de-enfermagem-e-preso-suspeito-de-abusar-sexualmente-de-colegas-e-pacientes\/#webpage"},"articleSection":"Bahia"},{"@type":"BreadcrumbList","@id":"https:\/\/newsinfoco.com.br\/inicio\/tecnico-de-enfermagem-e-preso-suspeito-de-abusar-sexualmente-de-colegas-e-pacientes\/#breadcrumblist","itemListElement":[{"@type":"ListItem","@id":"https:\/\/newsinfoco.com.br\/inicio#listItem","position":1,"name":"In\u00edcio","item":"https:\/\/newsinfoco.com.br\/inicio","nextItem":{"@type":"ListItem","@id":"https:\/\/newsinfoco.com.br\/inicio\/category\/bahia\/#listItem","name":"Bahia"}},{"@type":"ListItem","@id":"https:\/\/newsinfoco.com.br\/inicio\/category\/bahia\/#listItem","position":2,"name":"Bahia","item":"https:\/\/newsinfoco.com.br\/inicio\/category\/bahia\/","nextItem":{"@type":"ListItem","@id":"https:\/\/newsinfoco.com.br\/inicio\/tecnico-de-enfermagem-e-preso-suspeito-de-abusar-sexualmente-de-colegas-e-pacientes\/#listItem","name":"T\u00e9cnico de enfermagem \u00e9 preso, suspeito de abusar sexualmente de colegas e pacientes"},"previousItem":{"@type":"ListItem","@id":"https:\/\/newsinfoco.com.br\/inicio#listItem","name":"In\u00edcio"}},{"@type":"ListItem","@id":"https:\/\/newsinfoco.com.br\/inicio\/tecnico-de-enfermagem-e-preso-suspeito-de-abusar-sexualmente-de-colegas-e-pacientes\/#listItem","position":3,"name":"T\u00e9cnico de enfermagem \u00e9 preso, suspeito de abusar sexualmente de colegas e pacientes","previousItem":{"@type":"ListItem","@id":"https:\/\/newsinfoco.com.br\/inicio\/category\/bahia\/#listItem","name":"Bahia"}}]},{"@type":"Organization","@id":"https:\/\/newsinfoco.com.br\/inicio\/#organization","name":"News In Foco - Editado por Caio Pimenta","description":"O principal site de noticias de Alagoinhas e regi\u00e3o","url":"https:\/\/newsinfoco.com.br\/inicio\/"},{"@type":"Person","@id":"https:\/\/newsinfoco.com.br\/inicio\/author\/administrador\/#author","url":"https:\/\/newsinfoco.com.br\/inicio\/author\/administrador\/","name":"administrador","image":{"@type":"ImageObject","@id":"https:\/\/newsinfoco.com.br\/inicio\/tecnico-de-enfermagem-e-preso-suspeito-de-abusar-sexualmente-de-colegas-e-pacientes\/#authorImage","url":"https:\/\/secure.gravatar.com\/avatar\/c17a617433de8c1dc9584bb79aab7563b46f5bb7e1728c9b17d9cc3ce6a08e49?s=96&d=mm&r=g","width":96,"height":96,"caption":"administrador"}},{"@type":"WebPage","@id":"https:\/\/newsinfoco.com.br\/inicio\/tecnico-de-enfermagem-e-preso-suspeito-de-abusar-sexualmente-de-colegas-e-pacientes\/#webpage","url":"https:\/\/newsinfoco.com.br\/inicio\/tecnico-de-enfermagem-e-preso-suspeito-de-abusar-sexualmente-de-colegas-e-pacientes\/","name":"T\u00e9cnico de enfermagem \u00e9 preso, suspeito de abusar sexualmente de colegas e pacientes - News In Foco - Editado por Caio Pimenta","description":"Um t\u00e9cnico de enfermagem, de 69 anos, foi preso na cidade de El\u00edsio Medrado, cidade localizada a 230 quil\u00f4metros de Salvador. O servidor do hospital \u00e9 suspeito de abusar sexualmente de pacientes e de colegas de trabalho do Hospital Municipal. A pris\u00e3o ocorreu na \u00faltima ter\u00e7a-feira (10), ap\u00f3s o t\u00e9cnico de enfermagem se apresentar voluntariamente","inLanguage":"pt-BR","isPartOf":{"@id":"https:\/\/newsinfoco.com.br\/inicio\/#website"},"breadcrumb":{"@id":"https:\/\/newsinfoco.com.br\/inicio\/tecnico-de-enfermagem-e-preso-suspeito-de-abusar-sexualmente-de-colegas-e-pacientes\/#breadcrumblist"},"author":{"@id":"https:\/\/newsinfoco.com.br\/inicio\/author\/administrador\/#author"},"creator":{"@id":"https:\/\/newsinfoco.com.br\/inicio\/author\/administrador\/#author"},"image":{"@type":"ImageObject","url":"https:\/\/newsinfoco.com.br\/inicio\/wp-content\/uploads\/2026\/02\/prisao.jpg","@id":"https:\/\/newsinfoco.com.br\/inicio\/tecnico-de-enfermagem-e-preso-suspeito-de-abusar-sexualmente-de-colegas-e-pacientes\/#mainImage","width":600,"height":420},"primaryImageOfPage":{"@id":"https:\/\/newsinfoco.com.br\/inicio\/tecnico-de-enfermagem-e-preso-suspeito-de-abusar-sexualmente-de-colegas-e-pacientes\/#mainImage"},"datePublished":"2026-02-12T17:30:19-03:00","dateModified":"2026-02-12T17:30:19-03:00"},{"@type":"WebSite","@id":"https:\/\/newsinfoco.com.br\/inicio\/#website","url":"https:\/\/newsinfoco.com.br\/inicio\/","name":"News In Foco - Editado por Caio Pimenta","description":"O principal site de noticias de Alagoinhas e regi\u00e3o","inLanguage":"pt-BR","publisher":{"@id":"https:\/\/newsinfoco.com.br\/inicio\/#organization"}}]},"og:locale":"pt_BR","og:site_name":"News In Foco - Editado por Caio Pimenta - O principal site de noticias de Alagoinhas e regi\u00e3o","og:type":"article","og:title":"T\u00e9cnico de enfermagem \u00e9 preso, suspeito de abusar sexualmente de colegas e pacientes - News In Foco - Editado por Caio Pimenta","og:description":"Um t\u00e9cnico de enfermagem, de 69 anos, foi preso na cidade de El\u00edsio Medrado, cidade localizada a 230 quil\u00f4metros de Salvador. O servidor do hospital \u00e9 suspeito de abusar sexualmente de pacientes e de colegas de trabalho do Hospital Municipal. A pris\u00e3o ocorreu na \u00faltima ter\u00e7a-feira (10), ap\u00f3s o t\u00e9cnico de enfermagem se apresentar voluntariamente","og:url":"https:\/\/newsinfoco.com.br\/inicio\/tecnico-de-enfermagem-e-preso-suspeito-de-abusar-sexualmente-de-colegas-e-pacientes\/","article:published_time":"2026-02-12T20:30:19+00:00","article:modified_time":"2026-02-12T20:30:19+00:00","twitter:card":"summary_large_image","twitter:title":"T\u00e9cnico de enfermagem \u00e9 preso, suspeito de abusar sexualmente de colegas e pacientes - News In Foco - Editado por Caio Pimenta","twitter:description":"Um t\u00e9cnico de enfermagem, de 69 anos, foi preso na cidade de El\u00edsio Medrado, cidade localizada a 230 quil\u00f4metros de Salvador. O servidor do hospital \u00e9 suspeito de abusar sexualmente de pacientes e de colegas de trabalho do Hospital Municipal. A pris\u00e3o ocorreu na \u00faltima ter\u00e7a-feira (10), ap\u00f3s o t\u00e9cnico de enfermagem se apresentar voluntariamente"},"aioseo_meta_data":{"post_id":"48776","title":null,"description":null,"keywords":null,"keyphrases":{"focus":{"keyphrase":"","score":0,"analysis":{"keyphraseInTitle":{"score":0,"maxScore":9,"error":1}}},"additional":[]},"primary_term":null,"canonical_url":null,"og_title":null,"og_description":null,"og_object_type":"default","og_image_type":"default","og_image_url":null,"og_image_width":null,"og_image_height":null,"og_image_custom_url":null,"og_image_custom_fields":null,"og_video":"","og_custom_url":null,"og_article_section":null,"og_article_tags":null,"twitter_use_og":false,"twitter_card":"default","twitter_image_type":"default","twitter_image_url":null,"twitter_image_custom_url":null,"twitter_image_custom_fields":null,"twitter_title":null,"twitter_description":null,"schema":{"blockGraphs":[],"customGraphs":[],"default":{"data":{"Article":[],"Course":[],"Dataset":[],"FAQPage":[],"Movie":[],"Person":[],"Product":[],"ProductReview":[],"Car":[],"Recipe":[],"Service":[],"SoftwareApplication":[],"WebPage":[]},"graphName":"BlogPosting","isEnabled":true},"graphs":[]},"schema_type":"default","schema_type_options":null,"pillar_content":false,"robots_default":true,"robots_noindex":false,"robots_noarchive":false,"robots_nosnippet":false,"robots_nofollow":false,"robots_noimageindex":false,"robots_noodp":false,"robots_notranslate":false,"robots_max_snippet":"-1","robots_max_videopreview":"-1","robots_max_imagepreview":"large","priority":null,"frequency":"default","local_seo":null,"breadcrumb_settings":null,"limit_modified_date":false,"ai":{"faqs":[],"keyPoints":[],"titles":[],"descriptions":[],"socialPosts":{"email":[],"linkedin":[],"twitter":[],"facebook":[],"instagram":[]}},"created":"2026-02-12 20:30:19","updated":"2026-02-12 20:40:54","seo_analyzer_scan_date":null},"aioseo_breadcrumb":"<div class=\"aioseo-breadcrumbs\"><span class=\"aioseo-breadcrumb\">\n\t\t\t<a href=\"https:\/\/newsinfoco.com.br\/inicio\" title=\"In\u00edcio\">In\u00edcio<\/a>\n\t\t<\/span><span class=\"aioseo-breadcrumb-separator\">&raquo;<\/span><span class=\"aioseo-breadcrumb\">\n\t\t\t<a href=\"https:\/\/newsinfoco.com.br\/inicio\/category\/bahia\/\" title=\"Bahia\">Bahia<\/a>\n\t\t<\/span><span class=\"aioseo-breadcrumb-separator\">&raquo;<\/span><span class=\"aioseo-breadcrumb\">\n\t\t\tT\u00e9cnico de enfermagem \u00e9 preso, suspeito de abusar sexualmente de colegas e pacientes\n\t\t<\/span><\/div>","aioseo_breadcrumb_json":[{"label":"In\u00edcio","link":"https:\/\/newsinfoco.com.br\/inicio"},{"label":"Bahia","link":"https:\/\/newsinfoco.com.br\/inicio\/category\/bahia\/"},{"label":"T\u00e9cnico de enfermagem \u00e9 preso, suspeito de abusar sexualmente de colegas e pacientes","link":"https:\/\/newsinfoco.com.br\/inicio\/tecnico-de-enfermagem-e-preso-suspeito-de-abusar-sexualmente-de-colegas-e-pacientes\/"}],"_links":{"self":[{"href":"https:\/\/newsinfoco.com.br\/inicio\/wp-json\/wp\/v2\/posts\/48776","targetHints":{"allow":["GET"]}}],"collection":[{"href":"https:\/\/newsinfoco.com.br\/inicio\/wp-json\/wp\/v2\/posts"}],"about":[{"href":"https:\/\/newsinfoco.com.br\/inicio\/wp-json\/wp\/v2\/types\/post"}],"author":[{"embeddable":true,"href":"https:\/\/newsinfoco.com.br\/inicio\/wp-json\/wp\/v2\/users\/1"}],"replies":[{"embeddable":true,"href":"https:\/\/newsinfoco.com.br\/inicio\/wp-json\/wp\/v2\/comments?post=48776"}],"version-history":[{"count":1,"href":"https:\/\/newsinfoco.com.br\/inicio\/wp-json\/wp\/v2\/posts\/48776\/revisions"}],"predecessor-version":[{"id":48778,"href":"https:\/\/newsinfoco.com.br\/inicio\/wp-json\/wp\/v2\/posts\/48776\/revisions\/48778"}],"wp:featuredmedia":[{"embeddable":true,"href":"https:\/\/newsinfoco.com.br\/inicio\/wp-json\/wp\/v2\/media\/48777"}],"wp:attachment":[{"href":"https:\/\/newsinfoco.com.br\/inicio\/wp-json\/wp\/v2\/media?parent=48776"}],"wp:term":[{"taxonomy":"category","embeddable":true,"href":"https:\/\/newsinfoco.com.br\/inicio\/wp-json\/wp\/v2\/categories?post=48776"},{"taxonomy":"post_tag","embeddable":true,"href":"https:\/\/newsinfoco.com.br\/inicio\/wp-json\/wp\/v2\/tags?post=48776"}],"curies":[{"name":"wp","href":"https:\/\/api.w.org\/{rel}","templated":true}]}}